{"id":99283,"date":"2025-05-19T23:20:04","date_gmt":"2025-05-20T03:20:04","guid":{"rendered":"https:\/\/lasprimeras.com.do\/?p=99283"},"modified":"2025-05-19T23:20:04","modified_gmt":"2025-05-20T03:20:04","slug":"senado-inaugura-exposicion-museografica-para-honrar-al-coronel-rafael-tomas-fernandez-dominguez","status":"publish","type":"post","link":"https:\/\/lasprimeras.com.do\/index.php\/2025\/05\/19\/senado-inaugura-exposicion-museografica-para-honrar-al-coronel-rafael-tomas-fernandez-dominguez\/","title":{"rendered":"Senado inaugura exposici\u00f3n museogr\u00e1fica para honrar al coronel Rafael Tom\u00e1s Fern\u00e1ndez Dom\u00ednguez"},"content":{"rendered":"\n<p><strong>La actividad forma parte de la conmemoraci\u00f3n, por el 60 aniversario de su asesinato.<\/strong><\/p>\n\n\n\n<p>Con el objetivo de rendir tributo por el 60 aniversario del asesinato del coronel Rafael Fern\u00e1ndez Dom\u00ednguez, el Senado de la Rep\u00fablica dio apertura a la exposici\u00f3n museogr\u00e1fica \u201cHonor, Patria y Dignidad: Legado vivo del coronel de abril\u201d, con el prop\u00f3sito de honrar su memoria, vida coraje, dignidad y amor incondicional por la patria.<\/p>\n\n\n\n<p>El acto estuvo encabezado por el presidente del Senado, Ricardo de los Santos; Alfredo Pacheco, presidente de la C\u00e1mara de Diputados; Tony Raful Tejada, embajador ante el Reino de Espa\u00f1a; Milagros Ortiz Bosch, directora de la Direcci\u00f3n General de \u00c9tica e Integridad Gubernamental; as\u00ed como por los hijos del coronel Fern\u00e1ndez Dom\u00ednguez, Ludovino e Ingrid Fern\u00e1ndez.<\/p>\n\n\n\n<p>Las palabras de bienvenida estuvieron a cargo del presidente de la C\u00e1mara Alta, Ricardo de los Santos, quien resalt\u00f3 el legado del patriota, manifestando que el Congreso de la Rep\u00fablica, mediante la Ley 58-99 de fecha 11 de junio del 1999, declar\u00f3 al coronel Rafael Tom\u00e1s Fern\u00e1ndez Dom\u00ednguez como H\u00e9roe Nacional, reconociendo con profundo respeto, su valor y gallard\u00eda.<\/p>\n\n\n\n<p>\u201cUn hombre que so\u00f1\u00f3 con un pa\u00eds m\u00e1s justo, y que estuvo dispuesto a sacrificarlo todo para hacerlo realidad. Su lealtad sin reservas obedeci\u00f3 a los m\u00e1s nobles ideales que pueden habitar en el alma de un ser humano: la libertad y la soberan\u00eda de su pueblo\u201d, refiri\u00f3 De los Santos.<\/p>\n\n\n\n<p>El senador por la provincia S\u00e1nchez Ram\u00edrez, apunt\u00f3 que, \u201cNosotros, como naci\u00f3n, estamos cumpliendo con nuestro deber sagrado de mantener viva la llama de su ejemplo\u201d.<\/p>\n\n\n\n<p>En la actividad, el tambi\u00e9n historiador y embajador ante el Reino de Espa\u00f1a, Tony Raful Tejada, resalt\u00f3 la vida y el legado hist\u00f3rico y moral del coronel Rafael Tom\u00e1s Fern\u00e1ndez Dom\u00ednguez, una de las figuras m\u00e1s emblem\u00e1ticas del movimiento constitucionalista de 1965, quien entreg\u00f3 su vida en defensa de la soberan\u00eda, la democracia y la institucionalidad del pa\u00eds.<\/p>\n\n\n\n<p>Uno de los momentos m\u00e1s emotivos del acto fue la presencia de los hijos de Fern\u00e1ndez Dom\u00ednguez, y las profundas palabras pronunciadas por su hija Ingrid Fern\u00e1ndez, quien, en una carta escrita por los hijos, agradeci\u00f3 el homenaje realizado al destacado h\u00e9roe donde reafirm\u00f3 el compromiso de mantener viva la memoria y los valores por los que luch\u00f3 su padre.<\/p>\n\n\n\n<p>En la exposici\u00f3n, que est\u00e1 abierta al p\u00fablico, se exhiben documentos hist\u00f3ricos, fotograf\u00edas, piezas personales, y testimonios sobre la vida, ideales y acciones del coronel Rafael Tom\u00e1s Fern\u00e1ndez Dom\u00ednguez, con el prop\u00f3sito de educar a las nuevas generaciones sobre el papel trascendental en la historia reciente de la Rep\u00fablica Dominicana.<\/p>\n\n\n\n<p>La iniciativa forma parte de las actividades conmemorativas, organizadas por el Congreso Nacional, en conjunto con la Fundaci\u00f3n Fern\u00e1ndez Dom\u00ednguez, para exaltar el valor, patriotismo, la dignidad y el servicio a la naci\u00f3n.<\/p>\n\n\n\n<p>El acto solemne, cargado de simbolismo patri\u00f3tico, cont\u00f3 con la asistencia de senadores, diputados, familiares, y personalidades del \u00e1mbito pol\u00edtico, diplom\u00e1tico y militar.<\/p>\n","protected":false},"excerpt":{"rendered":"<p>La actividad forma parte de la conmemoraci\u00f3n, por el 60 aniversario de su asesinato. Con el objetivo de rendir tributo por el 60 aniversario del asesinato del coronel Rafael Fern\u00e1ndez&hellip;<\/p>\n","protected":false},"author":2,"featured_media":99284,"comment_status":"open","ping_status":"open","sticky":false,"template":"","format":"standard","meta":{"content-type":"","jetpack_post_was_ever_published":false,"_jetpack_newsletter_access":"","_jetpack_dont_email_post_to_subs":false,"_jetpack_newsletter_tier_id":0,"_jetpack_memberships_contains_paywalled_content":false,"_jetpack_memberships_contains_paid_content":false,"footnotes":""},"categories":[35,25],"tags":[4197,1541,19705,7414,413],"class_list":["post-99283","post","type-post","status-publish","format-standard","has-post-thumbnail","hentry","category-nacionales","category-portada","tag-coronel","tag-exposicion","tag-museografica","tag-rafael-tomas-fernandez-dominguez","tag-senado"],"jetpack_featured_media_url":"https:\/\/lasprimeras.com.do\/wp-content\/uploads\/2025\/05\/senado-expo.jpg","jetpack-related-posts":[{"id":99233,"url":"https:\/\/lasprimeras.com.do\/index.php\/2025\/05\/19\/en-homenaje-a-fernandez-dominguez\/","url_meta":{"origin":99283,"position":0},"title":"En Homenaje a Fern\u00e1ndez Dom\u00ednguez","author":"Nelson Feliz","date":"19 de mayo de 2025","format":false,"excerpt":"El PLD reconoce este d\u00eda al Coronel Rafael Tomas Fern\u00e1ndez Dom\u00ednguez en el 60 aniversario de su muerte en el intento por tomar el Palacio Nacional en manos de las tropas invasoras. El Partido de la Liberaci\u00f3n Dominicana (PLD) tributa este d\u00eda al coronel Rafael Tom\u00e1s Fern\u00e1ndez Dom\u00ednguez, quien falleciera\u2026","rel":"","context":"En \u00abHISTORIA\u00bb","block_context":{"text":"HISTORIA","link":"https:\/\/lasprimeras.com.do\/index.php\/category\/historia\/"},"img":{"alt_text":"Rafael Tomas Fern\u00e1ndez Dom\u00ednguez","src":"https:\/\/i0.wp.com\/lasprimeras.com.do\/wp-content\/uploads\/2025\/05\/Rafael-Tomas-Fernandez-Dominguez.jpg?resize=350%2C200&ssl=1","width":350,"height":200,"srcset":"https:\/\/i0.wp.com\/lasprimeras.com.do\/wp-content\/uploads\/2025\/05\/Rafael-Tomas-Fernandez-Dominguez.jpg?resize=350%2C200&ssl=1 1x, https:\/\/i0.wp.com\/lasprimeras.com.do\/wp-content\/uploads\/2025\/05\/Rafael-Tomas-Fernandez-Dominguez.jpg?resize=525%2C300&ssl=1 1.5x, https:\/\/i0.wp.com\/lasprimeras.com.do\/wp-content\/uploads\/2025\/05\/Rafael-Tomas-Fernandez-Dominguez.jpg?resize=700%2C400&ssl=1 2x"},"classes":[]},{"id":60195,"url":"https:\/\/lasprimeras.com.do\/index.php\/2023\/09\/11\/alcalde-sde-anuncia-desvelizamiento-estatua-y-tanque-de-guerra-del-coronel-fernandez-dominguez\/","url_meta":{"origin":99283,"position":1},"title":"Alcalde SDE anuncia desvelizamiento estatua y tanque de guerra del coronel Fern\u00e1ndez Dom\u00ednguez","author":"Nelson Feliz","date":"11 de septiembre de 2023","format":false,"excerpt":"Por Martin Restituyo El alcalde de Santo Domingo Este, Manuel Jim\u00e9nez, anunci\u00f3 este lunes el desvelizamiento de una composici\u00f3n escult\u00f3rica del coronel Rafael Tom\u00e1s Fern\u00e1ndez Dom\u00ednguez y un tanque militar de guerra utilizado en la Revoluci\u00f3n de Abril del 1965, en un acto donde se conmemorar\u00e1 el 89 aniversario de\u2026","rel":"","context":"En \u00abHISTORIA\u00bb","block_context":{"text":"HISTORIA","link":"https:\/\/lasprimeras.com.do\/index.php\/category\/historia\/"},"img":{"alt_text":"Manuel Jimenez","src":"https:\/\/i0.wp.com\/lasprimeras.com.do\/wp-content\/uploads\/2023\/09\/Manuel-Jimenez-1.jpg?resize=350%2C200&ssl=1","width":350,"height":200,"srcset":"https:\/\/i0.wp.com\/lasprimeras.com.do\/wp-content\/uploads\/2023\/09\/Manuel-Jimenez-1.jpg?resize=350%2C200&ssl=1 1x, https:\/\/i0.wp.com\/lasprimeras.com.do\/wp-content\/uploads\/2023\/09\/Manuel-Jimenez-1.jpg?resize=525%2C300&ssl=1 1.5x, https:\/\/i0.wp.com\/lasprimeras.com.do\/wp-content\/uploads\/2023\/09\/Manuel-Jimenez-1.jpg?resize=700%2C400&ssl=1 2x"},"classes":[]},{"id":97608,"url":"https:\/\/lasprimeras.com.do\/index.php\/2025\/04\/24\/guillermo-moreno-llama-a-seguir-fortaleciendo-la-soberania-nacional-y-el-respeto-a-la-democracia-en-el-pais\/","url_meta":{"origin":99283,"position":2},"title":"Guillermo Moreno llama a seguir fortaleciendo la soberan\u00eda nacional y el respeto a la democracia en el pa\u00eds","author":"Nelson Feliz","date":"24 de abril de 2025","format":false,"excerpt":"Habl\u00f3 tras depositar una Ofrenda Floral en honor a los h\u00e9roes nacionales, coroneles Francisco Alberto Caama\u00f1o De\u00f1\u00f3 y Tom\u00e1s Fern\u00e1ndez Dom\u00ednguez. El Partido Alianza Pa\u00eds (AlPais), a trav\u00e9s de su presidente Guillermo Moreno, exhort\u00f3 a la poblaci\u00f3n dominicana a emular el legado de valent\u00eda y principios democr\u00e1ticos de los h\u00e9roes\u2026","rel":"","context":"En \u00abPOLITICA\u00bb","block_context":{"text":"POLITICA","link":"https:\/\/lasprimeras.com.do\/index.php\/category\/politica\/"},"img":{"alt_text":"Guillermo Moreno","src":"https:\/\/i0.wp.com\/lasprimeras.com.do\/wp-content\/uploads\/2025\/04\/Guillermo-Moreno.jpg?resize=350%2C200&ssl=1","width":350,"height":200,"srcset":"https:\/\/i0.wp.com\/lasprimeras.com.do\/wp-content\/uploads\/2025\/04\/Guillermo-Moreno.jpg?resize=350%2C200&ssl=1 1x, https:\/\/i0.wp.com\/lasprimeras.com.do\/wp-content\/uploads\/2025\/04\/Guillermo-Moreno.jpg?resize=525%2C300&ssl=1 1.5x, https:\/\/i0.wp.com\/lasprimeras.com.do\/wp-content\/uploads\/2025\/04\/Guillermo-Moreno.jpg?resize=700%2C400&ssl=1 2x"},"classes":[]},{"id":60657,"url":"https:\/\/lasprimeras.com.do\/index.php\/2023\/09\/17\/alcalde-manuel-jimenez-y-fuerza-aerea-inauguran-composicion-monumental-dedicada-a-fernandez-dominguez\/","url_meta":{"origin":99283,"position":3},"title":"Alcalde Manuel Jim\u00e9nez y Fuerza A\u00e9rea inauguran composici\u00f3n monumental dedicada a Fern\u00e1ndez Dom\u00ednguez","author":"Nelson Feliz","date":"17 de septiembre de 2023","format":false,"excerpt":"El Ayuntamiento y la FARD develizaron dos estatuas y un tanque de guerra en el nuevo paseo de la historia de Santo Domingo Este. Por Martin Restituyo El alcalde Manuel Jim\u00e9nez y representantes del alto mando de las Fuerzas Armadas de Rep\u00fablica Dominicana develizaron este domingo una composici\u00f3n monumental dedicada\u2026","rel":"","context":"En \u00abNACIONALES\u00bb","block_context":{"text":"NACIONALES","link":"https:\/\/lasprimeras.com.do\/index.php\/category\/nacionales\/"},"img":{"alt_text":"Manuel Jimenez","src":"https:\/\/i0.wp.com\/lasprimeras.com.do\/wp-content\/uploads\/2023\/09\/MANUEL-JIMENEZ-4.jpg?resize=350%2C200&ssl=1","width":350,"height":200,"srcset":"https:\/\/i0.wp.com\/lasprimeras.com.do\/wp-content\/uploads\/2023\/09\/MANUEL-JIMENEZ-4.jpg?resize=350%2C200&ssl=1 1x, https:\/\/i0.wp.com\/lasprimeras.com.do\/wp-content\/uploads\/2023\/09\/MANUEL-JIMENEZ-4.jpg?resize=525%2C300&ssl=1 1.5x, https:\/\/i0.wp.com\/lasprimeras.com.do\/wp-content\/uploads\/2023\/09\/MANUEL-JIMENEZ-4.jpg?resize=700%2C400&ssl=1 2x"},"classes":[]},{"id":68737,"url":"https:\/\/lasprimeras.com.do\/index.php\/2023\/11\/27\/asde-inaugura-estatua-monumental-dedicada-a-manolo-tavarez-justo\/","url_meta":{"origin":99283,"position":4},"title":"ASDE inaugura estatua monumental dedicada a Manolo Tav\u00e1rez Justo","author":"Nelson Feliz","date":"27 de noviembre de 2023","format":false,"excerpt":"EL ALCALDE MANUEL JIM\u00c9NEZ Y FAMILIARES DE MANOLO DEVELIZARON LA OBRA EN EL PASEO DE LA HISTORIA CREADO POR LA ACTUAL GESTI\u00d3N MUNICIPAL. El alcalde de Santo Domingo Este, Manuel Jim\u00e9nez, familiares y ex integrantes del Movimiento 14 de Junio develizaron una estatua monumental dedicada a Manuel Aurelio Tav\u00e1rez Justo\u2026","rel":"","context":"En \u00abNACIONALES\u00bb","block_context":{"text":"NACIONALES","link":"https:\/\/lasprimeras.com.do\/index.php\/category\/nacionales\/"},"img":{"alt_text":"Manolo Tav\u00e1rez Justo","src":"https:\/\/i0.wp.com\/lasprimeras.com.do\/wp-content\/uploads\/2023\/11\/Manolo-Tavarez-Justo.jpg?resize=350%2C200&ssl=1","width":350,"height":200,"srcset":"https:\/\/i0.wp.com\/lasprimeras.com.do\/wp-content\/uploads\/2023\/11\/Manolo-Tavarez-Justo.jpg?resize=350%2C200&ssl=1 1x, https:\/\/i0.wp.com\/lasprimeras.com.do\/wp-content\/uploads\/2023\/11\/Manolo-Tavarez-Justo.jpg?resize=525%2C300&ssl=1 1.5x, https:\/\/i0.wp.com\/lasprimeras.com.do\/wp-content\/uploads\/2023\/11\/Manolo-Tavarez-Justo.jpg?resize=700%2C400&ssl=1 2x"},"classes":[]},{"id":93216,"url":"https:\/\/lasprimeras.com.do\/index.php\/2025\/01\/26\/presidente-del-senado-exhorta-a-honrar-el-legado-del-patricio-juan-pablo-duarte\/","url_meta":{"origin":99283,"position":5},"title":"Presidente del Senado exhorta a honrar el legado del patricio Juan Pablo Duarte","author":"Nelson Feliz","date":"26 de enero de 2025","format":false,"excerpt":"El presidente del Senado, Ricardo de los Santos, exhort\u00f3 este domingo fecha en que se conmemora el 212 aniversario del natalicio del patricio Juan Pablo Duarte, a honrar su legado como el s\u00edmbolo de libertad y justicia para todos los dominicanos. Record\u00f3 que la visi\u00f3n y sacrificio de Juan Pablo\u2026","rel":"","context":"En \u00abNACIONALES\u00bb","block_context":{"text":"NACIONALES","link":"https:\/\/lasprimeras.com.do\/index.php\/category\/nacionales\/"},"img":{"alt_text":"","src":"https:\/\/i0.wp.com\/lasprimeras.com.do\/wp-content\/uploads\/2025\/01\/Ricardo-de-los-Santos-02.jpg?resize=350%2C200&ssl=1","width":350,"height":200,"srcset":"https:\/\/i0.wp.com\/lasprimeras.com.do\/wp-content\/uploads\/2025\/01\/Ricardo-de-los-Santos-02.jpg?resize=350%2C200&ssl=1 1x, https:\/\/i0.wp.com\/lasprimeras.com.do\/wp-content\/uploads\/2025\/01\/Ricardo-de-los-Santos-02.jpg?resize=525%2C300&ssl=1 1.5x, https:\/\/i0.wp.com\/lasprimeras.com.do\/wp-content\/uploads\/2025\/01\/Ricardo-de-los-Santos-02.jpg?resize=700%2C400&ssl=1 2x"},"classes":[]}],"jetpack_sharing_enabled":true,"_links":{"self":[{"href":"https:\/\/lasprimeras.com.do\/index.php\/wp-json\/wp\/v2\/posts\/99283","targetHints":{"allow":["GET"]}}],"collection":[{"href":"https:\/\/lasprimeras.com.do\/index.php\/wp-json\/wp\/v2\/posts"}],"about":[{"href":"https:\/\/lasprimeras.com.do\/index.php\/wp-json\/wp\/v2\/types\/post"}],"author":[{"embeddable":true,"href":"https:\/\/lasprimeras.com.do\/index.php\/wp-json\/wp\/v2\/users\/2"}],"replies":[{"embeddable":true,"href":"https:\/\/lasprimeras.com.do\/index.php\/wp-json\/wp\/v2\/comments?post=99283"}],"version-history":[{"count":1,"href":"https:\/\/lasprimeras.com.do\/index.php\/wp-json\/wp\/v2\/posts\/99283\/revisions"}],"predecessor-version":[{"id":99285,"href":"https:\/\/lasprimeras.com.do\/index.php\/wp-json\/wp\/v2\/posts\/99283\/revisions\/99285"}],"wp:featuredmedia":[{"embeddable":true,"href":"https:\/\/lasprimeras.com.do\/index.php\/wp-json\/wp\/v2\/media\/99284"}],"wp:attachment":[{"href":"https:\/\/lasprimeras.com.do\/index.php\/wp-json\/wp\/v2\/media?parent=99283"}],"wp:term":[{"taxonomy":"category","embeddable":true,"href":"https:\/\/lasprimeras.com.do\/index.php\/wp-json\/wp\/v2\/categories?post=99283"},{"taxonomy":"post_tag","embeddable":true,"href":"https:\/\/lasprimeras.com.do\/index.php\/wp-json\/wp\/v2\/tags?post=99283"}],"curies":[{"name":"wp","href":"https:\/\/api.w.org\/{rel}","templated":true}]}}