{"id":99286,"date":"2025-05-19T23:27:57","date_gmt":"2025-05-20T03:27:57","guid":{"rendered":"https:\/\/lasprimeras.com.do\/?p=99286"},"modified":"2025-05-19T23:27:57","modified_gmt":"2025-05-20T03:27:57","slug":"caasd-interrumpe-suministro-de-agua-en-sde-camion-perfora-tuberia-del-acueducto","status":"publish","type":"post","link":"https:\/\/lasprimeras.com.do\/index.php\/2025\/05\/19\/caasd-interrumpe-suministro-de-agua-en-sde-camion-perfora-tuberia-del-acueducto\/","title":{"rendered":"CAASD interrumpe suministro de agua en SDE, cami\u00f3n perfora tuber\u00eda del acueducto"},"content":{"rendered":"\n<p><strong>Suministro ser\u00e1 interrumpido por un per\u00edodo estimado de 48 a 72 horas en el municipio de Santo Domingo Este.<\/strong><\/p>\n\n\n\n<p>La Corporaci\u00f3n del Acueducto y Alcantarillado de Santo Domingo (CAASD) inform\u00f3 que un cami\u00f3n perteneciente a una empresa privada perfor\u00f3 accidentalmente una tuber\u00eda de 67 pulgadas del acueducto oriental Barrera de Salinidad, obligando a la suspensi\u00f3n del servicio de agua potable en varios sectores del municipio Santo Domingo Este.<\/p>\n\n\n\n<p>En una nota de prensa, la entidad explic\u00f3 que el incidente ocurri\u00f3 mientras se realizaban trabajos de perforaci\u00f3n de un hoyo filtrante en la calle conocida como El Acueducto, en la comunidad de San Luis.<\/p>\n\n\n\n<p>\u201cLa tuber\u00eda afectada, fabricada en hormig\u00f3n armado, forma parte de la l\u00ednea de impulsi\u00f3n del sistema y constituye una de las principales fuentes de abastecimiento de agua de la zona oriental\u201d, dijo la entidad.<\/p>\n\n\n\n<p>El encargado de Operaciones, el ingeniero Luis Salcedo, indic\u00f3 que se trata de una infraestructura vital para el suministro de agua potable en Santo Domingo Este, por lo que esta aver\u00eda ha obligado a interrumpir temporalmente el servicio mientras se llevan a cabo las reparaciones correspondientes.<\/p>\n\n\n\n<p>Adem\u00e1s, inform\u00f3 que una brigada de topograf\u00eda trabaja en la georreferenciaci\u00f3n de dos puntos clave, con el objetivo de precisar la trayectoria de la tuber\u00eda.<\/p>\n\n\n\n<p>\u201cUna vez definidos estos puntos, se proceder\u00e1 a una excavaci\u00f3n en un \u00e1rea externa a la zona afectada, para determinar si el da\u00f1o se encuentra en el lomo del conducto o en una de sus campanas\u201d, detall\u00f3.<\/p>\n\n\n\n<p>Salcedo dijo que la evaluaci\u00f3n ser\u00e1 determinante para definir el tipo de pieza que deber\u00e1 fabricarse a fin de ejecutar la reparaci\u00f3n definitiva.<\/p>\n\n\n\n<p>Mientras tanto, el sistema quedar\u00e1 fuera de operaci\u00f3n a partir del martes 20 de mayo, desde las 8:00 de la noche, con una suspensi\u00f3n del suministro estimada entre 48 y 72 horas.<\/p>\n\n\n\n<p>Los sectores que recibir\u00e1n de manera parcial el suministro por esta suspensi\u00f3n incluyen a San Luis, El Naranjo, San Isidro, El Bonito, Cristo Salvador, Villa Jerusal\u00e9n, Brisas III, IV, V, VI, VII y VIII, Prado Oriental, La Cayena, San Jos\u00e9 de Mendoza, Invivienda, La Gr\u00faa, Mirador del Este, El Rosal, El Italia, La Esperanza, Savica, Los Tres Ojos, Para\u00edso, Brisa del Este, Los Frailes, San Bartolo, Los Molinos, Aguas Locas, Nuevo Amanecer, Tropical del Este, Isabelita I, II y III, as\u00ed como Los Coquitos.<\/p>\n\n\n\n<p>La CAASD asegur\u00f3 que ha desplegado todos los recursos humanos y t\u00e9cnicos necesarios para agilizar los trabajos, y reiter\u00f3 su compromiso de resolver esta situaci\u00f3n en el menor tiempo posible.<\/p>\n\n\n\n<p>Asimismo, la instituci\u00f3n lament\u00f3 los inconvenientes que esta aver\u00eda pueda generar y exhort\u00f3 a los ciudadanos afectados a tomar las medidas de previsi\u00f3n necesarias.<\/p>\n\n\n\n<p>Reafirm\u00f3 adem\u00e1s que mantendr\u00e1 informada a la ciudadan\u00eda sobre el progreso de los trabajos y el tiempo estimado para el restablecimiento del servicio.<\/p>\n","protected":false},"excerpt":{"rendered":"<p>Suministro ser\u00e1 interrumpido por un per\u00edodo estimado de 48 a 72 horas en el municipio de Santo Domingo Este. La Corporaci\u00f3n del Acueducto y Alcantarillado de Santo Domingo (CAASD) inform\u00f3&hellip;<\/p>\n","protected":false},"author":2,"featured_media":99287,"comment_status":"open","ping_status":"open","sticky":false,"template":"","format":"standard","meta":{"content-type":"","jetpack_post_was_ever_published":false,"_jetpack_newsletter_access":"","_jetpack_dont_email_post_to_subs":false,"_jetpack_newsletter_tier_id":0,"_jetpack_memberships_contains_paywalled_content":false,"_jetpack_memberships_contains_paid_content":false,"footnotes":""},"categories":[35,25],"tags":[697],"class_list":["post-99286","post","type-post","status-publish","format-standard","has-post-thumbnail","hentry","category-nacionales","category-portada","tag-caasd"],"jetpack_featured_media_url":"https:\/\/lasprimeras.com.do\/wp-content\/uploads\/2025\/05\/caasd-5.jpg","jetpack-related-posts":[{"id":129378,"url":"https:\/\/lasprimeras.com.do\/index.php\/2026\/04\/30\/camion-perforador-dana-linea-impulsion-y-obliga-cierre-acueducto-oriental\/","url_meta":{"origin":99286,"position":0},"title":"Cami\u00f3n perforador da\u00f1a l\u00ednea impulsi\u00f3n y obliga cierre acueducto Oriental","author":"Nelson Feliz","date":"30 de abril de 2026","format":false,"excerpt":"Por aver\u00edas provocadas por camiones perforadores, la CAASD ha impuesto multa por casi dos millones de pesos. La m\u00e1s reciente fue de 300 mil pesos a la empresa que perfor\u00f3 la l\u00ednea de 48 pulgadas del Campo de Pozos Los Marenos en Santo Domingo Este; antes hab\u00eda impuesto otra multa\u2026","rel":"","context":"En \u00abNACIONALES\u00bb","block_context":{"text":"NACIONALES","link":"https:\/\/lasprimeras.com.do\/index.php\/category\/nacionales\/"},"img":{"alt_text":"","src":"https:\/\/i0.wp.com\/lasprimeras.com.do\/wp-content\/uploads\/2026\/05\/caasd-1.jpg?resize=350%2C200&ssl=1","width":350,"height":200,"srcset":"https:\/\/i0.wp.com\/lasprimeras.com.do\/wp-content\/uploads\/2026\/05\/caasd-1.jpg?resize=350%2C200&ssl=1 1x, https:\/\/i0.wp.com\/lasprimeras.com.do\/wp-content\/uploads\/2026\/05\/caasd-1.jpg?resize=525%2C300&ssl=1 1.5x, https:\/\/i0.wp.com\/lasprimeras.com.do\/wp-content\/uploads\/2026\/05\/caasd-1.jpg?resize=700%2C400&ssl=1 2x"},"classes":[]},{"id":122018,"url":"https:\/\/lasprimeras.com.do\/index.php\/2026\/02\/12\/camion-perforador-provoca-averia-en-linea-de-48-pulgadas-y-afecta-el-servicio-en-sde\/","url_meta":{"origin":99286,"position":1},"title":"Cami\u00f3n perforador provoca aver\u00eda en l\u00ednea de 48 pulgadas y afecta el servicio en SDE","author":"Nelson Feliz","date":"12 de febrero de 2026","format":false,"excerpt":"CAASD advierte empresas da\u00f1en tuber\u00edas ser\u00e1n sancionadas y tendr\u00e1n que pagar cada gal\u00f3n de agua derramado. Un cami\u00f3n perforador, sin permiso de la Corporaci\u00f3n del Acueducto y Alcantarillado de Santo Domingo (CAASD), perfor\u00f3 la l\u00ednea de 48 pulgadas del campo de pozo Los Marenos, que suple de agua potable a\u2026","rel":"","context":"En \u00abNACIONALES\u00bb","block_context":{"text":"NACIONALES","link":"https:\/\/lasprimeras.com.do\/index.php\/category\/nacionales\/"},"img":{"alt_text":"","src":"https:\/\/i0.wp.com\/lasprimeras.com.do\/wp-content\/uploads\/2026\/02\/caasd.jpg?resize=350%2C200&ssl=1","width":350,"height":200,"srcset":"https:\/\/i0.wp.com\/lasprimeras.com.do\/wp-content\/uploads\/2026\/02\/caasd.jpg?resize=350%2C200&ssl=1 1x, https:\/\/i0.wp.com\/lasprimeras.com.do\/wp-content\/uploads\/2026\/02\/caasd.jpg?resize=525%2C300&ssl=1 1.5x, https:\/\/i0.wp.com\/lasprimeras.com.do\/wp-content\/uploads\/2026\/02\/caasd.jpg?resize=700%2C400&ssl=1 2x"},"classes":[]},{"id":99552,"url":"https:\/\/lasprimeras.com.do\/index.php\/2025\/05\/22\/caasd-avanza-en-la-correccion-de-averia-en-tuberia-acueducto-barrera-de-salinidad\/","url_meta":{"origin":99286,"position":2},"title":"CAASD avanza en la correcci\u00f3n de aver\u00eda en tuber\u00eda acueducto Barrera de Salinidad","author":"Nelson Feliz","date":"22 de mayo de 2025","format":false,"excerpt":"La aver\u00eda, provocada por un cami\u00f3n de una empresa privada, mantiene suspendido el suministro de agua en varios sectores de Santo Domingo Este. La Corporaci\u00f3n del Acueducto y Alcantarillado de Santo Domingo (CAASD) inform\u00f3 que avanzan en la etapa final de los trabajos de reparaci\u00f3n de la tuber\u00eda de 67\u2026","rel":"","context":"En \u00abNACIONALES\u00bb","block_context":{"text":"NACIONALES","link":"https:\/\/lasprimeras.com.do\/index.php\/category\/nacionales\/"},"img":{"alt_text":"","src":"https:\/\/i0.wp.com\/lasprimeras.com.do\/wp-content\/uploads\/2025\/05\/caasd.jpg?resize=350%2C200&ssl=1","width":350,"height":200,"srcset":"https:\/\/i0.wp.com\/lasprimeras.com.do\/wp-content\/uploads\/2025\/05\/caasd.jpg?resize=350%2C200&ssl=1 1x, https:\/\/i0.wp.com\/lasprimeras.com.do\/wp-content\/uploads\/2025\/05\/caasd.jpg?resize=525%2C300&ssl=1 1.5x, https:\/\/i0.wp.com\/lasprimeras.com.do\/wp-content\/uploads\/2025\/05\/caasd.jpg?resize=700%2C400&ssl=1 2x"},"classes":[]},{"id":119318,"url":"https:\/\/lasprimeras.com.do\/index.php\/2026\/01\/10\/caasd-realizara-este-sabado-trabajos-de-mantenimiento-en-el-acueducto-la-isabela\/","url_meta":{"origin":99286,"position":3},"title":"CAASD realizar\u00e1 este s\u00e1bado trabajos de mantenimiento en el acueducto La Isabela","author":"Nelson Feliz","date":"10 de enero de 2026","format":false,"excerpt":"El servicio de agua potable se ver\u00e1 limitado de manera temporal en algunos sectores durante la ejecuci\u00f3n de los trabajos La Corporaci\u00f3n del Acueducto y Alcantarillado de Santo Domingo (CAASD) inform\u00f3 que a partir de ma\u00f1ana s\u00e1bado 10 de enero de 2026 el acueducto Isabela estar\u00e1 fuera de servicio debido\u2026","rel":"","context":"En \u00abNACIONALES\u00bb","block_context":{"text":"NACIONALES","link":"https:\/\/lasprimeras.com.do\/index.php\/category\/nacionales\/"},"img":{"alt_text":"","src":"https:\/\/i0.wp.com\/lasprimeras.com.do\/wp-content\/uploads\/2025\/04\/CAASD-2.jpg?resize=350%2C200&ssl=1","width":350,"height":200,"srcset":"https:\/\/i0.wp.com\/lasprimeras.com.do\/wp-content\/uploads\/2025\/04\/CAASD-2.jpg?resize=350%2C200&ssl=1 1x, https:\/\/i0.wp.com\/lasprimeras.com.do\/wp-content\/uploads\/2025\/04\/CAASD-2.jpg?resize=525%2C300&ssl=1 1.5x, https:\/\/i0.wp.com\/lasprimeras.com.do\/wp-content\/uploads\/2025\/04\/CAASD-2.jpg?resize=700%2C400&ssl=1 2x"},"classes":[]},{"id":121371,"url":"https:\/\/lasprimeras.com.do\/index.php\/2026\/02\/03\/fellito-subervi-cerca-de-dos-millones-de-personas-seran-beneficiadas-con-entrada-del-acueducto-barrera-de-salinidad\/","url_meta":{"origin":99286,"position":4},"title":"Fellito Suberv\u00ed: Cerca de dos millones de personas ser\u00e1n beneficiadas con entrada del Acueducto Barrera de Salinidad","author":"Nelson Feliz","date":"3 de febrero de 2026","format":false,"excerpt":"El director de la CAASD anuncia ampliaci\u00f3n y remodelaci\u00f3n de esta planta potabilizadora, que entrar\u00e1 en fase de prueba en las pr\u00f3ximas semanas, constituir\u00e1 un hecho sin precedentes en la historia de la Corporaci\u00f3n del Acueducto y Alcantarillado de Santo Domingo, al producir diariamente m\u00e1s de 136 millones de galones\u2026","rel":"","context":"En \u00abNACIONALES\u00bb","block_context":{"text":"NACIONALES","link":"https:\/\/lasprimeras.com.do\/index.php\/category\/nacionales\/"},"img":{"alt_text":"Fellito Subervi","src":"https:\/\/i0.wp.com\/lasprimeras.com.do\/wp-content\/uploads\/2024\/08\/Fellito-Subervi.jpg?resize=350%2C200&ssl=1","width":350,"height":200,"srcset":"https:\/\/i0.wp.com\/lasprimeras.com.do\/wp-content\/uploads\/2024\/08\/Fellito-Subervi.jpg?resize=350%2C200&ssl=1 1x, https:\/\/i0.wp.com\/lasprimeras.com.do\/wp-content\/uploads\/2024\/08\/Fellito-Subervi.jpg?resize=525%2C300&ssl=1 1.5x, https:\/\/i0.wp.com\/lasprimeras.com.do\/wp-content\/uploads\/2024\/08\/Fellito-Subervi.jpg?resize=700%2C400&ssl=1 2x"},"classes":[]},{"id":108426,"url":"https:\/\/lasprimeras.com.do\/index.php\/2025\/09\/07\/caasd-repara-averia-en-tuberia-de-agua-potable-en-avenida-maximo-gomez-con-nicolas-de-ovando\/","url_meta":{"origin":99286,"position":5},"title":"CAASD repara aver\u00eda en tuber\u00eda de agua potable en avenida M\u00e1ximo G\u00f3mez con Nicol\u00e1s de Ovando","author":"Nelson Feliz","date":"7 de septiembre de 2025","format":false,"excerpt":"La Corporaci\u00f3n del Acueducto y Alcantarillado de Santo Domingo (CAASD) inform\u00f3 que fue solucionada una aver\u00eda en una tuber\u00eda de 16 pulgadas de la red de agua potable, ubicada en la intersecci\u00f3n de las avenidas M\u00e1ximo G\u00f3mez y Nicol\u00e1s de Ovando, en el Distrito Nacional. En un comunicado, la entidad\u2026","rel":"","context":"En \u00abNACIONALES\u00bb","block_context":{"text":"NACIONALES","link":"https:\/\/lasprimeras.com.do\/index.php\/category\/nacionales\/"},"img":{"alt_text":"","src":"https:\/\/i0.wp.com\/lasprimeras.com.do\/wp-content\/uploads\/2025\/09\/CAASD-1-1.jpg?resize=350%2C200&ssl=1","width":350,"height":200,"srcset":"https:\/\/i0.wp.com\/lasprimeras.com.do\/wp-content\/uploads\/2025\/09\/CAASD-1-1.jpg?resize=350%2C200&ssl=1 1x, https:\/\/i0.wp.com\/lasprimeras.com.do\/wp-content\/uploads\/2025\/09\/CAASD-1-1.jpg?resize=525%2C300&ssl=1 1.5x, https:\/\/i0.wp.com\/lasprimeras.com.do\/wp-content\/uploads\/2025\/09\/CAASD-1-1.jpg?resize=700%2C400&ssl=1 2x"},"classes":[]}],"jetpack_sharing_enabled":true,"_links":{"self":[{"href":"https:\/\/lasprimeras.com.do\/index.php\/wp-json\/wp\/v2\/posts\/99286","targetHints":{"allow":["GET"]}}],"collection":[{"href":"https:\/\/lasprimeras.com.do\/index.php\/wp-json\/wp\/v2\/posts"}],"about":[{"href":"https:\/\/lasprimeras.com.do\/index.php\/wp-json\/wp\/v2\/types\/post"}],"author":[{"embeddable":true,"href":"https:\/\/lasprimeras.com.do\/index.php\/wp-json\/wp\/v2\/users\/2"}],"replies":[{"embeddable":true,"href":"https:\/\/lasprimeras.com.do\/index.php\/wp-json\/wp\/v2\/comments?post=99286"}],"version-history":[{"count":1,"href":"https:\/\/lasprimeras.com.do\/index.php\/wp-json\/wp\/v2\/posts\/99286\/revisions"}],"predecessor-version":[{"id":99288,"href":"https:\/\/lasprimeras.com.do\/index.php\/wp-json\/wp\/v2\/posts\/99286\/revisions\/99288"}],"wp:featuredmedia":[{"embeddable":true,"href":"https:\/\/lasprimeras.com.do\/index.php\/wp-json\/wp\/v2\/media\/99287"}],"wp:attachment":[{"href":"https:\/\/lasprimeras.com.do\/index.php\/wp-json\/wp\/v2\/media?parent=99286"}],"wp:term":[{"taxonomy":"category","embeddable":true,"href":"https:\/\/lasprimeras.com.do\/index.php\/wp-json\/wp\/v2\/categories?post=99286"},{"taxonomy":"post_tag","embeddable":true,"href":"https:\/\/lasprimeras.com.do\/index.php\/wp-json\/wp\/v2\/tags?post=99286"}],"curies":[{"name":"wp","href":"https:\/\/api.w.org\/{rel}","templated":true}]}}