{"id":99289,"date":"2025-05-19T23:35:13","date_gmt":"2025-05-20T03:35:13","guid":{"rendered":"https:\/\/lasprimeras.com.do\/?p=99289"},"modified":"2025-05-19T23:35:13","modified_gmt":"2025-05-20T03:35:13","slug":"lf-llama-a-reflexionar-sobre-el-proyecto-de-ley-de-libertad-de-expresion-y-medios-audiovisuales","status":"publish","type":"post","link":"https:\/\/lasprimeras.com.do\/index.php\/2025\/05\/19\/lf-llama-a-reflexionar-sobre-el-proyecto-de-ley-de-libertad-de-expresion-y-medios-audiovisuales\/","title":{"rendered":"LF llama a reflexionar sobre el Proyecto de Ley de Libertad de Expresi\u00f3n y Medios Audiovisuales"},"content":{"rendered":"\n<p>El expresidente de la Rep\u00fablica y presidente del partido Fuerza del Pueblo, Leonel Fern\u00e1ndez, llam\u00f3 a abrir un espacio de reflexi\u00f3n cr\u00edtica sobre el Proyecto de Ley Org\u00e1nica de Libertad de Expresi\u00f3n y Medios Audiovisuales, sometido recientemente al Congreso Nacional por el Poder Ejecutivo.<\/p>\n\n\n\n<p>El planteamiento fue presentado en su columna quincenal &#8220;Observatorio Global&#8221;, donde reconoce como m\u00e9rito del proyecto su intenci\u00f3n de superar el anacronismo de la Ley 6132 sobre expresi\u00f3n y difusi\u00f3n del pensamiento, de 1962, y del Reglamento 824, de 1971. No obstante, advierte sobre deficiencias estructurales y omisiones importantes que, a su juicio, deben ser abordadas antes de su aprobaci\u00f3n.<\/p>\n\n\n\n<p>Fern\u00e1ndez se\u00f1ala que, aunque la iniciativa se sustenta en principios legales nacionales e internacionales y busca regular la libertad de expresi\u00f3n en medios impresos, digitales, audiovisuales y algor\u00edtmicos, existe una incongruencia en el tratamiento de los medios tradicionales.<\/p>\n\n\n\n<p>Subraya que las plataformas digitales reciben atenci\u00f3n prioritaria, mientras que la radio y la televisi\u00f3n modalidades ausentes en la ley vigente son abordadas de forma limitada e insuficiente.<\/p>\n\n\n\n<p>Cuestiona, adem\u00e1s, la ausencia de referencias a tratados internacionales sobre telecomunicaciones, al estatuto legal de las empresas audiovisuales, y a la clasificaci\u00f3n de los diferentes modelos de transmisi\u00f3n televisiva.<\/p>\n\n\n\n<p>Tambi\u00e9n plantea interrogantes esenciales, como los criterios para la distribuci\u00f3n del espectro radioel\u00e9ctrico o las responsabilidades del personal que trabaja en medios audiovisuales.<\/p>\n\n\n\n<p>En el an\u00e1lisis, Fern\u00e1ndez destaca que varios pa\u00edses han comenzado a regular las nuevas formas de comunicaci\u00f3n digital y algor\u00edtmica como la Uni\u00f3n Europea, Espa\u00f1a y Brasil, aunque se trata de un campo todav\u00eda en evoluci\u00f3n.<\/p>\n\n\n\n<p>En ese contexto, cuestiona que el proyecto dominicano proponga reactivar la Comisi\u00f3n de Espect\u00e1culos P\u00fablicos bajo una nueva figura, el Instituto Nacional de Comunicaci\u00f3n Audiovisual (INACOM), con potestades sancionadoras que podr\u00edan generar controversias.<\/p>\n\n\n\n<p>El tambi\u00e9n presidente de la Fundaci\u00f3n Global Democracia y Desarrollo (FUNGLODE) concluye que, aunque el proyecto representa una oportunidad para modernizar el marco legal sobre libertad de expresi\u00f3n, es indispensable someterlo a un debate amplio, riguroso y plural que garantice su coherencia, equidad y respeto a los principios democr\u00e1ticos.<\/p>\n","protected":false},"excerpt":{"rendered":"<p>El expresidente de la Rep\u00fablica y presidente del partido Fuerza del Pueblo, Leonel Fern\u00e1ndez, llam\u00f3 a abrir un espacio de reflexi\u00f3n cr\u00edtica sobre el Proyecto de Ley Org\u00e1nica de Libertad&hellip;<\/p>\n","protected":false},"author":2,"featured_media":99290,"comment_status":"open","ping_status":"open","sticky":false,"template":"","format":"standard","meta":{"content-type":"","jetpack_post_was_ever_published":false,"_jetpack_newsletter_access":"","_jetpack_dont_email_post_to_subs":false,"_jetpack_newsletter_tier_id":0,"_jetpack_memberships_contains_paywalled_content":false,"_jetpack_memberships_contains_paid_content":false,"footnotes":""},"categories":[16559,25],"tags":[51,19251,19706,276,10340],"class_list":["post-99289","post","type-post","status-publish","format-standard","has-post-thumbnail","hentry","category-politica","category-portada","tag-leonel-fernandez","tag-ley-de-libertad-de-expresion","tag-medios-audiovisuales","tag-proyecto","tag-reflexionar"],"jetpack_featured_media_url":"https:\/\/lasprimeras.com.do\/wp-content\/uploads\/2025\/05\/Leonel-Fernandez-1.jpg","jetpack-related-posts":[{"id":100348,"url":"https:\/\/lasprimeras.com.do\/index.php\/2025\/06\/05\/libertad-de-expresion-y-medios-audiovisuales-un-proyecto-para-reflexionar\/","url_meta":{"origin":99289,"position":0},"title":"Libertad de expresi\u00f3n y medios audiovisuales: un proyecto para reflexionar","author":"Nelson Feliz","date":"5 de junio de 2025","format":false,"excerpt":"Leonel Fern\u00e1ndez El Proyecto de Ley Org\u00e1nica de Libertad de Expresi\u00f3n y Medios Audiovisuales, sometido por el Poder Ejecutivo al Congreso Nacional, dispone de una gran virtud: intenta superar el anacronismo de la Ley 6132 sobre expresi\u00f3n y difusi\u00f3n del pensamiento, de 1962, y del Reglamento 824, de 1971, sobre\u2026","rel":"","context":"En \u00abOPINI\u00d3N\u00bb","block_context":{"text":"OPINI\u00d3N","link":"https:\/\/lasprimeras.com.do\/index.php\/category\/opinion\/"},"img":{"alt_text":"Leonel Fern\u00e1ndez","src":"https:\/\/i0.wp.com\/lasprimeras.com.do\/wp-content\/uploads\/2024\/02\/Leonel-Fernandez-8.jpg?resize=350%2C200&ssl=1","width":350,"height":200,"srcset":"https:\/\/i0.wp.com\/lasprimeras.com.do\/wp-content\/uploads\/2024\/02\/Leonel-Fernandez-8.jpg?resize=350%2C200&ssl=1 1x, https:\/\/i0.wp.com\/lasprimeras.com.do\/wp-content\/uploads\/2024\/02\/Leonel-Fernandez-8.jpg?resize=525%2C300&ssl=1 1.5x, https:\/\/i0.wp.com\/lasprimeras.com.do\/wp-content\/uploads\/2024\/02\/Leonel-Fernandez-8.jpg?resize=700%2C400&ssl=1 2x"},"classes":[]},{"id":99464,"url":"https:\/\/lasprimeras.com.do\/index.php\/2025\/05\/21\/comision-especial-del-senado-anuncia-congreso-escuchara-sectores-sobre-ley-libertad-de-expresion\/","url_meta":{"origin":99289,"position":1},"title":"Comisi\u00f3n Especial del Senado anuncia Congreso escuchar\u00e1 sectores sobre Ley Libertad de Expresi\u00f3n","author":"Nelson Feliz","date":"21 de mayo de 2025","format":false,"excerpt":"La presidenta de la Comisi\u00f3n Especial que tiene a su cargo ponderar el estudio del proyecto de Ley Org\u00e1nica de Libertad de Expresi\u00f3n y Medios Audiovisuales anunci\u00f3 que el Congreso est\u00e1 abierto para escuchar a los sectores que deseen aportar a la iniciativa legislativa, remitida por el Poder Ejecutivo. Al\u2026","rel":"","context":"En \u00abNACIONALES\u00bb","block_context":{"text":"NACIONALES","link":"https:\/\/lasprimeras.com.do\/index.php\/category\/nacionales\/"},"img":{"alt_text":"","src":"https:\/\/i0.wp.com\/lasprimeras.com.do\/wp-content\/uploads\/2025\/05\/SENADO-5.jpg?resize=350%2C200&ssl=1","width":350,"height":200,"srcset":"https:\/\/i0.wp.com\/lasprimeras.com.do\/wp-content\/uploads\/2025\/05\/SENADO-5.jpg?resize=350%2C200&ssl=1 1x, https:\/\/i0.wp.com\/lasprimeras.com.do\/wp-content\/uploads\/2025\/05\/SENADO-5.jpg?resize=525%2C300&ssl=1 1.5x, https:\/\/i0.wp.com\/lasprimeras.com.do\/wp-content\/uploads\/2025\/05\/SENADO-5.jpg?resize=700%2C400&ssl=1 2x"},"classes":[]},{"id":100339,"url":"https:\/\/lasprimeras.com.do\/index.php\/2025\/06\/05\/comision-que-estudia-proyecto-de-ley-sobre-libertad-de-expresion-escucho-a-representantes-de-pc\/","url_meta":{"origin":99289,"position":2},"title":"Comisi\u00f3n que estudia proyecto de ley sobre libertad de expresi\u00f3n escuch\u00f3 a representantes de PC","author":"Nelson Feliz","date":"5 de junio de 2025","format":false,"excerpt":"Por: Adalgisa S\u00e1nchez La Comisi\u00f3n Especial que tiene a su cargo analizar y estudiar el Proyecto de Ley Org\u00e1nica de Libertad de Expresi\u00f3n y Medios Audiovisuales, recibi\u00f3 este mi\u00e9rcoles a representantes de Participaci\u00f3n Ciudadana, quienes afirmaron est\u00e1r de acuerdo con la creaci\u00f3n de esta ley, sin embargo, expusieron su preocupaci\u00f3n\u2026","rel":"","context":"En \u00abNACIONALES\u00bb","block_context":{"text":"NACIONALES","link":"https:\/\/lasprimeras.com.do\/index.php\/category\/nacionales\/"},"img":{"alt_text":"Comisi\u00f3n Especial","src":"https:\/\/i0.wp.com\/lasprimeras.com.do\/wp-content\/uploads\/2025\/06\/Comision-Especial.jpg?resize=350%2C200&ssl=1","width":350,"height":200,"srcset":"https:\/\/i0.wp.com\/lasprimeras.com.do\/wp-content\/uploads\/2025\/06\/Comision-Especial.jpg?resize=350%2C200&ssl=1 1x, https:\/\/i0.wp.com\/lasprimeras.com.do\/wp-content\/uploads\/2025\/06\/Comision-Especial.jpg?resize=525%2C300&ssl=1 1.5x, https:\/\/i0.wp.com\/lasprimeras.com.do\/wp-content\/uploads\/2025\/06\/Comision-Especial.jpg?resize=700%2C400&ssl=1 2x"},"classes":[]},{"id":99433,"url":"https:\/\/lasprimeras.com.do\/index.php\/2025\/05\/21\/fundacion-periodismo-en-reflexion-sugiere-retirar-proyecto-de-libertad-de-expresion\/","url_meta":{"origin":99289,"position":3},"title":"Fundaci\u00f3n Periodismo en Reflexi\u00f3n sugiere retirar proyecto de libertad de expresi\u00f3n","author":"Nelson Feliz","date":"21 de mayo de 2025","format":false,"excerpt":"La Fundaci\u00f3n Periodismo en Reflexi\u00f3n (Funper) sugiri\u00f3 que sea retirado el proyecto de modificaci\u00f3n de la Ley 6132, de expresi\u00f3n y difusi\u00f3n del pensamiento, tras advertir que la pieza viola la Constituci\u00f3n de la Rep\u00fablica y representa una amenaza para uno de los derechos fundamentales de las personas, como lo\u2026","rel":"","context":"En \u00abNACIONALES\u00bb","block_context":{"text":"NACIONALES","link":"https:\/\/lasprimeras.com.do\/index.php\/category\/nacionales\/"},"img":{"alt_text":"","src":"","width":0,"height":0},"classes":[]},{"id":98287,"url":"https:\/\/lasprimeras.com.do\/index.php\/2025\/05\/02\/ejecutivo-somete-proyecto-de-ley-sobre-libertad-de-expresion-consensuado-con-sdd-y-sociedad-civil\/","url_meta":{"origin":99289,"position":4},"title":"Ejecutivo somete proyecto de ley sobre libertad de expresi\u00f3n consensuado con SDD y sociedad civil","author":"Nelson Feliz","date":"2 de mayo de 2025","format":false,"excerpt":"La pieza, depositada en el Senado, propone una transformaci\u00f3n profunda del marco legal vigente desde 1962. El proyecto de Ley Org\u00e1nica de Libertad de Expresi\u00f3n y Medios Audiovisuales, sometido por el Poder Ejecutivo al Senado el pasado 23 de abril, toma como base casi \u00edntegra un anteproyecto elaborado por la\u2026","rel":"","context":"En \u00abNACIONALES\u00bb","block_context":{"text":"NACIONALES","link":"https:\/\/lasprimeras.com.do\/index.php\/category\/nacionales\/"},"img":{"alt_text":"Antoliano Peralta","src":"https:\/\/i0.wp.com\/lasprimeras.com.do\/wp-content\/uploads\/2025\/02\/Antoliano-Peralta.jpg?resize=350%2C200&ssl=1","width":350,"height":200,"srcset":"https:\/\/i0.wp.com\/lasprimeras.com.do\/wp-content\/uploads\/2025\/02\/Antoliano-Peralta.jpg?resize=350%2C200&ssl=1 1x, https:\/\/i0.wp.com\/lasprimeras.com.do\/wp-content\/uploads\/2025\/02\/Antoliano-Peralta.jpg?resize=525%2C300&ssl=1 1.5x, https:\/\/i0.wp.com\/lasprimeras.com.do\/wp-content\/uploads\/2025\/02\/Antoliano-Peralta.jpg?resize=700%2C400&ssl=1 2x"},"classes":[]},{"id":99115,"url":"https:\/\/lasprimeras.com.do\/index.php\/2025\/05\/18\/olivo-de-leon-propone-modificar-proyecto-de-ley-de-libertad-de-expresion-y-medios\/","url_meta":{"origin":99289,"position":5},"title":"Olivo De Le\u00f3n propone modificar proyecto de ley de libertad de expresi\u00f3n y medios","author":"Nelson Feliz","date":"18 de mayo de 2025","format":false,"excerpt":"El presidente del Instituto de Previsi\u00f3n y Protecci\u00f3n del Periodista (IPPP), Olivo De Le\u00f3n, propuso la modificaci\u00f3n del proyecto de ley de libertad de expresi\u00f3n y medios audiovisuales para lograr una ley m\u00e1s efectiva. En ese sentido, sugiri\u00f3 eliminar la funci\u00f3n sancionadora del Instituto Nacional de Comunicaci\u00f3n (INACOM), de manera\u2026","rel":"","context":"En \u00abNACIONALES\u00bb","block_context":{"text":"NACIONALES","link":"https:\/\/lasprimeras.com.do\/index.php\/category\/nacionales\/"},"img":{"alt_text":"Olivo De Le\u00f3n","src":"https:\/\/i0.wp.com\/lasprimeras.com.do\/wp-content\/uploads\/2025\/05\/Olivo-De-Leon.jpg?resize=350%2C200&ssl=1","width":350,"height":200,"srcset":"https:\/\/i0.wp.com\/lasprimeras.com.do\/wp-content\/uploads\/2025\/05\/Olivo-De-Leon.jpg?resize=350%2C200&ssl=1 1x, https:\/\/i0.wp.com\/lasprimeras.com.do\/wp-content\/uploads\/2025\/05\/Olivo-De-Leon.jpg?resize=525%2C300&ssl=1 1.5x, https:\/\/i0.wp.com\/lasprimeras.com.do\/wp-content\/uploads\/2025\/05\/Olivo-De-Leon.jpg?resize=700%2C400&ssl=1 2x"},"classes":[]}],"jetpack_sharing_enabled":true,"_links":{"self":[{"href":"https:\/\/lasprimeras.com.do\/index.php\/wp-json\/wp\/v2\/posts\/99289","targetHints":{"allow":["GET"]}}],"collection":[{"href":"https:\/\/lasprimeras.com.do\/index.php\/wp-json\/wp\/v2\/posts"}],"about":[{"href":"https:\/\/lasprimeras.com.do\/index.php\/wp-json\/wp\/v2\/types\/post"}],"author":[{"embeddable":true,"href":"https:\/\/lasprimeras.com.do\/index.php\/wp-json\/wp\/v2\/users\/2"}],"replies":[{"embeddable":true,"href":"https:\/\/lasprimeras.com.do\/index.php\/wp-json\/wp\/v2\/comments?post=99289"}],"version-history":[{"count":1,"href":"https:\/\/lasprimeras.com.do\/index.php\/wp-json\/wp\/v2\/posts\/99289\/revisions"}],"predecessor-version":[{"id":99291,"href":"https:\/\/lasprimeras.com.do\/index.php\/wp-json\/wp\/v2\/posts\/99289\/revisions\/99291"}],"wp:featuredmedia":[{"embeddable":true,"href":"https:\/\/lasprimeras.com.do\/index.php\/wp-json\/wp\/v2\/media\/99290"}],"wp:attachment":[{"href":"https:\/\/lasprimeras.com.do\/index.php\/wp-json\/wp\/v2\/media?parent=99289"}],"wp:term":[{"taxonomy":"category","embeddable":true,"href":"https:\/\/lasprimeras.com.do\/index.php\/wp-json\/wp\/v2\/categories?post=99289"},{"taxonomy":"post_tag","embeddable":true,"href":"https:\/\/lasprimeras.com.do\/index.php\/wp-json\/wp\/v2\/tags?post=99289"}],"curies":[{"name":"wp","href":"https:\/\/api.w.org\/{rel}","templated":true}]}}