{"id":99316,"date":"2025-05-19T20:37:00","date_gmt":"2025-05-20T00:37:00","guid":{"rendered":"https:\/\/lasprimeras.com.do\/?p=99316"},"modified":"2025-05-20T08:41:13","modified_gmt":"2025-05-20T12:41:13","slug":"santiago-riveron-le-responde-a-faride-y-se-lanza-a-las-calles-en-busca-de-haitianos","status":"publish","type":"post","link":"https:\/\/lasprimeras.com.do\/index.php\/2025\/05\/19\/santiago-riveron-le-responde-a-faride-y-se-lanza-a-las-calles-en-busca-de-haitianos\/","title":{"rendered":"Santiago River\u00f3n le responde a Faride y se lanza a las calles en busca de haitianos"},"content":{"rendered":"\n<p><strong>El alcalde sostuvo que en algunos sectores los haitianos han abandonado de manera voluntaria su residencia, por el momento se desconoce el n\u00famero exacto de cuantos haitianos fueron detenidos.<\/strong><\/p>\n\n\n\n<p>El alcalde de la provincia Dajab\u00f3n, Santiago River\u00f3n, respondi\u00f3 las declaraciones de la ministra de Interior y Polic\u00eda, Faride Raful, al asegurar que seguir\u00e1 realizando operativos para detener haitianos indocumentados.<\/p>\n\n\n\n<p>\u201cFaride tiene raz\u00f3n, pero mientras ella me demuestre que yo no tengo potestad, voy a seguir haciendo mi trabajo. Para ella demostrar eso tiene que ir a un juicio, someterme, mientras eso pasa nosotros vamos a seguir haciendo nuestro trabajo\u201d, dijo el alcalde.<\/p>\n\n\n\n<p>Asimismo, tras vencer el plazo de cinco d\u00edas dado a los indocumentados haitianos para que salieran del municipio, el alcalde River\u00f3n encabez\u00f3 un operativo de b\u00fasqueda y captura de extranjeros, y cont\u00f3 con el apoyo de la Direcci\u00f3n General de Migraci\u00f3n y la polic\u00eda municipal.<\/p>\n\n\n\n<p>Adem\u00e1s, destac\u00f3 que no est\u00e1n deportando haitianos sino que los apresan, y se lo entregan a Migraci\u00f3n, que son los responsables de la deportaci\u00f3n.<\/p>\n\n\n\n<p>\u201cNo hemos hecho ninguna deportaci\u00f3n porque eso no nos compete, ahora lo que s\u00ed nos compete es mantener el pueblo ordenado, limpio, organizado y seguro, y con la presencia ilegal haitiana en nuestro territorio nada de eso est\u00e1 ocurriendo\u201d, dijo.<\/p>\n\n\n\n<p>El alcalde sostuvo que en algunos sectores los haitianos han abandonado de manera voluntaria su residencia, por el momento se desconoce el n\u00famero exacto de cuantos haitianos fueron detenidos.<\/p>\n\n\n\n<p>Los extranjeros fueron llevados al centro de interdicci\u00f3n migratoria de Dajab\u00f3n donde ser\u00e1n procesados y luego repatriados hacia Hait\u00ed.<\/p>\n\n\n\n<p>Fuente: List\u00edn Diario<\/p>\n","protected":false},"excerpt":{"rendered":"<p>El alcalde sostuvo que en algunos sectores los haitianos han abandonado de manera voluntaria su residencia, por el momento se desconoce el n\u00famero exacto de cuantos haitianos fueron detenidos. El&hellip;<\/p>\n","protected":false},"author":10,"featured_media":99317,"comment_status":"open","ping_status":"open","sticky":false,"template":"","format":"standard","meta":{"content-type":"","jetpack_post_was_ever_published":false,"_jetpack_newsletter_access":"","_jetpack_dont_email_post_to_subs":false,"_jetpack_newsletter_tier_id":0,"_jetpack_memberships_contains_paywalled_content":false,"_jetpack_memberships_contains_paid_content":false,"footnotes":""},"categories":[35],"tags":[162,996,263,872,998,8434],"class_list":["post-99316","post","type-post","status-publish","format-standard","has-post-thumbnail","hentry","category-nacionales","tag-calles","tag-faride-raful","tag-haitianos","tag-lanza","tag-responde","tag-santiago-riveron"],"jetpack_featured_media_url":"https:\/\/lasprimeras.com.do\/wp-content\/uploads\/2025\/05\/riveron.jpg","jetpack-related-posts":[{"id":114185,"url":"https:\/\/lasprimeras.com.do\/index.php\/2025\/11\/11\/santiago-riveron-desbarata-fiesta-de-haitianos-en-dajaboncon-escopeta-en-manos\/","url_meta":{"origin":99316,"position":0},"title":"Santiago River\u00f3n desbarata fiesta de haitianos en Dajab\u00f3n;con escopeta en manos","author":"Nelson Feliz","date":"11 de noviembre de 2025","format":false,"excerpt":"Residentes pr\u00f3ximo a los establecimientos de bebidas dijeron que los extranjeros permanecen abiertos hasta altas horas de la madrugada. El alcalde por Dajab\u00f3n, Santiago River\u00f3n, con escopeta en manos, visit\u00f3 varios establecimientos informales de expendio de bebidas alcoh\u00f3licas y evit\u00f3 que indocumentados haitianos continuaran la gozadera que ten\u00edan en horas\u2026","rel":"","context":"En \u00abNACIONALES\u00bb","block_context":{"text":"NACIONALES","link":"https:\/\/lasprimeras.com.do\/index.php\/category\/nacionales\/"},"img":{"alt_text":"","src":"https:\/\/i0.wp.com\/lasprimeras.com.do\/wp-content\/uploads\/2025\/11\/Santiago-Riveron.png?resize=350%2C200&ssl=1","width":350,"height":200,"srcset":"https:\/\/i0.wp.com\/lasprimeras.com.do\/wp-content\/uploads\/2025\/11\/Santiago-Riveron.png?resize=350%2C200&ssl=1 1x, https:\/\/i0.wp.com\/lasprimeras.com.do\/wp-content\/uploads\/2025\/11\/Santiago-Riveron.png?resize=525%2C300&ssl=1 1.5x, https:\/\/i0.wp.com\/lasprimeras.com.do\/wp-content\/uploads\/2025\/11\/Santiago-Riveron.png?resize=700%2C400&ssl=1 2x"},"classes":[]},{"id":114422,"url":"https:\/\/lasprimeras.com.do\/index.php\/2025\/11\/13\/alcalde-santiago-riveron-somete-anteproyecto-de-ley-sobre-regulacion-de-venta-propiedades-a-extranjeros\/","url_meta":{"origin":99316,"position":1},"title":"Alcalde Santiago River\u00f3n somete Anteproyecto de Ley sobre regulaci\u00f3n de venta propiedades a extranjeros","author":"Nelson Feliz","date":"13 de noviembre de 2025","format":false,"excerpt":"El Alcalde del municipio de Dajab\u00f3n, Santiago River\u00f3n, deposit\u00f3 un Anteproyecto de Ley en la C\u00e1mara de Diputados, que busca regular la venta de propiedades inmobiliarias a extranjeros en las provincias de la frontera y fomentar un plan de dominicanizaci\u00f3n en la zona fronteriza.\u00a0Al entregar el documento en la Comisi\u00f3n\u2026","rel":"","context":"En \u00abNACIONALES\u00bb","block_context":{"text":"NACIONALES","link":"https:\/\/lasprimeras.com.do\/index.php\/category\/nacionales\/"},"img":{"alt_text":"","src":"https:\/\/i0.wp.com\/lasprimeras.com.do\/wp-content\/uploads\/2025\/11\/Santiago-Riveron.jpg?resize=350%2C200&ssl=1","width":350,"height":200,"srcset":"https:\/\/i0.wp.com\/lasprimeras.com.do\/wp-content\/uploads\/2025\/11\/Santiago-Riveron.jpg?resize=350%2C200&ssl=1 1x, https:\/\/i0.wp.com\/lasprimeras.com.do\/wp-content\/uploads\/2025\/11\/Santiago-Riveron.jpg?resize=525%2C300&ssl=1 1.5x, https:\/\/i0.wp.com\/lasprimeras.com.do\/wp-content\/uploads\/2025\/11\/Santiago-Riveron.jpg?resize=700%2C400&ssl=1 2x"},"classes":[]},{"id":106803,"url":"https:\/\/lasprimeras.com.do\/index.php\/2025\/08\/19\/fuerza-de-tarea-conjunta-traza-plan-estrategico-para-reducir-homicidios-en-provincias-de-mayor-incidencia\/","url_meta":{"origin":99316,"position":2},"title":"Fuerza de Tarea Conjunta traza plan estrat\u00e9gico para reducir homicidios en provincias de mayor incidencia","author":"Nelson Feliz","date":"19 de agosto de 2025","format":false,"excerpt":"Ministra Faride Raful llama a ejercer ciudadan\u00eda consciente y respetuosa de las autoridades La ministra de Interior y Polic\u00eda, Faride Raful inform\u00f3 que la tasa acumulada de homicidios permanece en 8.2 por cada 100 mil habitantes y 25 provincias siguen por debajo de un d\u00edgito, mientras la Fuerza de Tarea\u2026","rel":"","context":"En \u00abMILITARES\u00bb","block_context":{"text":"MILITARES","link":"https:\/\/lasprimeras.com.do\/index.php\/category\/militares\/"},"img":{"alt_text":"","src":"https:\/\/i0.wp.com\/lasprimeras.com.do\/wp-content\/uploads\/2025\/08\/Faride-Raful-1.jpg?resize=350%2C200&ssl=1","width":350,"height":200,"srcset":"https:\/\/i0.wp.com\/lasprimeras.com.do\/wp-content\/uploads\/2025\/08\/Faride-Raful-1.jpg?resize=350%2C200&ssl=1 1x, https:\/\/i0.wp.com\/lasprimeras.com.do\/wp-content\/uploads\/2025\/08\/Faride-Raful-1.jpg?resize=525%2C300&ssl=1 1.5x, https:\/\/i0.wp.com\/lasprimeras.com.do\/wp-content\/uploads\/2025\/08\/Faride-Raful-1.jpg?resize=700%2C400&ssl=1 2x"},"classes":[]},{"id":64215,"url":"https:\/\/lasprimeras.com.do\/index.php\/2023\/10\/18\/alcalde-de-dajabon-sorprendido-ante-supuestas-amenazas-de-bandas-haitianas\/","url_meta":{"origin":99316,"position":3},"title":"Alcalde de Dajab\u00f3n sorprendido ante supuestas amenazas de bandas haitianas","author":"Nelson Feliz","date":"18 de octubre de 2023","format":false,"excerpt":"El alcalde de Dajab\u00f3n, Santiago River\u00f3n, se mostr\u00f3 sorprendido por la noticia de supuestas amenazas en su contra y de la gobernadora de la demarcaci\u00f3n, Rosalba Milagros Pe\u00f1a, por parte de bandas haitianas. River\u00f3n expres\u00f3 su asombro ante estos acontecimientos y la importancia que aparentemente le otorgan los haitianos a\u2026","rel":"","context":"En \u00abNACIONALES\u00bb","block_context":{"text":"NACIONALES","link":"https:\/\/lasprimeras.com.do\/index.php\/category\/nacionales\/"},"img":{"alt_text":"Santiago Riveron","src":"https:\/\/i0.wp.com\/lasprimeras.com.do\/wp-content\/uploads\/2023\/10\/Santiago-Riveron-1.jpg?resize=350%2C200&ssl=1","width":350,"height":200,"srcset":"https:\/\/i0.wp.com\/lasprimeras.com.do\/wp-content\/uploads\/2023\/10\/Santiago-Riveron-1.jpg?resize=350%2C200&ssl=1 1x, https:\/\/i0.wp.com\/lasprimeras.com.do\/wp-content\/uploads\/2023\/10\/Santiago-Riveron-1.jpg?resize=525%2C300&ssl=1 1.5x, https:\/\/i0.wp.com\/lasprimeras.com.do\/wp-content\/uploads\/2023\/10\/Santiago-Riveron-1.jpg?resize=700%2C400&ssl=1 2x"},"classes":[]},{"id":63260,"url":"https:\/\/lasprimeras.com.do\/index.php\/2023\/10\/11\/santiago-riveron-28-modulos-del-mercado-binacional-resultaron-afectados-por-el-siniestro\/","url_meta":{"origin":99316,"position":4},"title":"Santiago River\u00f3n: 28 m\u00f3dulos del mercado binacional resultaron afectados por el siniestro","author":"Nelson Feliz","date":"11 de octubre de 2023","format":false,"excerpt":"El alcalde de Dajab\u00f3n, Santiago River\u00f3n, inform\u00f3 que al menos 28 m\u00f3dulos con todas sus mercanc\u00edas, la mayor\u00eda de haitianos, resultaron afectados por el siniestro ocurrido en el mercado binacional de esa localidad. Al ser cuestionado sobre que informaciones preliminares tienen del punto en espec\u00edfico del inicio del conato River\u00f3n,\u2026","rel":"","context":"En \u00abNACIONALES\u00bb","block_context":{"text":"NACIONALES","link":"https:\/\/lasprimeras.com.do\/index.php\/category\/nacionales\/"},"img":{"alt_text":"Santiago River\u00f3n","src":"https:\/\/i0.wp.com\/lasprimeras.com.do\/wp-content\/uploads\/2023\/10\/Santiago-Riveron.jpg?resize=350%2C200&ssl=1","width":350,"height":200,"srcset":"https:\/\/i0.wp.com\/lasprimeras.com.do\/wp-content\/uploads\/2023\/10\/Santiago-Riveron.jpg?resize=350%2C200&ssl=1 1x, https:\/\/i0.wp.com\/lasprimeras.com.do\/wp-content\/uploads\/2023\/10\/Santiago-Riveron.jpg?resize=525%2C300&ssl=1 1.5x, https:\/\/i0.wp.com\/lasprimeras.com.do\/wp-content\/uploads\/2023\/10\/Santiago-Riveron.jpg?resize=700%2C400&ssl=1 2x, https:\/\/i0.wp.com\/lasprimeras.com.do\/wp-content\/uploads\/2023\/10\/Santiago-Riveron.jpg?resize=1050%2C600&ssl=1 3x"},"classes":[]},{"id":79968,"url":"https:\/\/lasprimeras.com.do\/index.php\/2024\/04\/02\/alcalde-riveron-dice-haitianos-sufren-falta-de-agua-por-su-terquedad\/","url_meta":{"origin":99316,"position":5},"title":"Alcalde River\u00f3n dice haitianos sufren falta de agua por su terquedad","author":"BIMARY DE JES\u00daS Matos","date":"2 de abril de 2024","format":false,"excerpt":"Hait\u00ed.-El alcalde de este municipio, Santiago River\u00f3n, afirm\u00f3 ayer que la preocupaci\u00f3n de los haitianos que residen en la regi\u00f3n Noroeste por la sequ\u00eda y la reducci\u00f3n del cauce del r\u00edo Masacre no es m\u00e1s que el resultado de sus propios actos por la insistencia en la construcci\u00f3n de un\u2026","rel":"","context":"En \u00abNACIONALES\u00bb","block_context":{"text":"NACIONALES","link":"https:\/\/lasprimeras.com.do\/index.php\/category\/nacionales\/"},"img":{"alt_text":"","src":"https:\/\/i0.wp.com\/lasprimeras.com.do\/wp-content\/uploads\/2024\/04\/13_El-Pais_02_1p01.jpg?resize=350%2C200&ssl=1","width":350,"height":200,"srcset":"https:\/\/i0.wp.com\/lasprimeras.com.do\/wp-content\/uploads\/2024\/04\/13_El-Pais_02_1p01.jpg?resize=350%2C200&ssl=1 1x, https:\/\/i0.wp.com\/lasprimeras.com.do\/wp-content\/uploads\/2024\/04\/13_El-Pais_02_1p01.jpg?resize=525%2C300&ssl=1 1.5x, https:\/\/i0.wp.com\/lasprimeras.com.do\/wp-content\/uploads\/2024\/04\/13_El-Pais_02_1p01.jpg?resize=700%2C400&ssl=1 2x"},"classes":[]}],"jetpack_sharing_enabled":true,"_links":{"self":[{"href":"https:\/\/lasprimeras.com.do\/index.php\/wp-json\/wp\/v2\/posts\/99316","targetHints":{"allow":["GET"]}}],"collection":[{"href":"https:\/\/lasprimeras.com.do\/index.php\/wp-json\/wp\/v2\/posts"}],"about":[{"href":"https:\/\/lasprimeras.com.do\/index.php\/wp-json\/wp\/v2\/types\/post"}],"author":[{"embeddable":true,"href":"https:\/\/lasprimeras.com.do\/index.php\/wp-json\/wp\/v2\/users\/10"}],"replies":[{"embeddable":true,"href":"https:\/\/lasprimeras.com.do\/index.php\/wp-json\/wp\/v2\/comments?post=99316"}],"version-history":[{"count":1,"href":"https:\/\/lasprimeras.com.do\/index.php\/wp-json\/wp\/v2\/posts\/99316\/revisions"}],"predecessor-version":[{"id":99318,"href":"https:\/\/lasprimeras.com.do\/index.php\/wp-json\/wp\/v2\/posts\/99316\/revisions\/99318"}],"wp:featuredmedia":[{"embeddable":true,"href":"https:\/\/lasprimeras.com.do\/index.php\/wp-json\/wp\/v2\/media\/99317"}],"wp:attachment":[{"href":"https:\/\/lasprimeras.com.do\/index.php\/wp-json\/wp\/v2\/media?parent=99316"}],"wp:term":[{"taxonomy":"category","embeddable":true,"href":"https:\/\/lasprimeras.com.do\/index.php\/wp-json\/wp\/v2\/categories?post=99316"},{"taxonomy":"post_tag","embeddable":true,"href":"https:\/\/lasprimeras.com.do\/index.php\/wp-json\/wp\/v2\/tags?post=99316"}],"curies":[{"name":"wp","href":"https:\/\/api.w.org\/{rel}","templated":true}]}}