{"id":99325,"date":"2025-05-20T09:23:57","date_gmt":"2025-05-20T13:23:57","guid":{"rendered":"https:\/\/lasprimeras.com.do\/?p=99325"},"modified":"2025-05-20T09:23:59","modified_gmt":"2025-05-20T13:23:59","slug":"udc-reclama-el-derecho-de-los-pobres-a-la-asistencia-medica-rechaza-paros","status":"publish","type":"post","link":"https:\/\/lasprimeras.com.do\/index.php\/2025\/05\/20\/udc-reclama-el-derecho-de-los-pobres-a-la-asistencia-medica-rechaza-paros\/","title":{"rendered":"UDC reclama el derecho de los pobres a la asistencia m\u00e9dica; rechaza paros"},"content":{"rendered":"\n<p>El presidente de la Uni\u00f3n Dem\u00f3crata Cristiana \u2013UDC-, Luis Acosta Moreta, Luis \u201cEl Gallo\u201d, defendi\u00f3 el derecho de los pobres a recibir atenciones medicas gratuitas en los hospitales p\u00fablicos, y rechaz\u00f3 los paros del Colegio M\u00e9dico Dominicano.<\/p>\n\n\n\n<p>Se mostr\u00f3 en contra de las repetidas suspensiones de los servicios y dijo que los paros no afectan al gobierno, sino a los m\u00e1s necesitados de la poblaci\u00f3n. El acuerdo de ahora, no garantiza la asistencia a largo plazo. Una simple firma de papeles.<\/p>\n\n\n\n<p>Pidi\u00f3 que inicien un di\u00e1logo inmediato y sincero el Colegio M\u00e9dico y el ministerio de Salud P\u00fablica, para que se mejoren las condiciones imperantes en los hospitales.<\/p>\n\n\n\n<p>Lo que hace falta, acot\u00f3, no es una reuni\u00f3n para tomar caf\u00e9, sino un di\u00e1logo inmediato que plantee la b\u00fasqueda para solucionar la crisis de los hospitales del Estado.<\/p>\n\n\n\n<p>Adujo que los planteamientos del Colegio M\u00e9dico se quedan en la demanda de reajustes de salarios, pago de pensiones e incentivos para los profesionales de la medicina, pero no sc plantea y busca mejor\u00edas en la estructura de trabajo de los hospitales.<\/p>\n\n\n\n<p>Tampoco abogan para que se mejoren las condiciones de tratamiento a los pacientes en las cl\u00ednicas privadas, que suben la tarifa de acuerdo a sus est\u00e1ndares.<\/p>\n\n\n\n<p>En el d\u00eda de hoy, un pobret\u00f3n no puede ir a buscar la asistencia m\u00e9dica a una cl\u00ednica y lo \u00fanico que tiene a mano es ir a un hospital, donde cuando menos lo piensa los servicios son suspendidos por un paro.<\/p>\n\n\n\n<p>Pidi\u00f3 al ministerio de Salud P\u00fablica que sea firme, pero que comprenda que la concertaci\u00f3n es necesaria, sobre todo si carece de la fuerza suficiente para imponer condiciones al Colegio M\u00e9dico.<\/p>\n\n\n\n<p>Enfatiz\u00f3 que sin cuota de recuperaci\u00f3n, a los pobres hay que brindarles una buena asistencia en la red hospitalaria oficial, y responsabilidad de ello lo tiene el ministerio de Salud P\u00fablica y el Colegio M\u00e9dico.<\/p>\n\n\n\n<p>A\u00f1adi\u00f3 que hay que reordenar las citas para ver a los especialistas, porque hay denuncias de que una persona tiene que esperar hasta un par de meses para conseguir que le fijen un d\u00eda para atender sus problemas de salud.<\/p>\n\n\n\n<p>Adem\u00e1s, hay que montar un estricto control en la entrega de los n\u00fameros para formar filas el d\u00eda de la cita, ya que ah\u00ed se ha formado un mercado negro, que los vende , y eso no se puede seguir permitiendo.<\/p>\n","protected":false},"excerpt":{"rendered":"<p>El presidente de la Uni\u00f3n Dem\u00f3crata Cristiana \u2013UDC-, Luis Acosta Moreta, Luis \u201cEl Gallo\u201d, defendi\u00f3 el derecho de los pobres a recibir atenciones medicas gratuitas en los hospitales p\u00fablicos, y&hellip;<\/p>\n","protected":false},"author":10,"featured_media":99326,"comment_status":"open","ping_status":"open","sticky":false,"template":"","format":"standard","meta":{"content-type":"","jetpack_post_was_ever_published":false,"_jetpack_newsletter_access":"","_jetpack_dont_email_post_to_subs":false,"_jetpack_newsletter_tier_id":0,"_jetpack_memberships_contains_paywalled_content":false,"_jetpack_memberships_contains_paid_content":false,"footnotes":""},"categories":[16559],"tags":[10252,19723,19724,2234],"class_list":["post-99325","post","type-post","status-publish","format-standard","has-post-thumbnail","hentry","category-politica","tag-asistencia-medica","tag-derecho-de-los-pobres","tag-rechaza-paros","tag-udc"],"jetpack_featured_media_url":"https:\/\/lasprimeras.com.do\/wp-content\/uploads\/2025\/05\/WhatsApp-Image-2025-05-19-at-11.33.24-PM.jpeg","jetpack-related-posts":[{"id":91073,"url":"https:\/\/lasprimeras.com.do\/index.php\/2024\/11\/08\/luis-el-gallo-rechaza-paros-en-hospitales-y-exhorta-a-dialogo-y-concertacion\/","url_meta":{"origin":99325,"position":0},"title":"Luis \u201cEl Gallo rechaza paros en hospitales y exhorta a di\u00e1logo y concertaci\u00f3n","author":"Nelson Feliz","date":"8 de noviembre de 2024","format":false,"excerpt":"El presidente de la Uni\u00f3n Dem\u00f3crata Cristiana -UDC- Luis Acosta Moreta, Luis \u201cEl Gallo\u201d, pidi\u00f3 hoy cordura al sector salud y pidi\u00f3 que se de paso al dialogo y la concertaci\u00f3n para evitar un paro de tres d\u00edas en los hospitales p\u00fablicos. Consider\u00f3 que paralizar por tres d\u00edas los hospitales,\u2026","rel":"","context":"En \u00abPORTADA\u00bb","block_context":{"text":"PORTADA","link":"https:\/\/lasprimeras.com.do\/index.php\/category\/portada\/"},"img":{"alt_text":"Luis Acosta Moreta","src":"https:\/\/i0.wp.com\/lasprimeras.com.do\/wp-content\/uploads\/2024\/06\/Luis-Acosta-Moreta.jpg?resize=350%2C200&ssl=1","width":350,"height":200,"srcset":"https:\/\/i0.wp.com\/lasprimeras.com.do\/wp-content\/uploads\/2024\/06\/Luis-Acosta-Moreta.jpg?resize=350%2C200&ssl=1 1x, https:\/\/i0.wp.com\/lasprimeras.com.do\/wp-content\/uploads\/2024\/06\/Luis-Acosta-Moreta.jpg?resize=525%2C300&ssl=1 1.5x, https:\/\/i0.wp.com\/lasprimeras.com.do\/wp-content\/uploads\/2024\/06\/Luis-Acosta-Moreta.jpg?resize=700%2C400&ssl=1 2x"},"classes":[]},{"id":50367,"url":"https:\/\/lasprimeras.com.do\/index.php\/2023\/05\/19\/luis-el-gallo-emplaza-cmd-suspenda-paros-y-dialogue-con-hospitales-abiertos\/","url_meta":{"origin":99325,"position":1},"title":"Luis \u201cEl Gallo\u201d emplaza CMD suspenda paros y dialogue con hospitales abiertos","author":"prenxa100","date":"19 de mayo de 2023","format":false,"excerpt":"SANTO DOMINGO.-.El presidente de la Uni\u00f3n Dem\u00f3crata Cristiana, -UDC-, Luis Acosta Moreta, Luis \u201cEl Gallo\u201d, emplaz\u00f3 hoy al Colegio M\u00e9dico Dominicano para que suspenda los llamados a paros en hospitales p\u00fablicos, e inici\u00f3 el camino del di\u00e1logo y la concertaci\u00f3n. El di\u00e1logo, con los hospitales abiertos ofreciendo asistencia, es la\u2026","rel":"","context":"En \u00abPORTADA\u00bb","block_context":{"text":"PORTADA","link":"https:\/\/lasprimeras.com.do\/index.php\/category\/portada\/"},"img":{"alt_text":"","src":"","width":0,"height":0},"classes":[]},{"id":115275,"url":"https:\/\/lasprimeras.com.do\/index.php\/2025\/11\/20\/luis-el-gallo-rechaza-denuncias-de-amnistia-internacional-y-senala-son-viles-mentiras\/","url_meta":{"origin":99325,"position":2},"title":"Luis \u201cEl Gallo\u201d rechaza denuncias de Amnist\u00eda Internacional y se\u00f1ala son viles mentiras","author":"Nelson Feliz","date":"20 de noviembre de 2025","format":false,"excerpt":"El presidente de la Uni\u00f3n Dem\u00f3crata Cristiana -UDC-, Luis Acosta Moreta, Luis \u201cEl Gallo\u201d, rechaz\u00f3 hoy por mentirosas y viles las denuncias de Amnist\u00eda Internacional de que en el pa\u00eds se da a las parturientas haitianas un trato racista, discriminatorio y violador de los derechos humanos. Dijo que por el\u2026","rel":"","context":"En \u00abPOLITICA\u00bb","block_context":{"text":"POLITICA","link":"https:\/\/lasprimeras.com.do\/index.php\/category\/politica\/"},"img":{"alt_text":"","src":"https:\/\/i0.wp.com\/lasprimeras.com.do\/wp-content\/uploads\/2025\/11\/Luis-Acosta-Moreta.jpeg?resize=350%2C200&ssl=1","width":350,"height":200,"srcset":"https:\/\/i0.wp.com\/lasprimeras.com.do\/wp-content\/uploads\/2025\/11\/Luis-Acosta-Moreta.jpeg?resize=350%2C200&ssl=1 1x, https:\/\/i0.wp.com\/lasprimeras.com.do\/wp-content\/uploads\/2025\/11\/Luis-Acosta-Moreta.jpeg?resize=525%2C300&ssl=1 1.5x, https:\/\/i0.wp.com\/lasprimeras.com.do\/wp-content\/uploads\/2025\/11\/Luis-Acosta-Moreta.jpeg?resize=700%2C400&ssl=1 2x"},"classes":[]},{"id":101253,"url":"https:\/\/lasprimeras.com.do\/index.php\/2025\/06\/18\/udc-ve-como-antidominicano-y-calumnioso-documento-sobre-peligro-de-los-indocumentados\/","url_meta":{"origin":99325,"position":3},"title":"UDC ve como antidominicano y calumnioso, documento sobre peligro de los indocumentados","author":"Nelson Feliz","date":"18 de junio de 2025","format":false,"excerpt":"El presidente de la Uni\u00f3n Dem\u00f3crata Cristiana -UDC-, Luis Acosta Moreta, Luis \u201cEl Gallo\u201d consider\u00f3 hoy de puro corte antidominicano y el hacerse graciosas a las grandes potencias, la posici\u00f3n de un colectivo de intelectuales y activistas sociales, sobre el peligro de los indocumentados. Lament\u00f3 que en damas que en\u2026","rel":"","context":"En \u00abPOLITICA\u00bb","block_context":{"text":"POLITICA","link":"https:\/\/lasprimeras.com.do\/index.php\/category\/politica\/"},"img":{"alt_text":"","src":"","width":0,"height":0},"classes":[]},{"id":69999,"url":"https:\/\/lasprimeras.com.do\/index.php\/2023\/12\/07\/luis-el-gallo-su-bandera-electoral-es-comida-asistencia-medica-educacion-y-respeto-a-soberania-nacional\/","url_meta":{"origin":99325,"position":4},"title":"Luis \u201cEl Gallo\u201d: &#8220;Su bandera electoral es comida, asistencia m\u00e9dica, educaci\u00f3n y respeto a Soberan\u00eda nacional&#8221;","author":"Nelson Feliz","date":"7 de diciembre de 2023","format":false,"excerpt":"El presidente de la Uni\u00f3n dem\u00f3crata Cristiana -UDC-, Luis Acosta Moreta, Luis \u201cEl Gallo\u201d, dijo hoy que en esta campa\u00f1a electoral levantar\u00e1 la consigna de que la comida llegue a cada familia, que est\u00e9 asegurada la asistencia m\u00e9dica, que los ni\u00f1os encuentren escuelas donde estudiar, y que se respete la\u2026","rel":"","context":"En \u00abPORTADA\u00bb","block_context":{"text":"PORTADA","link":"https:\/\/lasprimeras.com.do\/index.php\/category\/portada\/"},"img":{"alt_text":"UDC COMIDA","src":"https:\/\/i0.wp.com\/lasprimeras.com.do\/wp-content\/uploads\/2023\/12\/UDC-COMIDA.jpg?resize=350%2C200&ssl=1","width":350,"height":200,"srcset":"https:\/\/i0.wp.com\/lasprimeras.com.do\/wp-content\/uploads\/2023\/12\/UDC-COMIDA.jpg?resize=350%2C200&ssl=1 1x, https:\/\/i0.wp.com\/lasprimeras.com.do\/wp-content\/uploads\/2023\/12\/UDC-COMIDA.jpg?resize=525%2C300&ssl=1 1.5x"},"classes":[]},{"id":56030,"url":"https:\/\/lasprimeras.com.do\/index.php\/2023\/07\/27\/organizaciones-de-pacientes-rechazan-llamado-a-paro-del-colegio-medico\/","url_meta":{"origin":99325,"position":5},"title":"Organizaciones de pacientes rechazan llamado a paro del Colegio M\u00e9dico","author":"Nelson Feliz","date":"27 de julio de 2023","format":false,"excerpt":"Consideran que las reivindicaciones deben realizarse respetando el derecho fundamental a la salud consagrado en la constituci\u00f3n. Un conjunto organizaciones de pacientes manifestaron su rechazo a la suspensi\u00f3n del Colegio M\u00e9dico Dominicano (CMD) de los servicios de salud contratados por las ARS porque perjudica a los afiliados, e inst\u00f3 al\u2026","rel":"","context":"En \u00abPORTADA\u00bb","block_context":{"text":"PORTADA","link":"https:\/\/lasprimeras.com.do\/index.php\/category\/portada\/"},"img":{"alt_text":"Colegio M\u00e9dico Dominicano","src":"https:\/\/i0.wp.com\/lasprimeras.com.do\/wp-content\/uploads\/2023\/07\/Medico-1.jpg?resize=350%2C200&ssl=1","width":350,"height":200,"srcset":"https:\/\/i0.wp.com\/lasprimeras.com.do\/wp-content\/uploads\/2023\/07\/Medico-1.jpg?resize=350%2C200&ssl=1 1x, https:\/\/i0.wp.com\/lasprimeras.com.do\/wp-content\/uploads\/2023\/07\/Medico-1.jpg?resize=525%2C300&ssl=1 1.5x, https:\/\/i0.wp.com\/lasprimeras.com.do\/wp-content\/uploads\/2023\/07\/Medico-1.jpg?resize=700%2C400&ssl=1 2x"},"classes":[]}],"jetpack_sharing_enabled":true,"_links":{"self":[{"href":"https:\/\/lasprimeras.com.do\/index.php\/wp-json\/wp\/v2\/posts\/99325","targetHints":{"allow":["GET"]}}],"collection":[{"href":"https:\/\/lasprimeras.com.do\/index.php\/wp-json\/wp\/v2\/posts"}],"about":[{"href":"https:\/\/lasprimeras.com.do\/index.php\/wp-json\/wp\/v2\/types\/post"}],"author":[{"embeddable":true,"href":"https:\/\/lasprimeras.com.do\/index.php\/wp-json\/wp\/v2\/users\/10"}],"replies":[{"embeddable":true,"href":"https:\/\/lasprimeras.com.do\/index.php\/wp-json\/wp\/v2\/comments?post=99325"}],"version-history":[{"count":1,"href":"https:\/\/lasprimeras.com.do\/index.php\/wp-json\/wp\/v2\/posts\/99325\/revisions"}],"predecessor-version":[{"id":99327,"href":"https:\/\/lasprimeras.com.do\/index.php\/wp-json\/wp\/v2\/posts\/99325\/revisions\/99327"}],"wp:featuredmedia":[{"embeddable":true,"href":"https:\/\/lasprimeras.com.do\/index.php\/wp-json\/wp\/v2\/media\/99326"}],"wp:attachment":[{"href":"https:\/\/lasprimeras.com.do\/index.php\/wp-json\/wp\/v2\/media?parent=99325"}],"wp:term":[{"taxonomy":"category","embeddable":true,"href":"https:\/\/lasprimeras.com.do\/index.php\/wp-json\/wp\/v2\/categories?post=99325"},{"taxonomy":"post_tag","embeddable":true,"href":"https:\/\/lasprimeras.com.do\/index.php\/wp-json\/wp\/v2\/tags?post=99325"}],"curies":[{"name":"wp","href":"https:\/\/api.w.org\/{rel}","templated":true}]}}