{"id":99328,"date":"2025-05-20T09:32:32","date_gmt":"2025-05-20T13:32:32","guid":{"rendered":"https:\/\/lasprimeras.com.do\/?p=99328"},"modified":"2025-05-20T09:32:34","modified_gmt":"2025-05-20T13:32:34","slug":"familiares-reportan-desaparicion-del-joven-richard-antonio-linares","status":"publish","type":"post","link":"https:\/\/lasprimeras.com.do\/index.php\/2025\/05\/20\/familiares-reportan-desaparicion-del-joven-richard-antonio-linares\/","title":{"rendered":"Familiares reportan desaparici\u00f3n del joven Richard Antonio Linares"},"content":{"rendered":"\n<p>Familiares del joven Richard Antonio Linares, a quien llaman con el apodo de \u201cRegalito\u201d, denunciaron su desaparici\u00f3n desde la ma\u00f1ana del pasado s\u00e1bado.<\/p>\n\n\n\n<p>Explicaron que el joven fue visto por \u00faltima vez en la autopista Las Am\u00e9ricas, el s\u00e1bado 17 del presente mes.<\/p>\n\n\n\n<p>Est\u00e1n ofreciendo una recompensa por cualquier informaci\u00f3n que ayude a dar con su paradero.<\/p>\n\n\n\n<p>Indicaron que est\u00e1n desesperados por saber d\u00f3nde est\u00e1 Richard Antonio Linares.<\/p>\n\n\n\n<p>Los tel\u00e9fonos disponibles para ofrecer informaciones en caso de que haya sido visto en alg\u00fan lugar son:829 276-8126 y 829 864-2609.<\/p>\n","protected":false},"excerpt":{"rendered":"<p>Familiares del joven Richard Antonio Linares, a quien llaman con el apodo de \u201cRegalito\u201d, denunciaron su desaparici\u00f3n desde la ma\u00f1ana del pasado s\u00e1bado. Explicaron que el joven fue visto por&hellip;<\/p>\n","protected":false},"author":10,"featured_media":99329,"comment_status":"open","ping_status":"open","sticky":false,"template":"","format":"standard","meta":{"content-type":"","jetpack_post_was_ever_published":false,"_jetpack_newsletter_access":"","_jetpack_dont_email_post_to_subs":false,"_jetpack_newsletter_tier_id":0,"_jetpack_memberships_contains_paywalled_content":false,"_jetpack_memberships_contains_paid_content":false,"footnotes":""},"categories":[35,25],"tags":[6273,1055,1127,19725],"class_list":["post-99328","post","type-post","status-publish","format-standard","has-post-thumbnail","hentry","category-nacionales","category-portada","tag-desaparicion","tag-familiares","tag-joven","tag-richard-antonio-linares"],"jetpack_featured_media_url":"https:\/\/lasprimeras.com.do\/wp-content\/uploads\/2025\/05\/Richard-Antonio-Linares.jpg","jetpack-related-posts":[{"id":50144,"url":"https:\/\/lasprimeras.com.do\/index.php\/2023\/05\/17\/las-misteriosas-desapariciones-de-personas-en-rd\/","url_meta":{"origin":99328,"position":0},"title":"Las misteriosas desapariciones de personas en RD","author":"prenxa100","date":"17 de mayo de 2023","format":false,"excerpt":"Santo Domingo, RD. \u2013 Cuerpos que nunca fueron encontrados o identificados, huellas que se enfriaron y que hoy solo los familiares se acuerdan de aquellos nombres que hasta la fecha son un misterio porque no se sabe si est\u00e1n vivos o muertos. Conforme con las estad\u00edsticas de la Procuradur\u00eda General\u2026","rel":"","context":"En \u00abOPINI\u00d3N\u00bb","block_context":{"text":"OPINI\u00d3N","link":"https:\/\/lasprimeras.com.do\/index.php\/category\/opinion\/"},"img":{"alt_text":"","src":"","width":0,"height":0},"classes":[]},{"id":67302,"url":"https:\/\/lasprimeras.com.do\/index.php\/2023\/11\/14\/hombre-que-reporto-dolor-de-cabeza-lleva-cinco-dias-desaparecido\/","url_meta":{"origin":99328,"position":1},"title":"Hombre que report\u00f3 dolor de cabeza lleva cinco d\u00edas desaparecido","author":"Nelson Feliz","date":"14 de noviembre de 2023","format":false,"excerpt":"-Si tiene informaci\u00f3n sobre su paradero llame al: 829-497-2960 Un fuerte dolor de cabeza motiv\u00f3 al joven Jos\u00e9 Alexander Fr\u00edas Rojas a solicitar un permiso para marcharse de su trabajo como montacargas de un supermercado. El pasado 9 de noviembre lleg\u00f3 a su casa en el sector Cristinita, ubicado en\u2026","rel":"","context":"En \u00abNACIONALES\u00bb","block_context":{"text":"NACIONALES","link":"https:\/\/lasprimeras.com.do\/index.php\/category\/nacionales\/"},"img":{"alt_text":"Jose Alexander","src":"https:\/\/i0.wp.com\/lasprimeras.com.do\/wp-content\/uploads\/2023\/11\/Jose-Alexander.jpg?resize=350%2C200&ssl=1","width":350,"height":200,"srcset":"https:\/\/i0.wp.com\/lasprimeras.com.do\/wp-content\/uploads\/2023\/11\/Jose-Alexander.jpg?resize=350%2C200&ssl=1 1x, https:\/\/i0.wp.com\/lasprimeras.com.do\/wp-content\/uploads\/2023\/11\/Jose-Alexander.jpg?resize=525%2C300&ssl=1 1.5x, https:\/\/i0.wp.com\/lasprimeras.com.do\/wp-content\/uploads\/2023\/11\/Jose-Alexander.jpg?resize=700%2C400&ssl=1 2x"},"classes":[]},{"id":112327,"url":"https:\/\/lasprimeras.com.do\/index.php\/2025\/10\/21\/linares-saluda-designacion-de-leah-francis-campos-como-embajadora-de-ee-uu-en-republica-dominicana\/","url_meta":{"origin":99328,"position":2},"title":"Linares saluda designaci\u00f3n de Leah Francis Campos como embajadora de EE.UU. en Rep\u00fablica Dominicana","author":"Nelson Feliz","date":"21 de octubre de 2025","format":false,"excerpt":"El abogado, comunicador y experto en narcotr\u00e1fico Rafael Linares Guerrero expres\u00f3 su satisfacci\u00f3n por la confirmaci\u00f3n de Leah Francis Campos como nueva embajadora de los Estados Unidos en Rep\u00fablica Dominicana, designaci\u00f3n ratificada por el Senado estadounidense. A trav\u00e9s de su cuenta en la red social X (anteriormente Twitter), Linares calific\u00f3\u2026","rel":"","context":"En \u00abNACIONALES\u00bb","block_context":{"text":"NACIONALES","link":"https:\/\/lasprimeras.com.do\/index.php\/category\/nacionales\/"},"img":{"alt_text":"Rafael Linares y Leah Francis Campos","src":"https:\/\/i0.wp.com\/lasprimeras.com.do\/wp-content\/uploads\/2025\/10\/Rafael-Linares-y-Leah-Francis-Campos.jpg?resize=350%2C200&ssl=1","width":350,"height":200,"srcset":"https:\/\/i0.wp.com\/lasprimeras.com.do\/wp-content\/uploads\/2025\/10\/Rafael-Linares-y-Leah-Francis-Campos.jpg?resize=350%2C200&ssl=1 1x, https:\/\/i0.wp.com\/lasprimeras.com.do\/wp-content\/uploads\/2025\/10\/Rafael-Linares-y-Leah-Francis-Campos.jpg?resize=525%2C300&ssl=1 1.5x, https:\/\/i0.wp.com\/lasprimeras.com.do\/wp-content\/uploads\/2025\/10\/Rafael-Linares-y-Leah-Francis-Campos.jpg?resize=700%2C400&ssl=1 2x"},"classes":[]},{"id":84348,"url":"https:\/\/lasprimeras.com.do\/index.php\/2024\/06\/06\/rafael-linares-renuncia-del-prd-dice-su-ciclo-ha-terminado\/","url_meta":{"origin":99328,"position":3},"title":"Rafael Linares renuncia del PRD, dice su ciclo ha terminado","author":"Nelson Feliz","date":"6 de junio de 2024","format":false,"excerpt":"El excandidato a diputado de la circunscripci\u00f3n 3 del Distrito Nacional, por el Partido Revolucionario Dominicano (PRD), doctor Rafael Linares Guerrero, renunci\u00f3 de la organizaci\u00f3n pol\u00edtica, sosteniendo que se dedicar\u00e1 al ejercicio de la comunicaci\u00f3n independiente. \u201cMi ciclo en el PRD ha terminado, di el todo por el todo en\u2026","rel":"","context":"En \u00abPORTADA\u00bb","block_context":{"text":"PORTADA","link":"https:\/\/lasprimeras.com.do\/index.php\/category\/portada\/"},"img":{"alt_text":"RAFAEL LINARES","src":"https:\/\/i0.wp.com\/lasprimeras.com.do\/wp-content\/uploads\/2024\/06\/RAFAEL-LINARES.jpg?resize=350%2C200&ssl=1","width":350,"height":200,"srcset":"https:\/\/i0.wp.com\/lasprimeras.com.do\/wp-content\/uploads\/2024\/06\/RAFAEL-LINARES.jpg?resize=350%2C200&ssl=1 1x, https:\/\/i0.wp.com\/lasprimeras.com.do\/wp-content\/uploads\/2024\/06\/RAFAEL-LINARES.jpg?resize=525%2C300&ssl=1 1.5x"},"classes":[]},{"id":71981,"url":"https:\/\/lasprimeras.com.do\/index.php\/2023\/12\/25\/misterio-envuelve-desaparicion-de-joven-dominicana-en-pamplona-espana\/","url_meta":{"origin":99328,"position":4},"title":"Misterio envuelve desaparici\u00f3n de joven dominicana en Pamplona, Espa\u00f1a","author":"Nelson Feliz","date":"25 de diciembre de 2023","format":false,"excerpt":"Rosa Gabriela Reyes Ch\u00e1vez, de 33 a\u00f1os, fue vista por \u00faltima vez en un bar pr\u00f3ximo a su vivienda hace casi tres semanas. Han pasado casi tres semanas desde que la joven dominicana Rosa Gabriela Reyes Ch\u00e1vez, de 33 a\u00f1os, fuera vista por \u00faltima vez en Pamplona, al nordeste de\u2026","rel":"","context":"En \u00abSin categor\u00eda\u00bb","block_context":{"text":"Sin categor\u00eda","link":"https:\/\/lasprimeras.com.do\/index.php\/category\/sin-categoria\/"},"img":{"alt_text":"Gabriela Reyes es la dominicana desaparecida en Espa\u00f1a","src":"https:\/\/i0.wp.com\/lasprimeras.com.do\/wp-content\/uploads\/2023\/12\/Gabriela-Reyes-es-la-dominicana-desaparecida-en-Espana.jpg?resize=350%2C200&ssl=1","width":350,"height":200,"srcset":"https:\/\/i0.wp.com\/lasprimeras.com.do\/wp-content\/uploads\/2023\/12\/Gabriela-Reyes-es-la-dominicana-desaparecida-en-Espana.jpg?resize=350%2C200&ssl=1 1x, https:\/\/i0.wp.com\/lasprimeras.com.do\/wp-content\/uploads\/2023\/12\/Gabriela-Reyes-es-la-dominicana-desaparecida-en-Espana.jpg?resize=525%2C300&ssl=1 1.5x, https:\/\/i0.wp.com\/lasprimeras.com.do\/wp-content\/uploads\/2023\/12\/Gabriela-Reyes-es-la-dominicana-desaparecida-en-Espana.jpg?resize=700%2C400&ssl=1 2x"},"classes":[]},{"id":97373,"url":"https:\/\/lasprimeras.com.do\/index.php\/2025\/04\/19\/este-viernes-santo-desaparecio-adolescente-maria-isabel-de-la-rosa\/","url_meta":{"origin":99328,"position":5},"title":"Este Viernes Santo desapareci\u00f3 adolescente Mar\u00eda Isabel de la Rosa","author":"Nelson Feliz","date":"19 de abril de 2025","format":false,"excerpt":"La menor, de 15 a\u00f1os, fue vista por \u00faltima vez en horas de la tarde. Familiares y vecinos claman por ayuda mientras autoridades a\u00fan no emiten pronunciamiento oficial. Una ola de angustia y conmoci\u00f3n sacude al municipio de Manzanillo, Montecristi tras la desaparici\u00f3n, este Viernes Santo, de una adolescente de\u2026","rel":"","context":"En \u00abNACIONALES\u00bb","block_context":{"text":"NACIONALES","link":"https:\/\/lasprimeras.com.do\/index.php\/category\/nacionales\/"},"img":{"alt_text":"","src":"https:\/\/i0.wp.com\/lasprimeras.com.do\/wp-content\/uploads\/2025\/04\/desaparecida.jpg?resize=350%2C200&ssl=1","width":350,"height":200,"srcset":"https:\/\/i0.wp.com\/lasprimeras.com.do\/wp-content\/uploads\/2025\/04\/desaparecida.jpg?resize=350%2C200&ssl=1 1x, https:\/\/i0.wp.com\/lasprimeras.com.do\/wp-content\/uploads\/2025\/04\/desaparecida.jpg?resize=525%2C300&ssl=1 1.5x, https:\/\/i0.wp.com\/lasprimeras.com.do\/wp-content\/uploads\/2025\/04\/desaparecida.jpg?resize=700%2C400&ssl=1 2x"},"classes":[]}],"jetpack_sharing_enabled":true,"_links":{"self":[{"href":"https:\/\/lasprimeras.com.do\/index.php\/wp-json\/wp\/v2\/posts\/99328","targetHints":{"allow":["GET"]}}],"collection":[{"href":"https:\/\/lasprimeras.com.do\/index.php\/wp-json\/wp\/v2\/posts"}],"about":[{"href":"https:\/\/lasprimeras.com.do\/index.php\/wp-json\/wp\/v2\/types\/post"}],"author":[{"embeddable":true,"href":"https:\/\/lasprimeras.com.do\/index.php\/wp-json\/wp\/v2\/users\/10"}],"replies":[{"embeddable":true,"href":"https:\/\/lasprimeras.com.do\/index.php\/wp-json\/wp\/v2\/comments?post=99328"}],"version-history":[{"count":1,"href":"https:\/\/lasprimeras.com.do\/index.php\/wp-json\/wp\/v2\/posts\/99328\/revisions"}],"predecessor-version":[{"id":99330,"href":"https:\/\/lasprimeras.com.do\/index.php\/wp-json\/wp\/v2\/posts\/99328\/revisions\/99330"}],"wp:featuredmedia":[{"embeddable":true,"href":"https:\/\/lasprimeras.com.do\/index.php\/wp-json\/wp\/v2\/media\/99329"}],"wp:attachment":[{"href":"https:\/\/lasprimeras.com.do\/index.php\/wp-json\/wp\/v2\/media?parent=99328"}],"wp:term":[{"taxonomy":"category","embeddable":true,"href":"https:\/\/lasprimeras.com.do\/index.php\/wp-json\/wp\/v2\/categories?post=99328"},{"taxonomy":"post_tag","embeddable":true,"href":"https:\/\/lasprimeras.com.do\/index.php\/wp-json\/wp\/v2\/tags?post=99328"}],"curies":[{"name":"wp","href":"https:\/\/api.w.org\/{rel}","templated":true}]}}