{"id":99334,"date":"2025-05-20T10:05:03","date_gmt":"2025-05-20T14:05:03","guid":{"rendered":"https:\/\/lasprimeras.com.do\/?p=99334"},"modified":"2025-05-20T10:05:04","modified_gmt":"2025-05-20T14:05:04","slug":"dirigente-de-la-fp-denuncia-embalse-de-monte-grande-provoca-panico-en-azua","status":"publish","type":"post","link":"https:\/\/lasprimeras.com.do\/index.php\/2025\/05\/20\/dirigente-de-la-fp-denuncia-embalse-de-monte-grande-provoca-panico-en-azua\/","title":{"rendered":"Dirigente de la FP denuncia embalse de Monte Grande provoca panico en Azua"},"content":{"rendered":"\n<p>El ex candidato a senador por la Fuerza del Pueblo (FP), en la provincia de Azua, ingeniero Antonio Ram\u00edrez (Pacho), denunci\u00f3 que las \u00faltimas lluvias registradas en el pa\u00eds dejaron fuertes inundaciones a miles de tareas cultivadas en el Distrito Municipal de Hato Nuevo Cort\u00e9s producida por la cola del embalse Monte Grande.<\/p>\n\n\n\n<p>Ram\u00edrez, dijo que las fuertes inundaciones mantienen en vilo a los moradores de esta comunidad, quienes se sienten amenzadas por un posible colapso de tan importante obra de infraestructura, seg\u00fan denuncian los comunitarios esta obra presenta filtraciones que si no son corregidas a tiempo, ser\u00edan un peligro cuando inicie la temporada cicl\u00f3nica.<\/p>\n\n\n\n<p>Sostuvo que el peligro all\u00ed est\u00e1 al acecho, al tiempo que urgi\u00f3 en que el gobierno ponga atenci\u00f3n a las multiples denuncias que en ese sentido han hecho unas 390 familias desplazadas de la zona para dar paso a la construcci\u00f3n de la mega obra.<\/p>\n\n\n\n<p>\u201cCon \u00e9sto queremos llamar que las indiferencias, la inobservancia y la dejadez del gobierno y sus funcionarios den al traste con un desenlace lamentable en la zona, cuando hoy puede ser evitado\u201d, seg\u00fan denuncian familias que viven las provincias de Azua, Barahona, Bahoruco e Independencia, La Meseta, Los G\u00fciros y San Sim\u00f3n, pr\u00f3ximo a ese embalse\u201d.<\/p>\n\n\n\n<p>Puntualiz\u00f3, que la falta de obras completentarias convierte este embalse en un inminente peligro para las familias de estas cuatro provincias por un posible colapso por ese muro cortina que es el mas grande de presa construida en el pais que tiene de longitud 2.2 kil\u00f3metros de longitud por 57 metros de altura.<\/p>\n\n\n\n<p>Ramirez asegur\u00f3 que el megaproyecto, sigue sin cumplir con las expectativas, ni con los plazos establecidos, que a casi tres a\u00f1os despu\u00e9s del asentamiento campesino, los arquitectos de la mentira del PRM, encabezados por Jos\u00e9 Ignacio Paliza, han hecho decenas de reuniones con los labriegos y aun no han cumplido lo pactado.<\/p>\n\n\n\n<p>Los campesinos se sienten impotentes y estafados por el gobierno, porque les han prometido pagarles los predios y darle de 10 tareas de tierras con sistema de regu\u00edo por goteo, sin que hasta la fecha, la promesa se haya cumplido.<\/p>\n\n\n\n<p>Calific\u00f3 de irresponsable al funcionario, debido a que se ha comprometido en varias ocasiones, a hacer el pago de los predios y entregar 10 tareas por familias con sistema de riego; construir una Policl\u00ednica, un centro comunal y otras obras de inter\u00e9s, para beneficiar a las comunidades, pero eso nunca ha llegado, seg\u00fan Ram\u00edrez.<\/p>\n\n\n\n<p>\u201cLa falta de las obras complementarias en el embalse de Monte Grande, podr\u00eda, causar danos irreversibles ya que estas obras funcionan como amortiguamiento del muro por las descargas de operaciones de cada una de estas\u201d, dijo el profesional de la ingenieria.<\/p>\n\n\n\n<p>Estas obras son canales de riego para irrigar unas 150 mil tareas , beneficiando a las provincias Barahona, Azua, Bahoruco e independencia, descarga de 3.5 metros c\u00fablicos por segundo al acueducto Asuro, benficiando a unas 450 mil familias y la generaci\u00f3n de 13.3 megavatios horas, a trav\u00e9s de la central hidroel\u00e9ctrica.<\/p>\n\n\n\n<p>Manifest\u00f3 no entender, que una importante infraestructura de esta magnitud, que tuvo un costo superior a los 336 millones de d\u00f3lares, promovida como \u201cla obra del siglo\u201d, hoy se desmorona bajo su propio peso, literalmente con filtraciones may\u00fascula&#8221;, indic\u00f3 Pacho.<\/p>\n\n\n\n<p>Adem\u00e1s, el megaproyecto, que ha consumido miles de millones de pesos del erario, sigue sin cumplir con las expectativas ni con los plazos establecidos y que a todo esto, a las irregularidades t\u00e9cnicas se suma un incumplimiento flagrante con las comunidades afectadas, sumidas en un profudo estado de miseria, por la violacion al derecho a la alimentacion.<\/p>\n\n\n\n<p>Entre otras recomendaciones, sugiri\u00f3 a las autoridades la instalaci\u00f3n de una red o l\u00ednea de alimentaci\u00f3n, para la construcci\u00f3n de un acueducto m\u00faltiple, que beneficie a los municipios de Sabana Yegua, Pueblo Viejo, Azua, Esteban\u00eda y Las Charcas, que beneficiaria a unos 125 mil habitantes, tambien que se construyan canales de riego, para irrigar los terrenos de la parcela # 9, desde Monte Grande hasta el Distrito Municipal de T\u00e1bara Abajo; asi como tambi\u00e9n la parcela 776, que comprende desde La Mina, hasta el Distrito Municipal Barrera y Galindo Distrito Municipal Los Negros, beneficiando alredeor de 20 mil producrtores agricolas, ubicados en las margenes de la carretera kilometro 15, embalse Monte Grande.<\/p>\n","protected":false},"excerpt":{"rendered":"<p>El ex candidato a senador por la Fuerza del Pueblo (FP), en la provincia de Azua, ingeniero Antonio Ram\u00edrez (Pacho), denunci\u00f3 que las \u00faltimas lluvias registradas en el pa\u00eds dejaron&hellip;<\/p>\n","protected":false},"author":10,"featured_media":99335,"comment_status":"open","ping_status":"open","sticky":false,"template":"","format":"standard","meta":{"content-type":"","jetpack_post_was_ever_published":false,"_jetpack_newsletter_access":"","_jetpack_dont_email_post_to_subs":false,"_jetpack_newsletter_tier_id":0,"_jetpack_memberships_contains_paywalled_content":false,"_jetpack_memberships_contains_paid_content":false,"footnotes":""},"categories":[16559,25],"tags":[19728,1296,616,11260,158,19729],"class_list":["post-99334","post","type-post","status-publish","format-standard","has-post-thumbnail","hentry","category-politica","category-portada","tag-antonio-ramirez","tag-azua","tag-dirigente","tag-embalse","tag-fuerza-del-pueblo","tag-monte-grande"],"jetpack_featured_media_url":"https:\/\/lasprimeras.com.do\/wp-content\/uploads\/2025\/05\/Antonio-Ramirez.jpg","jetpack-related-posts":[{"id":123605,"url":"https:\/\/lasprimeras.com.do\/index.php\/2026\/03\/03\/tejada-defiende-utilidad-del-embalse-de-la-prensa-de-monte-grande-para-region-suroeste\/","url_meta":{"origin":99334,"position":0},"title":"Tejada defiende utilidad del embalse de la presa de Monte Grande para regi\u00f3n Suroeste","author":"Nelson Feliz","date":"3 de marzo de 2026","format":false,"excerpt":"El expresidente del Colegio Dominicano de Ingenieros, Arquitectos y Agrimensores (CODIA), Ing. Teodoro Tejada defendi\u00f3 la utilidad que tiene la Presa de Monte Grande para las provincias de Barahona, Azua, Bahoruco e Independencia, adem\u00e1s de almacenar agua para el reabastecimiento de los acueductos de la zona, tambi\u00e9n act\u00faa como control\u2026","rel":"","context":"En \u00abNACIONALES\u00bb","block_context":{"text":"NACIONALES","link":"https:\/\/lasprimeras.com.do\/index.php\/category\/nacionales\/"},"img":{"alt_text":"","src":"https:\/\/i0.wp.com\/lasprimeras.com.do\/wp-content\/uploads\/2026\/03\/IMG-20260302-WA0761.jpg?resize=350%2C200&ssl=1","width":350,"height":200,"srcset":"https:\/\/i0.wp.com\/lasprimeras.com.do\/wp-content\/uploads\/2026\/03\/IMG-20260302-WA0761.jpg?resize=350%2C200&ssl=1 1x, https:\/\/i0.wp.com\/lasprimeras.com.do\/wp-content\/uploads\/2026\/03\/IMG-20260302-WA0761.jpg?resize=525%2C300&ssl=1 1.5x, https:\/\/i0.wp.com\/lasprimeras.com.do\/wp-content\/uploads\/2026\/03\/IMG-20260302-WA0761.jpg?resize=700%2C400&ssl=1 2x, https:\/\/i0.wp.com\/lasprimeras.com.do\/wp-content\/uploads\/2026\/03\/IMG-20260302-WA0761.jpg?resize=1050%2C600&ssl=1 3x"},"classes":[]},{"id":74673,"url":"https:\/\/lasprimeras.com.do\/index.php\/2024\/01\/25\/abinader-inaugura-embalse-de-la-presa-monte-grande-para-garantizar-agua-a-la-region-sur\/","url_meta":{"origin":99334,"position":1},"title":"Abinader inaugura embalse de la \u201cPresa Monte Grande\u201d para garantizar agua a la Regi\u00f3n Sur","author":"Nelson Feliz","date":"25 de enero de 2024","format":false,"excerpt":"En tres a\u00f1os se construy\u00f3 el 60% de la obra que solo hab\u00eda avanzado un 40% en 10 a\u00f1os. Azua. - El presidente Luis Abinader inaugur\u00f3 este jueves el embalse de la presa de Monte Grande, la mayor obra que mejorara la calidad de vida de la gente en la\u2026","rel":"","context":"En \u00abNACIONALES\u00bb","block_context":{"text":"NACIONALES","link":"https:\/\/lasprimeras.com.do\/index.php\/category\/nacionales\/"},"img":{"alt_text":"Presa Monte Grande","src":"https:\/\/i0.wp.com\/lasprimeras.com.do\/wp-content\/uploads\/2024\/01\/presa-1.jpg?resize=350%2C200&ssl=1","width":350,"height":200,"srcset":"https:\/\/i0.wp.com\/lasprimeras.com.do\/wp-content\/uploads\/2024\/01\/presa-1.jpg?resize=350%2C200&ssl=1 1x, https:\/\/i0.wp.com\/lasprimeras.com.do\/wp-content\/uploads\/2024\/01\/presa-1.jpg?resize=525%2C300&ssl=1 1.5x, https:\/\/i0.wp.com\/lasprimeras.com.do\/wp-content\/uploads\/2024\/01\/presa-1.jpg?resize=700%2C400&ssl=1 2x"},"classes":[]},{"id":74861,"url":"https:\/\/lasprimeras.com.do\/index.php\/2024\/01\/26\/abinader-inaugura-la-presa-monte-grande-sin-concluir-denuncia-fp\/","url_meta":{"origin":99334,"position":2},"title":"Abinader inaugura la Presa Monte Grande sin concluir, denuncia FP","author":"Nelson Feliz","date":"26 de enero de 2024","format":false,"excerpt":"Asegura que a corto plazo \u201cpresa\u201d solo sirve para criadero de peces. Como un hecho irresponsable, calific\u00f3 el partido Fuerza del Pueblo, que el candidato presidencial del PRM, Luis Abinader, haya inaugurado un muro, sin concluir, de la presa de Monte Grande, asegurando que frente a un evento extraordinario, esa\u2026","rel":"","context":"En \u00abPORTADA\u00bb","block_context":{"text":"PORTADA","link":"https:\/\/lasprimeras.com.do\/index.php\/category\/portada\/"},"img":{"alt_text":"Mariano Germ\u00e1n y Arturo Socias","src":"https:\/\/i0.wp.com\/lasprimeras.com.do\/wp-content\/uploads\/2024\/01\/Mariano-German-y-Arturo-Socias.jpg?resize=350%2C200&ssl=1","width":350,"height":200,"srcset":"https:\/\/i0.wp.com\/lasprimeras.com.do\/wp-content\/uploads\/2024\/01\/Mariano-German-y-Arturo-Socias.jpg?resize=350%2C200&ssl=1 1x, https:\/\/i0.wp.com\/lasprimeras.com.do\/wp-content\/uploads\/2024\/01\/Mariano-German-y-Arturo-Socias.jpg?resize=525%2C300&ssl=1 1.5x, https:\/\/i0.wp.com\/lasprimeras.com.do\/wp-content\/uploads\/2024\/01\/Mariano-German-y-Arturo-Socias.jpg?resize=700%2C400&ssl=1 2x"},"classes":[]},{"id":74516,"url":"https:\/\/lasprimeras.com.do\/index.php\/2024\/01\/24\/el-gobierno-inaugura-manana-monte-grande\/","url_meta":{"origin":99334,"position":3},"title":"El Gobierno inaugura ma\u00f1ana Monte Grande","author":"BIMARY DE JES\u00daS Matos","date":"24 de enero de 2024","format":false,"excerpt":"Santo Domingo.-A 10 a\u00f1os del inicio de su construcci\u00f3n, el Gobierno entregar\u00e1 el embalse de la presa Monte Grande, obra vital para la mitigaci\u00f3n de inundaciones en Enriquillo, regi\u00f3n que la solicitaba desde el a\u00f1o 1967. Tras varias posposiciones, la inauguraci\u00f3n de Monte Grande est\u00e1 prevista para ma\u00f1ana jueves en\u2026","rel":"","context":"En \u00abNACIONALES\u00bb","block_context":{"text":"NACIONALES","link":"https:\/\/lasprimeras.com.do\/index.php\/category\/nacionales\/"},"img":{"alt_text":"","src":"https:\/\/i0.wp.com\/lasprimeras.com.do\/wp-content\/uploads\/2024\/01\/WhatsApp-Image-2024-01-22-at-9.27.36-AM-2-2.webp?resize=350%2C200&ssl=1","width":350,"height":200,"srcset":"https:\/\/i0.wp.com\/lasprimeras.com.do\/wp-content\/uploads\/2024\/01\/WhatsApp-Image-2024-01-22-at-9.27.36-AM-2-2.webp?resize=350%2C200&ssl=1 1x, https:\/\/i0.wp.com\/lasprimeras.com.do\/wp-content\/uploads\/2024\/01\/WhatsApp-Image-2024-01-22-at-9.27.36-AM-2-2.webp?resize=525%2C300&ssl=1 1.5x"},"classes":[]},{"id":74946,"url":"https:\/\/lasprimeras.com.do\/index.php\/2024\/01\/27\/roberto-angel-el-triunfo-del-prm-y-aliados-en-azua-sera-contundente\/","url_meta":{"origin":99334,"position":4},"title":"Roberto \u00c1ngel: \u201cEl triunfo del PRM y aliados en Azua ser\u00e1 contundente\u201d","author":"Nelson Feliz","date":"27 de enero de 2024","format":false,"excerpt":"El alto dirigente pol\u00edtico encabez\u00f3 una marcha-caravana en apoyo a Rafael Hidalgo, candidato a alcalde del municipio de Azua, junto a la senadora L\u00eda D\u00edaz El miembro de la Direcci\u00f3n Ejecutiva del Partido Revolucionario Moderno(PRM), Roberto \u00c1ngel Salcedo, asegur\u00f3 este s\u00e1bado que el triunfo de esa organizaci\u00f3n y sus aliados\u2026","rel":"","context":"En \u00abPORTADA\u00bb","block_context":{"text":"PORTADA","link":"https:\/\/lasprimeras.com.do\/index.php\/category\/portada\/"},"img":{"alt_text":"Roberto \u00c1ngel Salcedo","src":"https:\/\/i0.wp.com\/lasprimeras.com.do\/wp-content\/uploads\/2024\/01\/Roberto-Angel-Salcedo-7.jpg?resize=350%2C200&ssl=1","width":350,"height":200,"srcset":"https:\/\/i0.wp.com\/lasprimeras.com.do\/wp-content\/uploads\/2024\/01\/Roberto-Angel-Salcedo-7.jpg?resize=350%2C200&ssl=1 1x, https:\/\/i0.wp.com\/lasprimeras.com.do\/wp-content\/uploads\/2024\/01\/Roberto-Angel-Salcedo-7.jpg?resize=525%2C300&ssl=1 1.5x, https:\/\/i0.wp.com\/lasprimeras.com.do\/wp-content\/uploads\/2024\/01\/Roberto-Angel-Salcedo-7.jpg?resize=700%2C400&ssl=1 2x"},"classes":[]},{"id":84283,"url":"https:\/\/lasprimeras.com.do\/index.php\/2024\/06\/04\/coe-sigue-el-peligro-contra-inundaciones-por-fuertes-aguaceros\/","url_meta":{"origin":99334,"position":5},"title":"COE sigue el peligro contra inundaciones por fuertes aguaceros","author":"Nelson Feliz","date":"4 de junio de 2024","format":false,"excerpt":"Fue descontinuada la alerta para San Juan, Valverde, Independencia, Bahoruco, El\u00edas Pi\u00f1a, Hermanas Mirabal y Espaillat. El Centro de Operaciones de Emergencias (COE) vari\u00f3 las alertas en varias provincias, no obstante la mantiene amarilla para 15 demarcaciones y verde para diez. Mientras que la Oficina Nacional de Meteorolog\u00eda advierte que\u2026","rel":"","context":"En \u00abNACIONALES\u00bb","block_context":{"text":"NACIONALES","link":"https:\/\/lasprimeras.com.do\/index.php\/category\/nacionales\/"},"img":{"alt_text":"","src":"https:\/\/i0.wp.com\/lasprimeras.com.do\/wp-content\/uploads\/2024\/06\/coe.jpeg?resize=350%2C200&ssl=1","width":350,"height":200,"srcset":"https:\/\/i0.wp.com\/lasprimeras.com.do\/wp-content\/uploads\/2024\/06\/coe.jpeg?resize=350%2C200&ssl=1 1x, https:\/\/i0.wp.com\/lasprimeras.com.do\/wp-content\/uploads\/2024\/06\/coe.jpeg?resize=525%2C300&ssl=1 1.5x, https:\/\/i0.wp.com\/lasprimeras.com.do\/wp-content\/uploads\/2024\/06\/coe.jpeg?resize=700%2C400&ssl=1 2x"},"classes":[]}],"jetpack_sharing_enabled":true,"_links":{"self":[{"href":"https:\/\/lasprimeras.com.do\/index.php\/wp-json\/wp\/v2\/posts\/99334","targetHints":{"allow":["GET"]}}],"collection":[{"href":"https:\/\/lasprimeras.com.do\/index.php\/wp-json\/wp\/v2\/posts"}],"about":[{"href":"https:\/\/lasprimeras.com.do\/index.php\/wp-json\/wp\/v2\/types\/post"}],"author":[{"embeddable":true,"href":"https:\/\/lasprimeras.com.do\/index.php\/wp-json\/wp\/v2\/users\/10"}],"replies":[{"embeddable":true,"href":"https:\/\/lasprimeras.com.do\/index.php\/wp-json\/wp\/v2\/comments?post=99334"}],"version-history":[{"count":1,"href":"https:\/\/lasprimeras.com.do\/index.php\/wp-json\/wp\/v2\/posts\/99334\/revisions"}],"predecessor-version":[{"id":99336,"href":"https:\/\/lasprimeras.com.do\/index.php\/wp-json\/wp\/v2\/posts\/99334\/revisions\/99336"}],"wp:featuredmedia":[{"embeddable":true,"href":"https:\/\/lasprimeras.com.do\/index.php\/wp-json\/wp\/v2\/media\/99335"}],"wp:attachment":[{"href":"https:\/\/lasprimeras.com.do\/index.php\/wp-json\/wp\/v2\/media?parent=99334"}],"wp:term":[{"taxonomy":"category","embeddable":true,"href":"https:\/\/lasprimeras.com.do\/index.php\/wp-json\/wp\/v2\/categories?post=99334"},{"taxonomy":"post_tag","embeddable":true,"href":"https:\/\/lasprimeras.com.do\/index.php\/wp-json\/wp\/v2\/tags?post=99334"}],"curies":[{"name":"wp","href":"https:\/\/api.w.org\/{rel}","templated":true}]}}