{"id":99365,"date":"2025-05-20T22:46:54","date_gmt":"2025-05-21T02:46:54","guid":{"rendered":"https:\/\/lasprimeras.com.do\/?p=99365"},"modified":"2025-05-20T22:46:55","modified_gmt":"2025-05-21T02:46:55","slug":"prm-condena-campana-de-descredito-contra-faride-raful-y-milagros-german","status":"publish","type":"post","link":"https:\/\/lasprimeras.com.do\/index.php\/2025\/05\/20\/prm-condena-campana-de-descredito-contra-faride-raful-y-milagros-german\/","title":{"rendered":"PRM condena campa\u00f1a de descr\u00e9dito contra Faride Raful y Milagros Germ\u00e1n"},"content":{"rendered":"\n<p>El Partido Revolucionario Moderno (PRM) conden\u00f3 este martes de manera en\u00e9rgica la campa\u00f1a de descr\u00e9dito personal que ha sido emprendida en contra de la miembro de la Direcci\u00f3n Ejecutiva, Faride Raful.<\/p>\n\n\n\n<p>En documento de prensa, el PRM indica que ante campa\u00f1as aviesas, desproporcionadas y atroces, dirigidas a amedrentar y empa\u00f1ar la reputaci\u00f3n de las personas, reafirmamos nuestro compromiso con la dignidad, el respeto y la integridad de todos los que participan en la vida p\u00fablica, sin distinci\u00f3n de g\u00e9nero.<\/p>\n\n\n\n<p>Por tal raz\u00f3n nos solidarizamos con la destacada comunicadora y exministra de Cultura, Milagros Germ\u00e1n. Esta campa\u00f1a disfrazada de opini\u00f3n p\u00fablica y manipulaci\u00f3n medi\u00e1tica, atenta contra los valores que promovemos como partido y como sociedad, sostiene el partido.<\/p>\n\n\n\n<p>&#8220;Hacemos un llamado a la reflexi\u00f3n a la ciudadan\u00eda en general para condenar estas acciones que laceran lo m\u00e1s profundo de nuestra sociedad y que amenazan la libertad de expresi\u00f3n como reivindicaci\u00f3n de la democracia el marco del respeto al honor y a la libertad individual&#8221;,agrega el PRM en el documento.<\/p>\n","protected":false},"excerpt":{"rendered":"<p>El Partido Revolucionario Moderno (PRM) conden\u00f3 este martes de manera en\u00e9rgica la campa\u00f1a de descr\u00e9dito personal que ha sido emprendida en contra de la miembro de la Direcci\u00f3n Ejecutiva, Faride&hellip;<\/p>\n","protected":false},"author":2,"featured_media":77942,"comment_status":"open","ping_status":"open","sticky":false,"template":"","format":"standard","meta":{"content-type":"","jetpack_post_was_ever_published":false,"_jetpack_newsletter_access":"","_jetpack_dont_email_post_to_subs":false,"_jetpack_newsletter_tier_id":0,"_jetpack_memberships_contains_paywalled_content":false,"_jetpack_memberships_contains_paid_content":false,"footnotes":""},"categories":[16559],"tags":[19746,417,996,5389,31],"class_list":["post-99365","post","type-post","status-publish","format-standard","has-post-thumbnail","hentry","category-politica","tag-campana-de-descredito","tag-condena","tag-faride-raful","tag-milagros-german","tag-prm"],"jetpack_featured_media_url":"https:\/\/lasprimeras.com.do\/wp-content\/uploads\/2024\/02\/PRM.jpg","jetpack-related-posts":[{"id":99442,"url":"https:\/\/lasprimeras.com.do\/index.php\/2025\/05\/21\/faride-raful-ejemplo-de-dignidad-firmeza-y-responsabilidad\/","url_meta":{"origin":99365,"position":0},"title":"Faride Raf\u00fal ejemplo de dignidad, firmeza y responsabilidad","author":"Nelson Feliz","date":"21 de mayo de 2025","format":false,"excerpt":"Por Dr. Ram\u00f3n Ceballo En un contexto de alta presi\u00f3n pol\u00edtica, marcado por ataques sistem\u00e1ticos y campa\u00f1as de descr\u00e9dito, la ex senadora y actual ministra de Interior y Polic\u00eda, Faride Raf\u00fal, ha sido blanco de una agresiva ofensiva que combina violencia pol\u00edtica de g\u00e9nero y acoso digital, manifestaciones claras de\u2026","rel":"","context":"En \u00abOPINI\u00d3N\u00bb","block_context":{"text":"OPINI\u00d3N","link":"https:\/\/lasprimeras.com.do\/index.php\/category\/opinion\/"},"img":{"alt_text":"","src":"https:\/\/i0.wp.com\/lasprimeras.com.do\/wp-content\/uploads\/2025\/05\/Faride-Raful.jpg?resize=350%2C200&ssl=1","width":350,"height":200,"srcset":"https:\/\/i0.wp.com\/lasprimeras.com.do\/wp-content\/uploads\/2025\/05\/Faride-Raful.jpg?resize=350%2C200&ssl=1 1x, https:\/\/i0.wp.com\/lasprimeras.com.do\/wp-content\/uploads\/2025\/05\/Faride-Raful.jpg?resize=525%2C300&ssl=1 1.5x, https:\/\/i0.wp.com\/lasprimeras.com.do\/wp-content\/uploads\/2025\/05\/Faride-Raful.jpg?resize=700%2C400&ssl=1 2x"},"classes":[]},{"id":74815,"url":"https:\/\/lasprimeras.com.do\/index.php\/2024\/01\/26\/faride-raful-en-el-prm-algunos-me-respetan-y-otros-no\/","url_meta":{"origin":99365,"position":1},"title":"Faride Raful: En el PRM algunos me respetan y otros no","author":"Nelson Feliz","date":"26 de enero de 2024","format":false,"excerpt":"Raful dijo que est\u00e1 muy enfocada en la estructuraci\u00f3n del comando a nivel nacional y que como co coordinadora apoyar\u00e1 a todos los candidatos de la alianza que encabeza el PRM. La senadora por el Distrito Nacional, Faride Raful, reflexion\u00f3 en dos ocasiones sobre los desafectos que le tienen algunos\u2026","rel":"","context":"En \u00abPORTADA\u00bb","block_context":{"text":"PORTADA","link":"https:\/\/lasprimeras.com.do\/index.php\/category\/portada\/"},"img":{"alt_text":"Faride Raful","src":"https:\/\/i0.wp.com\/lasprimeras.com.do\/wp-content\/uploads\/2023\/08\/Faride-Raful.jpeg?resize=350%2C200&ssl=1","width":350,"height":200,"srcset":"https:\/\/i0.wp.com\/lasprimeras.com.do\/wp-content\/uploads\/2023\/08\/Faride-Raful.jpeg?resize=350%2C200&ssl=1 1x, https:\/\/i0.wp.com\/lasprimeras.com.do\/wp-content\/uploads\/2023\/08\/Faride-Raful.jpeg?resize=525%2C300&ssl=1 1.5x"},"classes":[]},{"id":99369,"url":"https:\/\/lasprimeras.com.do\/index.php\/2025\/05\/20\/claudia-perez-la-tora-pide-disculpa-a-faride-y-milagros-german-por-su-hija\/","url_meta":{"origin":99365,"position":2},"title":"Claudia P\u00e9rez (La Tora) pide disculpa a Faride y Milagros Germ\u00e1n por su hija","author":"Nelson Feliz","date":"20 de mayo de 2025","format":false,"excerpt":"La comunicadora Claudia P\u00e9rez (La Tora) se disculp\u00f3 con la ministra de Interior y Polic\u00eda, Faride Raful, y la exministra de Cultura, Milagros Germ\u00e1n, por recientes rumores emitidos por su hija Ingrid Jorge. Lo hizo en una entrevista en el programa El Control de la Noche, en la que reconoci\u00f3\u2026","rel":"","context":"En \u00abNACIONALES\u00bb","block_context":{"text":"NACIONALES","link":"https:\/\/lasprimeras.com.do\/index.php\/category\/nacionales\/"},"img":{"alt_text":"","src":"https:\/\/i0.wp.com\/img.youtube.com\/vi\/iL1tcCZucyY\/0.jpg?resize=350%2C200","width":350,"height":200},"classes":[]},{"id":73097,"url":"https:\/\/lasprimeras.com.do\/index.php\/2024\/01\/05\/abinader-designa-a-paliza-y-faride-raful-como-coordinadores-de-su-campana\/","url_meta":{"origin":99365,"position":3},"title":"Abinader designa a Paliza y Faride Raful como coordinadores de su campa\u00f1a","author":"BIMARY DE JES\u00daS Matos","date":"5 de enero de 2024","format":false,"excerpt":"Santo Domingo.-Jos\u00e9 Ignacio Paliza, presidente del Partido Revolucionario Moderno (PRM), inform\u00f3 que asumir\u00e1 el rol de coordinador general en la campa\u00f1a presidencial de Luis Abinader, accediendo a la solicitud formal realizada por el jefe de Estado. Explic\u00f3 que la actual senadora del Distrito Nacional, Faride Raful, estar\u00e1 como co-cordinadora de\u2026","rel":"","context":"En \u00abSin categor\u00eda\u00bb","block_context":{"text":"Sin categor\u00eda","link":"https:\/\/lasprimeras.com.do\/index.php\/category\/sin-categoria\/"},"img":{"alt_text":"","src":"https:\/\/i0.wp.com\/lasprimeras.com.do\/wp-content\/uploads\/2024\/01\/657cfd6f3a4da.png?resize=350%2C200&ssl=1","width":350,"height":200,"srcset":"https:\/\/i0.wp.com\/lasprimeras.com.do\/wp-content\/uploads\/2024\/01\/657cfd6f3a4da.png?resize=350%2C200&ssl=1 1x, https:\/\/i0.wp.com\/lasprimeras.com.do\/wp-content\/uploads\/2024\/01\/657cfd6f3a4da.png?resize=525%2C300&ssl=1 1.5x, https:\/\/i0.wp.com\/lasprimeras.com.do\/wp-content\/uploads\/2024\/01\/657cfd6f3a4da.png?resize=700%2C400&ssl=1 2x"},"classes":[]},{"id":73131,"url":"https:\/\/lasprimeras.com.do\/index.php\/2024\/01\/06\/faride-raful-agradece-designacion-de-abinader-como-co-coordinadora-de-su-campana-presidencial\/","url_meta":{"origin":99365,"position":4},"title":"Faride Raful agradece designaci\u00f3n de Abinader como co-coordinadora de su campa\u00f1a presidencial","author":"BIMARY DE JES\u00daS Matos","date":"6 de enero de 2024","format":false,"excerpt":"SANTO DOMINGO.\u2013La senadora por el Distrito Nacional, Faride Raful, agradeci\u00f3 al presidente Luis Abinader la designaci\u00f3n como co-coordinadora de campa\u00f1a presidencial del mandatario junto al Ministro Administrativo de la Presidencia, Jos\u00e9 Ignacio Paliza. Paliza, presidente del Partido Revolucionario Moderno (PRM), anunci\u00f3 ayer viernes que ser\u00e1 el coordinador general de la\u2026","rel":"","context":"En \u00abSin categor\u00eda\u00bb","block_context":{"text":"Sin categor\u00eda","link":"https:\/\/lasprimeras.com.do\/index.php\/category\/sin-categoria\/"},"img":{"alt_text":"","src":"https:\/\/i0.wp.com\/lasprimeras.com.do\/wp-content\/uploads\/2024\/01\/Noticias-de-energia-2024-01-04T183445.722-4.jpg?resize=350%2C200&ssl=1","width":350,"height":200,"srcset":"https:\/\/i0.wp.com\/lasprimeras.com.do\/wp-content\/uploads\/2024\/01\/Noticias-de-energia-2024-01-04T183445.722-4.jpg?resize=350%2C200&ssl=1 1x, https:\/\/i0.wp.com\/lasprimeras.com.do\/wp-content\/uploads\/2024\/01\/Noticias-de-energia-2024-01-04T183445.722-4.jpg?resize=525%2C300&ssl=1 1.5x"},"classes":[]},{"id":99560,"url":"https:\/\/lasprimeras.com.do\/index.php\/2025\/05\/23\/frente-de-mujeres-prm-de-pensilvania-sale-en-defensa-de-faride-raful\/","url_meta":{"origin":99365,"position":5},"title":"Frente de Mujeres PRM de Pensilvania sale en defensa de Faride Raful","author":"Nelson Feliz","date":"23 de mayo de 2025","format":false,"excerpt":"Estados Unidos. La presidenta del Frente de Mujeres del Partido Revolucionario Moderno (PRM) en Pensilvania, Tomasina Sosa, manifest\u00f3 el firme respaldo de su organizaci\u00f3n en favor de Faride Raful, ministra de Interior y Polic\u00eda, ante los recientes ataques verbales, difamaci\u00f3n y actos de acoso a su persona. Sosa dijo que\u2026","rel":"","context":"En \u00abPOLITICA\u00bb","block_context":{"text":"POLITICA","link":"https:\/\/lasprimeras.com.do\/index.php\/category\/politica\/"},"img":{"alt_text":"Tomasina Sosa","src":"https:\/\/i0.wp.com\/lasprimeras.com.do\/wp-content\/uploads\/2025\/05\/Tomasina-Sosa.jpg?resize=350%2C200&ssl=1","width":350,"height":200,"srcset":"https:\/\/i0.wp.com\/lasprimeras.com.do\/wp-content\/uploads\/2025\/05\/Tomasina-Sosa.jpg?resize=350%2C200&ssl=1 1x, https:\/\/i0.wp.com\/lasprimeras.com.do\/wp-content\/uploads\/2025\/05\/Tomasina-Sosa.jpg?resize=525%2C300&ssl=1 1.5x"},"classes":[]}],"jetpack_sharing_enabled":true,"_links":{"self":[{"href":"https:\/\/lasprimeras.com.do\/index.php\/wp-json\/wp\/v2\/posts\/99365","targetHints":{"allow":["GET"]}}],"collection":[{"href":"https:\/\/lasprimeras.com.do\/index.php\/wp-json\/wp\/v2\/posts"}],"about":[{"href":"https:\/\/lasprimeras.com.do\/index.php\/wp-json\/wp\/v2\/types\/post"}],"author":[{"embeddable":true,"href":"https:\/\/lasprimeras.com.do\/index.php\/wp-json\/wp\/v2\/users\/2"}],"replies":[{"embeddable":true,"href":"https:\/\/lasprimeras.com.do\/index.php\/wp-json\/wp\/v2\/comments?post=99365"}],"version-history":[{"count":1,"href":"https:\/\/lasprimeras.com.do\/index.php\/wp-json\/wp\/v2\/posts\/99365\/revisions"}],"predecessor-version":[{"id":99366,"href":"https:\/\/lasprimeras.com.do\/index.php\/wp-json\/wp\/v2\/posts\/99365\/revisions\/99366"}],"wp:featuredmedia":[{"embeddable":true,"href":"https:\/\/lasprimeras.com.do\/index.php\/wp-json\/wp\/v2\/media\/77942"}],"wp:attachment":[{"href":"https:\/\/lasprimeras.com.do\/index.php\/wp-json\/wp\/v2\/media?parent=99365"}],"wp:term":[{"taxonomy":"category","embeddable":true,"href":"https:\/\/lasprimeras.com.do\/index.php\/wp-json\/wp\/v2\/categories?post=99365"},{"taxonomy":"post_tag","embeddable":true,"href":"https:\/\/lasprimeras.com.do\/index.php\/wp-json\/wp\/v2\/tags?post=99365"}],"curies":[{"name":"wp","href":"https:\/\/api.w.org\/{rel}","templated":true}]}}