{"id":99379,"date":"2025-05-20T23:25:57","date_gmt":"2025-05-21T03:25:57","guid":{"rendered":"https:\/\/lasprimeras.com.do\/?p=99379"},"modified":"2025-05-20T23:25:57","modified_gmt":"2025-05-21T03:25:57","slug":"senado-aprueba-resolucion-declara-en-emergencia-la-provincia-independencia","status":"publish","type":"post","link":"https:\/\/lasprimeras.com.do\/index.php\/2025\/05\/20\/senado-aprueba-resolucion-declara-en-emergencia-la-provincia-independencia\/","title":{"rendered":"Senado aprueba resoluci\u00f3n declara en emergencia la provincia Independencia"},"content":{"rendered":"\n<p>El Senado de la Rep\u00fablica aprob\u00f3 en \u00fanica lectura una resoluci\u00f3n que solicita al presidente Luis Abinader, declarar en estado de emergencia a la provincia Independencia e ir en auxilio de los municipios la Descubierta, Mella y el distrito municipal Boca de Cach\u00f3n, por las fuertes lluvias e inundaciones registradas los d\u00edas 16 y 17 de mayo del presente a\u00f1o 2025, propuesta del senador Dagoberto Rodr\u00edguez.<\/p>\n\n\n\n<p>La pieza indica que las intensas lluvias han provocado p\u00e9rdidas significativas en la producci\u00f3n agr\u00edcola de la provincia Independencia, que ha afectado cultivos esenciales que constituyen la base de la alimentaci\u00f3n y de la econom\u00eda local, comprometiendo as\u00ed el sustento diario de numerosas familias campesinas de esa localidad.<\/p>\n\n\n\n<p>La misma dispone la reconstrucci\u00f3n del puente El Penitente, as\u00ed como la rehabilitaci\u00f3n de caminos vecinales y otras infraestructuras da\u00f1adas para restablecer el tr\u00e1nsito y la comunicaci\u00f3n entre las comunidades afectadas.<\/p>\n\n\n\n<p>Tambi\u00e9n detalla que el canal Las Barias, infraestructura hidr\u00e1ulica de gran relevancia para el riego agr\u00edcola en la zona de Boca de Cach\u00f3n, ha sufrido da\u00f1os importantes debido al incremento del flujo h\u00eddrico, comprometiendo la irrigaci\u00f3n de tierras cultivables.<\/p>\n\n\n\n<p>En segunda lectura<\/p>\n\n\n\n<p>En segunda lectura, fue aprobado el proyecto que declara la provincia La Romana como provincia Ecotur\u00edstica, una propuesta del senador Eduard Alexis Espiritusanto.<\/p>\n\n\n\n<p>Tambi\u00e9n, fue sancionado el proyecto de ley que designa con el nombre de doctor \u00c1ngel Mar\u00eda Gat\u00f3n el nuevo Hospital Regional de San Francisco de Macor\u00eds, propuesta del senador Franklin Romero.<\/p>\n\n\n\n<p>En los trabajos de este martes, los senadores aprobaron el proyecto que modifica el art\u00edculo 4 de la Ley 4532, que regula la exploraci\u00f3n, explotaci\u00f3n y beneficios por particulares, de los yacimientos del petr\u00f3leo y sus derivados, los hidrocarburos y dem\u00e1s combustibles similares, iniciativa remitida por la C\u00e1mara de Diputados.<\/p>\n\n\n\n<p>El pleno aprob\u00f3 varias iniciativas en \u00fanica lectura entre ellas; la resoluci\u00f3n que reconoce a Luis Virgilio Reyes Mesa por sus aportes y trayectoria de servicio en favor de los habitantes de la provincia Barahona, iniciativa presentada por el senador Mois\u00e9s Ayala.<\/p>\n\n\n\n<p>Ademas, la resoluci\u00f3n que reconoce al Ateneo Amantes de la Luz en sus 150 a\u00f1os de fundaci\u00f3n, por su sostenible y emblem\u00e1tica gesti\u00f3n educativa y cultural en favor de la provincia de Santiago y de la Rep\u00fablica Dominicana, iniciativa presentada por el senador Daniel Rivera.<\/p>\n\n\n\n<p>A solicitud del proponente, Crist\u00f3bal Venerado Castillo, fue aprobada la resoluci\u00f3n que solicita al director ejecutivo del Consejo Nacional de la Persona Envejeciente, Jos\u00e9 Garc\u00eda Ram\u00edrez, que propicie la instalaci\u00f3n de un espacio de atenci\u00f3n diurno para adultos mayores en el municipio de Sabana de la Mar, provincia de Hato Mayor.<\/p>\n\n\n\n<p>En \u00fanica lectura, se aprob\u00f3 el contrato de Fideicomiso P\u00fablico para la modernizaci\u00f3n de los mercados de abastos de Santo Domingo (FIMERCA-SD), suscrito entre el Estado dominicano y Fiduciaria Reservas, S. A, el 27 de septiembre de 2024, en virtud del decreto 357-24, remitido por el Poder Ejecutivo.<\/p>\n\n\n\n<p>En primera lectura los senadores conocieron el proyecto de ley que declara a la provincia Monse\u00f1or Nouel, provincia Ecotur\u00edstica, presentada por el senador de esa demarcaci\u00f3n, H\u00e9ctor Acosta.<\/p>\n\n\n\n<p>Los senadores guardaron un minuto de silencio en memoria de do\u00f1a Dania Ram\u00edrez, madre del colaborador de la C\u00e1mara Alta, Andreibys Ram\u00edrez.<\/p>\n","protected":false},"excerpt":{"rendered":"<p>El Senado de la Rep\u00fablica aprob\u00f3 en \u00fanica lectura una resoluci\u00f3n que solicita al presidente Luis Abinader, declarar en estado de emergencia a la provincia Independencia e ir en auxilio&hellip;<\/p>\n","protected":false},"author":2,"featured_media":99380,"comment_status":"open","ping_status":"open","sticky":false,"template":"","format":"standard","meta":{"content-type":"","jetpack_post_was_ever_published":false,"_jetpack_newsletter_access":"","_jetpack_dont_email_post_to_subs":false,"_jetpack_newsletter_tier_id":0,"_jetpack_memberships_contains_paywalled_content":false,"_jetpack_memberships_contains_paid_content":false,"footnotes":""},"categories":[35,25],"tags":[408,19754,560,1322,805,370,413],"class_list":["post-99379","post","type-post","status-publish","format-standard","has-post-thumbnail","hentry","category-nacionales","category-portada","tag-aprueba","tag-declara","tag-emergencia","tag-independencia","tag-provincia","tag-resolucion","tag-senado"],"jetpack_featured_media_url":"https:\/\/lasprimeras.com.do\/wp-content\/uploads\/2025\/05\/Ricardo-de-los-Santos-4.jpg","jetpack-related-posts":[{"id":112477,"url":"https:\/\/lasprimeras.com.do\/index.php\/2025\/10\/22\/senado-aprueba-resolucion-que-declara-de-emergencia-construccion-del-puente-don-juan-monte-plata\/","url_meta":{"origin":99379,"position":0},"title":"Senado aprueba resoluci\u00f3n que declara de emergencia construcci\u00f3n del Puente Don Juan- Monte Plata","author":"Nelson Feliz","date":"22 de octubre de 2025","format":false,"excerpt":"El Senado de la Rep\u00fablica aprob\u00f3 en \u00fanica lectura la resoluci\u00f3n que solicita al presidente Luis Abinader declarar de urgencia el proceso de licitaci\u00f3n para la construcci\u00f3n del Puente que comunica a Don Juan-Monte Plata y el municipio de Yamas\u00e1, en la provincia Monte Plata. La iniciativa legislativa, presentada por\u2026","rel":"","context":"En \u00abNACIONALES\u00bb","block_context":{"text":"NACIONALES","link":"https:\/\/lasprimeras.com.do\/index.php\/category\/nacionales\/"},"img":{"alt_text":"","src":"https:\/\/i0.wp.com\/lasprimeras.com.do\/wp-content\/uploads\/2025\/10\/Ricardo-de-los-Santos-3.jpg?resize=350%2C200&ssl=1","width":350,"height":200,"srcset":"https:\/\/i0.wp.com\/lasprimeras.com.do\/wp-content\/uploads\/2025\/10\/Ricardo-de-los-Santos-3.jpg?resize=350%2C200&ssl=1 1x, https:\/\/i0.wp.com\/lasprimeras.com.do\/wp-content\/uploads\/2025\/10\/Ricardo-de-los-Santos-3.jpg?resize=525%2C300&ssl=1 1.5x, https:\/\/i0.wp.com\/lasprimeras.com.do\/wp-content\/uploads\/2025\/10\/Ricardo-de-los-Santos-3.jpg?resize=700%2C400&ssl=1 2x"},"classes":[]},{"id":112814,"url":"https:\/\/lasprimeras.com.do\/index.php\/2025\/10\/27\/senado-aprueba-resolucion-que-busca-designar-profesionales-de-salud-mental-a-nivel-nacional\/","url_meta":{"origin":99379,"position":1},"title":"Senado aprueba resoluci\u00f3n que busca designar profesionales de salud mental a nivel nacional","author":"Nelson Feliz","date":"27 de octubre de 2025","format":false,"excerpt":"El Senado dominicano aprob\u00f3 este lunes, en \u00fanica lectura, una resoluci\u00f3n que solicita al presidente Luis Abinader instruir al director del Servicio Nacional de Salud (SNS) para gestionar el nombramiento de profesionales de la conducta a nivel nacional. La pieza establece que se debe facilitar el ingreso de especialistas en\u2026","rel":"","context":"En \u00abNACIONALES\u00bb","block_context":{"text":"NACIONALES","link":"https:\/\/lasprimeras.com.do\/index.php\/category\/nacionales\/"},"img":{"alt_text":"","src":"https:\/\/i0.wp.com\/lasprimeras.com.do\/wp-content\/uploads\/2025\/06\/senado-7.jpg?resize=350%2C200&ssl=1","width":350,"height":200,"srcset":"https:\/\/i0.wp.com\/lasprimeras.com.do\/wp-content\/uploads\/2025\/06\/senado-7.jpg?resize=350%2C200&ssl=1 1x, https:\/\/i0.wp.com\/lasprimeras.com.do\/wp-content\/uploads\/2025\/06\/senado-7.jpg?resize=525%2C300&ssl=1 1.5x, https:\/\/i0.wp.com\/lasprimeras.com.do\/wp-content\/uploads\/2025\/06\/senado-7.jpg?resize=700%2C400&ssl=1 2x"},"classes":[]},{"id":101667,"url":"https:\/\/lasprimeras.com.do\/index.php\/2025\/06\/24\/senado-aprueba-ley-que-declara-el-25-de-octubre-eldia-del-cooperativismo-en-rd\/","url_meta":{"origin":99379,"position":2},"title":"Senado aprueba ley que declara el 25 de octubre el&#8221;D\u00eda del Cooperativismo&#8221; en RD","author":"Nelson Feliz","date":"24 de junio de 2025","format":false,"excerpt":"El Senado de la Rep\u00fablica aprob\u00f3 en segunda lectura el proyecto de ley que declara el 25 de octubre de cada a\u00f1o como D\u00eda del Cooperativismo en la Rep\u00fablica Dominicana, presentado por el senador de la provincia Peravia, Julito Fulcar Encarnaci\u00f3n. El proyecto fue sometido considerando que las cooperativas son\u2026","rel":"","context":"En \u00abNACIONALES\u00bb","block_context":{"text":"NACIONALES","link":"https:\/\/lasprimeras.com.do\/index.php\/category\/nacionales\/"},"img":{"alt_text":"","src":"https:\/\/i0.wp.com\/lasprimeras.com.do\/wp-content\/uploads\/2025\/06\/Ricardo-1.jpg?resize=350%2C200&ssl=1","width":350,"height":200,"srcset":"https:\/\/i0.wp.com\/lasprimeras.com.do\/wp-content\/uploads\/2025\/06\/Ricardo-1.jpg?resize=350%2C200&ssl=1 1x, https:\/\/i0.wp.com\/lasprimeras.com.do\/wp-content\/uploads\/2025\/06\/Ricardo-1.jpg?resize=525%2C300&ssl=1 1.5x, https:\/\/i0.wp.com\/lasprimeras.com.do\/wp-content\/uploads\/2025\/06\/Ricardo-1.jpg?resize=700%2C400&ssl=1 2x"},"classes":[]},{"id":125644,"url":"https:\/\/lasprimeras.com.do\/index.php\/2026\/03\/25\/senado-de-la-republica-aprueba-reforma-a-la-ley-que-rige-la-autoridad-portuaria\/","url_meta":{"origin":99379,"position":3},"title":"Senado de la Rep\u00fablica aprueba reforma a la Ley que rige la Autoridad Portuaria","author":"Nelson Feliz","date":"25 de marzo de 2026","format":false,"excerpt":"Por: Adalgisa S\u00e1nchez El Senado de la Rep\u00fablica aprob\u00f3 en primera lectura el Proyecto de Ley que modifica los art\u00edculos 7 y 10 y deroga el art\u00edculo 17 de la Ley 70, sobre Autoridad Portuaria, presentada por la senadora Ginnette Bournigal de Jim\u00e9nez. En su considerando tercero el proyecto se\u00f1ala\u2026","rel":"","context":"En \u00abNACIONALES\u00bb","block_context":{"text":"NACIONALES","link":"https:\/\/lasprimeras.com.do\/index.php\/category\/nacionales\/"},"img":{"alt_text":"","src":"https:\/\/i0.wp.com\/lasprimeras.com.do\/wp-content\/uploads\/2026\/03\/ricardo-1.jpg?resize=350%2C200&ssl=1","width":350,"height":200,"srcset":"https:\/\/i0.wp.com\/lasprimeras.com.do\/wp-content\/uploads\/2026\/03\/ricardo-1.jpg?resize=350%2C200&ssl=1 1x, https:\/\/i0.wp.com\/lasprimeras.com.do\/wp-content\/uploads\/2026\/03\/ricardo-1.jpg?resize=525%2C300&ssl=1 1.5x, https:\/\/i0.wp.com\/lasprimeras.com.do\/wp-content\/uploads\/2026\/03\/ricardo-1.jpg?resize=700%2C400&ssl=1 2x"},"classes":[]},{"id":102171,"url":"https:\/\/lasprimeras.com.do\/index.php\/2025\/07\/01\/senado-aprueba-en-segunda-lectura-el-proyecto-que-crea-la-corte-de-apelacion-en-la-provincia-valverde\/","url_meta":{"origin":99379,"position":4},"title":"Senado aprueba en segunda lectura el proyecto que crea la Corte de Apelaci\u00f3n en la provincia Valverde","author":"Nelson Feliz","date":"1 de julio de 2025","format":false,"excerpt":"La iniciativa busca fortalecer el sistema judicial en la regi\u00f3n Noroeste del pa\u00eds. El Senado de la Rep\u00fablica aprob\u00f3 en segunda lectura el proyecto de ley que crea la Corte de Apelaci\u00f3n de la provincia Valverde, presentado por los senadores Odalis Rodr\u00edguez y Antonio Marte. Este proyecto tiene como objetivo\u2026","rel":"","context":"En \u00abNACIONALES\u00bb","block_context":{"text":"NACIONALES","link":"https:\/\/lasprimeras.com.do\/index.php\/category\/nacionales\/"},"img":{"alt_text":"","src":"https:\/\/i0.wp.com\/lasprimeras.com.do\/wp-content\/uploads\/2025\/07\/senado-2.jpg?resize=350%2C200&ssl=1","width":350,"height":200,"srcset":"https:\/\/i0.wp.com\/lasprimeras.com.do\/wp-content\/uploads\/2025\/07\/senado-2.jpg?resize=350%2C200&ssl=1 1x, https:\/\/i0.wp.com\/lasprimeras.com.do\/wp-content\/uploads\/2025\/07\/senado-2.jpg?resize=525%2C300&ssl=1 1.5x, https:\/\/i0.wp.com\/lasprimeras.com.do\/wp-content\/uploads\/2025\/07\/senado-2.jpg?resize=700%2C400&ssl=1 2x"},"classes":[]},{"id":100691,"url":"https:\/\/lasprimeras.com.do\/index.php\/2025\/06\/10\/senado-aprueba-con-modificaciones-proyecto-de-ley-organica-del-tse\/","url_meta":{"origin":99379,"position":5},"title":"Senado aprueba con modificaciones Proyecto de Ley Org\u00e1nica del TSE","author":"Nelson Feliz","date":"10 de junio de 2025","format":false,"excerpt":"El Senado de la Rep\u00fablica aprob\u00f3 en \u00fanica lectura y acogi\u00f3 las modificaciones observadas por el Poder Ejecutivo, al Proyecto de Ley Org\u00e1nica del Tribunal Superior Electoral, presentada por los senadores F\u00e9lix Bautista y Pedro Catrain. Esta iniciativa tiene por objeto regular el funcionamiento del Tribunal Superior Electoral, definir su\u2026","rel":"","context":"En \u00abNACIONALES\u00bb","block_context":{"text":"NACIONALES","link":"https:\/\/lasprimeras.com.do\/index.php\/category\/nacionales\/"},"img":{"alt_text":"","src":"https:\/\/i0.wp.com\/lasprimeras.com.do\/wp-content\/uploads\/2025\/06\/senado-7.jpg?resize=350%2C200&ssl=1","width":350,"height":200,"srcset":"https:\/\/i0.wp.com\/lasprimeras.com.do\/wp-content\/uploads\/2025\/06\/senado-7.jpg?resize=350%2C200&ssl=1 1x, https:\/\/i0.wp.com\/lasprimeras.com.do\/wp-content\/uploads\/2025\/06\/senado-7.jpg?resize=525%2C300&ssl=1 1.5x, https:\/\/i0.wp.com\/lasprimeras.com.do\/wp-content\/uploads\/2025\/06\/senado-7.jpg?resize=700%2C400&ssl=1 2x"},"classes":[]}],"jetpack_sharing_enabled":true,"_links":{"self":[{"href":"https:\/\/lasprimeras.com.do\/index.php\/wp-json\/wp\/v2\/posts\/99379","targetHints":{"allow":["GET"]}}],"collection":[{"href":"https:\/\/lasprimeras.com.do\/index.php\/wp-json\/wp\/v2\/posts"}],"about":[{"href":"https:\/\/lasprimeras.com.do\/index.php\/wp-json\/wp\/v2\/types\/post"}],"author":[{"embeddable":true,"href":"https:\/\/lasprimeras.com.do\/index.php\/wp-json\/wp\/v2\/users\/2"}],"replies":[{"embeddable":true,"href":"https:\/\/lasprimeras.com.do\/index.php\/wp-json\/wp\/v2\/comments?post=99379"}],"version-history":[{"count":1,"href":"https:\/\/lasprimeras.com.do\/index.php\/wp-json\/wp\/v2\/posts\/99379\/revisions"}],"predecessor-version":[{"id":99381,"href":"https:\/\/lasprimeras.com.do\/index.php\/wp-json\/wp\/v2\/posts\/99379\/revisions\/99381"}],"wp:featuredmedia":[{"embeddable":true,"href":"https:\/\/lasprimeras.com.do\/index.php\/wp-json\/wp\/v2\/media\/99380"}],"wp:attachment":[{"href":"https:\/\/lasprimeras.com.do\/index.php\/wp-json\/wp\/v2\/media?parent=99379"}],"wp:term":[{"taxonomy":"category","embeddable":true,"href":"https:\/\/lasprimeras.com.do\/index.php\/wp-json\/wp\/v2\/categories?post=99379"},{"taxonomy":"post_tag","embeddable":true,"href":"https:\/\/lasprimeras.com.do\/index.php\/wp-json\/wp\/v2\/tags?post=99379"}],"curies":[{"name":"wp","href":"https:\/\/api.w.org\/{rel}","templated":true}]}}