{"id":99382,"date":"2025-05-20T23:39:04","date_gmt":"2025-05-21T03:39:04","guid":{"rendered":"https:\/\/lasprimeras.com.do\/?p=99382"},"modified":"2025-05-20T23:39:05","modified_gmt":"2025-05-21T03:39:05","slug":"estudiantes-de-ciencias-politicas-denuncian-escuela-de-derecho-intenta-despojar-asignaturas","status":"publish","type":"post","link":"https:\/\/lasprimeras.com.do\/index.php\/2025\/05\/20\/estudiantes-de-ciencias-politicas-denuncian-escuela-de-derecho-intenta-despojar-asignaturas\/","title":{"rendered":"Estudiantes de Ciencias Pol\u00edticas denuncian Escuela de Derecho intenta despojar asignaturas"},"content":{"rendered":"\n<p>Estudiantes de la Escuela de Ciencias Pol\u00edticas de la Facultad de Ciencias Jur\u00eddicas y Pol\u00edticas de la Universidad Aut\u00f3noma de Santo Domingo (UASD) han emitido un segundo llamado urgente ante lo que consideran un intento de despojo curricular por parte de la Escuela de Derecho, en el marco del proceso de revisi\u00f3n curricular.<\/p>\n\n\n\n<p>La denuncia gira en torno a la intenci\u00f3n de trasladar a la Escuela de Derecho la titularidad de seis asignaturas que, seg\u00fan los estudiantes, forman parte del p\u00e9nsum de su escuela desde la fundaci\u00f3n en el a\u00f1o 1969:<\/p>\n\n\n\n<p>Derecho Constitucional I (POL-1370)<\/p>\n\n\n\n<p>Derecho Constitucional II (POL-1380)<\/p>\n\n\n\n<p>Derecho Administrativo (POL-2360)<\/p>\n\n\n\n<p>Derecho Internacional P\u00fablico I (POL-2410)<\/p>\n\n\n\n<p>Derecho Internacional P\u00fablico II (POL-2420)<\/p>\n\n\n\n<p>Derecho Internacional Americano (POL-2440)<\/p>\n\n\n\n<p>Se\u00f1alan que, de concretarse esta medida, las consecuencias ser\u00edan severas, ya que m\u00e1s del 70 % de las secciones docentes de Ciencias Pol\u00edticas se ver\u00edan afectadas, y numerosos profesores especializados, que han dedicado su vida acad\u00e9mica a estas c\u00e1tedras, perder\u00edan abruptamente la categor\u00eda profesional en la que han invertido a\u00f1os de formaci\u00f3n y experiencia. Este escenario podr\u00eda desencadenar un conflicto administrativo sin precedentes en la historia reciente de la universidad.<\/p>\n\n\n\n<p>Seg\u00fan denuncian los estudiantes, este \u201cdespojo\u201d figura en la agenda del Consejo Universitario para ma\u00f1ana, mi\u00e9rcoles 21 de mayo. Por ello, hacen un llamado urgente al Rector Magn\u00edfico de la UASD, maestro Editrudis Beltr\u00e1n; al Honorable Consejo Universitario; a la Federaci\u00f3n de Profesores de la UASD (FAPROUASD); a la Federaci\u00f3n de Estudiantes Dominicanos (FED); y a todas las autoridades competentes, para que interpongan sus buenos oficios y detengan lo que consideran una agresi\u00f3n contra su escuela.<\/p>\n\n\n\n<p>Advierten que, de consumarse las pretensiones de la Escuela de Derecho, se sentar\u00eda un precedente nefasto: que una escuela pueda, de manera arbitraria, despojar a otra de sus asignaturas, algo que podr\u00eda replicarse en otras facultades de la Primada de Am\u00e9rica.<\/p>\n\n\n\n<p>Asimismo, sostienen que, si la DIGEPLANDI permite que dos escuelas de una misma facultad impartan una misma asignatura con id\u00e9ntico contenido, estar\u00edan sembrando el caos curricular en la universidad. Adem\u00e1s, aseguran que tal situaci\u00f3n violar\u00eda el Estatuto Org\u00e1nico y otras normativas que rigen el funcionamiento institucional.<\/p>\n\n\n\n<p>Ante esta crisis, la comunidad estudiantil exige la intervenci\u00f3n inmediata y decidida de todas las autoridades competentes, con el objetivo de frenar lo que califican como una flagrante agresi\u00f3n contra la integridad de su escuela.<\/p>\n\n\n\n<p>El mensaje final es contundente: si las autoridades insisten en este despojo acad\u00e9mico que amenaza con desmantelar d\u00e9cadas de tradici\u00f3n educativa, los estudiantes activar\u00e1n un plan de acci\u00f3n contundente en defensa de la Escuela de Ciencias Pol\u00edticas, sus docentes y el legado hist\u00f3rico de formaci\u00f3n politol\u00f3gica que ha sido referente nacional por m\u00e1s de cinco d\u00e9cadas.<\/p>\n","protected":false},"excerpt":{"rendered":"<p>Estudiantes de la Escuela de Ciencias Pol\u00edticas de la Facultad de Ciencias Jur\u00eddicas y Pol\u00edticas de la Universidad Aut\u00f3noma de Santo Domingo (UASD) han emitido un segundo llamado urgente ante&hellip;<\/p>\n","protected":false},"author":2,"featured_media":99383,"comment_status":"open","ping_status":"open","sticky":false,"template":"","format":"standard","meta":{"content-type":"","jetpack_post_was_ever_published":false,"_jetpack_newsletter_access":"","_jetpack_dont_email_post_to_subs":false,"_jetpack_newsletter_tier_id":0,"_jetpack_memberships_contains_paywalled_content":false,"_jetpack_memberships_contains_paid_content":false,"footnotes":""},"categories":[35,25],"tags":[19756,2847,17749,19755,524,17711],"class_list":["post-99382","post","type-post","status-publish","format-standard","has-post-thumbnail","hentry","category-nacionales","category-portada","tag-asignaturas","tag-ciencias-politicas","tag-despojar","tag-escuela-de-derecho","tag-estudiantes","tag-intenta"],"jetpack_featured_media_url":"https:\/\/lasprimeras.com.do\/wp-content\/uploads\/2025\/05\/UASD-1.jpg","jetpack-related-posts":[{"id":69607,"url":"https:\/\/lasprimeras.com.do\/index.php\/2023\/12\/04\/ray-guevara-reclama-ensenar-la-constitucion-en-escuelas-y-liceos\/","url_meta":{"origin":99382,"position":0},"title":"Ray Guevara reclama ense\u00f1ar la Constituci\u00f3n en escuelas y liceos","author":"Nelson Feliz","date":"4 de diciembre de 2023","format":false,"excerpt":"En las 52 universidades e instituciones de educaci\u00f3n superior de la Rep\u00fablica Dominicana se aprob\u00f3 por exclamaci\u00f3n y unanimidad impartir la asignatura de ense\u00f1anza de la Constituci\u00f3n, pero en los niveles primarios y secundarios aun no se imparte la materia en violaci\u00f3n del Art\u00edculo 63 de la Carta Magna, afirm\u00f3\u2026","rel":"","context":"En \u00abNACIONALES\u00bb","block_context":{"text":"NACIONALES","link":"https:\/\/lasprimeras.com.do\/index.php\/category\/nacionales\/"},"img":{"alt_text":"Milton Ray Guevara","src":"https:\/\/i0.wp.com\/lasprimeras.com.do\/wp-content\/uploads\/2023\/12\/Milton-Ray-Guevara.jpg?resize=350%2C200&ssl=1","width":350,"height":200,"srcset":"https:\/\/i0.wp.com\/lasprimeras.com.do\/wp-content\/uploads\/2023\/12\/Milton-Ray-Guevara.jpg?resize=350%2C200&ssl=1 1x, https:\/\/i0.wp.com\/lasprimeras.com.do\/wp-content\/uploads\/2023\/12\/Milton-Ray-Guevara.jpg?resize=525%2C300&ssl=1 1.5x, https:\/\/i0.wp.com\/lasprimeras.com.do\/wp-content\/uploads\/2023\/12\/Milton-Ray-Guevara.jpg?resize=700%2C400&ssl=1 2x, https:\/\/i0.wp.com\/lasprimeras.com.do\/wp-content\/uploads\/2023\/12\/Milton-Ray-Guevara.jpg?resize=1050%2C600&ssl=1 3x, https:\/\/i0.wp.com\/lasprimeras.com.do\/wp-content\/uploads\/2023\/12\/Milton-Ray-Guevara.jpg?resize=1400%2C800&ssl=1 4x"},"classes":[]},{"id":52370,"url":"https:\/\/lasprimeras.com.do\/index.php\/2023\/06\/09\/jce-designa-encargado-de-seguimiento-de-infracciones-electorales\/","url_meta":{"origin":99382,"position":1},"title":"JCE designa encargado de Seguimiento de Infracciones Electorales","author":"prenxa100","date":"9 de junio de 2023","format":false,"excerpt":"El Pleno de la Junta Central Electoral (JCE) design\u00f3 al profesor Manuel Ram\u00f3n Pe\u00f1a Conce como encargado\u00a0 Unidad de Atenci\u00f3n, Seguimiento y Mecanismos de Ejecuci\u00f3n de las sanciones, con ocasi\u00f3n de las infracciones administrativas electorales y medidas cautelares que establecen las leyes n\u00fameros 20-23, Org\u00e1nica del R\u00e9gimen Electoral y 33-18,\u2026","rel":"","context":"En \u00abNACIONALES\u00bb","block_context":{"text":"NACIONALES","link":"https:\/\/lasprimeras.com.do\/index.php\/category\/nacionales\/"},"img":{"alt_text":"","src":"","width":0,"height":0},"classes":[]},{"id":103532,"url":"https:\/\/lasprimeras.com.do\/index.php\/2025\/07\/16\/abel-martinez-denuncia-falta-de-cupo-en-escuelas-publicas-para-hijos-de-dominicanos\/","url_meta":{"origin":99382,"position":2},"title":"Abel Mart\u00ednez denuncia falta de cupo en escuelas p\u00fablicas para hijos de dominicanos","author":"Nelson Feliz","date":"16 de julio de 2025","format":false,"excerpt":"El exalcalde de Santiago de los Caballeros Abel Mart\u00ednez, miembro del Comit\u00e9 Pol\u00edtico del Partido de la Liberaci\u00f3n Dominicana (PLD) expres\u00f3 su profunda preocupaci\u00f3n ante las m\u00faltiples denuncias de padres dominicanos que no han podido inscribir a sus hijos en escuelas p\u00fablicas por falta de cupos disponibles, una situaci\u00f3n que\u2026","rel":"","context":"En \u00abPOLITICA\u00bb","block_context":{"text":"POLITICA","link":"https:\/\/lasprimeras.com.do\/index.php\/category\/politica\/"},"img":{"alt_text":"Abel Mart\u00ednez","src":"https:\/\/i0.wp.com\/lasprimeras.com.do\/wp-content\/uploads\/2025\/07\/Abel-Martinez.jpg?resize=350%2C200&ssl=1","width":350,"height":200,"srcset":"https:\/\/i0.wp.com\/lasprimeras.com.do\/wp-content\/uploads\/2025\/07\/Abel-Martinez.jpg?resize=350%2C200&ssl=1 1x, https:\/\/i0.wp.com\/lasprimeras.com.do\/wp-content\/uploads\/2025\/07\/Abel-Martinez.jpg?resize=525%2C300&ssl=1 1.5x, https:\/\/i0.wp.com\/lasprimeras.com.do\/wp-content\/uploads\/2025\/07\/Abel-Martinez.jpg?resize=700%2C400&ssl=1 2x"},"classes":[]},{"id":94491,"url":"https:\/\/lasprimeras.com.do\/index.php\/2025\/03\/02\/acusan-al-ministro-andres-bautista-de-intentar-despojar-a-una-familia-de-sus-terrenos-en-el-santo-cerro\/","url_meta":{"origin":99382,"position":3},"title":"Acusan al Ministro Andr\u00e9s Bautista de intentar despojar a una familia de sus terrenos en el Santo Cerro","author":"Nelson Feliz","date":"2 de marzo de 2025","format":false,"excerpt":"Por Winston Hern\u00e1ndez@winstonnoticias La Vega. \u2013 La familia Ramos denunci\u00f3 que el ministro Andr\u00e9s Bautista intenta despojarlos de sus terrenos en la comunidad del Santo Cerro. Seg\u00fan afirman, un grupo de hombres fuertemente armados lleg\u00f3 a la propiedad en un intento de cercarla y presionarlos para que la vendan a\u2026","rel":"","context":"En \u00abNACIONALES\u00bb","block_context":{"text":"NACIONALES","link":"https:\/\/lasprimeras.com.do\/index.php\/category\/nacionales\/"},"img":{"alt_text":"","src":"https:\/\/i0.wp.com\/lasprimeras.com.do\/wp-content\/uploads\/2025\/03\/familia.jpg?resize=350%2C200&ssl=1","width":350,"height":200,"srcset":"https:\/\/i0.wp.com\/lasprimeras.com.do\/wp-content\/uploads\/2025\/03\/familia.jpg?resize=350%2C200&ssl=1 1x, https:\/\/i0.wp.com\/lasprimeras.com.do\/wp-content\/uploads\/2025\/03\/familia.jpg?resize=525%2C300&ssl=1 1.5x, https:\/\/i0.wp.com\/lasprimeras.com.do\/wp-content\/uploads\/2025\/03\/familia.jpg?resize=700%2C400&ssl=1 2x, https:\/\/i0.wp.com\/lasprimeras.com.do\/wp-content\/uploads\/2025\/03\/familia.jpg?resize=1050%2C600&ssl=1 3x, https:\/\/i0.wp.com\/lasprimeras.com.do\/wp-content\/uploads\/2025\/03\/familia.jpg?resize=1400%2C800&ssl=1 4x"},"classes":[]},{"id":53037,"url":"https:\/\/lasprimeras.com.do\/index.php\/2023\/06\/23\/ny-la-asociacion-de-vendedores-de-la-207-denuncian-intentan-despojarlos-de-la-plaza\/","url_meta":{"origin":99382,"position":4},"title":"NY: La Asociaci\u00f3n de Vendedores de la 207\u00a0 denuncian intentan despojarlos de la plaza","author":"Nelson Feliz","date":"23 de junio de 2023","format":false,"excerpt":"Los miembros de la Asociaci\u00f3n de Vendedores Comunitarios de la 207 en el Alto Manhattan denunciaron el intento de despojarlos del derecho de la plaza \"207Th Street Plaza\" fundada en el 2018. \u201cSomos los vendedores ambulantes que por m\u00e1s de 20 a\u00f1os operamos nuestras ventas entre 207th ST - Sherman\u2026","rel":"","context":"En \u00abSin categor\u00eda\u00bb","block_context":{"text":"Sin categor\u00eda","link":"https:\/\/lasprimeras.com.do\/index.php\/category\/sin-categoria\/"},"img":{"alt_text":"Asociaci\u00f3n de Vendedores Comunitarios de la 207","src":"https:\/\/i0.wp.com\/lasprimeras.com.do\/wp-content\/uploads\/2023\/06\/Vendedores-207.jpg?resize=350%2C200&ssl=1","width":350,"height":200,"srcset":"https:\/\/i0.wp.com\/lasprimeras.com.do\/wp-content\/uploads\/2023\/06\/Vendedores-207.jpg?resize=350%2C200&ssl=1 1x, https:\/\/i0.wp.com\/lasprimeras.com.do\/wp-content\/uploads\/2023\/06\/Vendedores-207.jpg?resize=525%2C300&ssl=1 1.5x, https:\/\/i0.wp.com\/lasprimeras.com.do\/wp-content\/uploads\/2023\/06\/Vendedores-207.jpg?resize=700%2C400&ssl=1 2x"},"classes":[]},{"id":120984,"url":"https:\/\/lasprimeras.com.do\/index.php\/2026\/01\/30\/raquel-arbaje-imparte-clase-de-moral-y-civica-en-la-escuela-de-cristo-rey\/","url_meta":{"origin":99382,"position":5},"title":"Raquel Arbaje imparte clase de moral y c\u00edvica en la escuela de Cristo Rey","author":"Nelson Feliz","date":"30 de enero de 2026","format":false,"excerpt":"La iniciativa forma parte del fortalecimiento de la educaci\u00f3n en valores impulsado por el Ministerio de Educaci\u00f3n. La primera dama Raquel Arbaje imparti\u00f3 este jueves una clase de Moral, C\u00edvica y \u00c9tica Ciudadana a estudiantes de cuarto de primaria de la Escuela Padre Eulalio Arias, ubicada en el sector Cristo\u2026","rel":"","context":"En \u00abNACIONALES\u00bb","block_context":{"text":"NACIONALES","link":"https:\/\/lasprimeras.com.do\/index.php\/category\/nacionales\/"},"img":{"alt_text":"Raquel Arbaje","src":"https:\/\/i0.wp.com\/lasprimeras.com.do\/wp-content\/uploads\/2026\/01\/Raquel-Arbaje-1.jpg?resize=350%2C200&ssl=1","width":350,"height":200,"srcset":"https:\/\/i0.wp.com\/lasprimeras.com.do\/wp-content\/uploads\/2026\/01\/Raquel-Arbaje-1.jpg?resize=350%2C200&ssl=1 1x, https:\/\/i0.wp.com\/lasprimeras.com.do\/wp-content\/uploads\/2026\/01\/Raquel-Arbaje-1.jpg?resize=525%2C300&ssl=1 1.5x, https:\/\/i0.wp.com\/lasprimeras.com.do\/wp-content\/uploads\/2026\/01\/Raquel-Arbaje-1.jpg?resize=700%2C400&ssl=1 2x"},"classes":[]}],"jetpack_sharing_enabled":true,"_links":{"self":[{"href":"https:\/\/lasprimeras.com.do\/index.php\/wp-json\/wp\/v2\/posts\/99382","targetHints":{"allow":["GET"]}}],"collection":[{"href":"https:\/\/lasprimeras.com.do\/index.php\/wp-json\/wp\/v2\/posts"}],"about":[{"href":"https:\/\/lasprimeras.com.do\/index.php\/wp-json\/wp\/v2\/types\/post"}],"author":[{"embeddable":true,"href":"https:\/\/lasprimeras.com.do\/index.php\/wp-json\/wp\/v2\/users\/2"}],"replies":[{"embeddable":true,"href":"https:\/\/lasprimeras.com.do\/index.php\/wp-json\/wp\/v2\/comments?post=99382"}],"version-history":[{"count":1,"href":"https:\/\/lasprimeras.com.do\/index.php\/wp-json\/wp\/v2\/posts\/99382\/revisions"}],"predecessor-version":[{"id":99384,"href":"https:\/\/lasprimeras.com.do\/index.php\/wp-json\/wp\/v2\/posts\/99382\/revisions\/99384"}],"wp:featuredmedia":[{"embeddable":true,"href":"https:\/\/lasprimeras.com.do\/index.php\/wp-json\/wp\/v2\/media\/99383"}],"wp:attachment":[{"href":"https:\/\/lasprimeras.com.do\/index.php\/wp-json\/wp\/v2\/media?parent=99382"}],"wp:term":[{"taxonomy":"category","embeddable":true,"href":"https:\/\/lasprimeras.com.do\/index.php\/wp-json\/wp\/v2\/categories?post=99382"},{"taxonomy":"post_tag","embeddable":true,"href":"https:\/\/lasprimeras.com.do\/index.php\/wp-json\/wp\/v2\/tags?post=99382"}],"curies":[{"name":"wp","href":"https:\/\/api.w.org\/{rel}","templated":true}]}}