{"id":99385,"date":"2025-05-20T23:44:28","date_gmt":"2025-05-21T03:44:28","guid":{"rendered":"https:\/\/lasprimeras.com.do\/?p=99385"},"modified":"2025-05-20T23:44:28","modified_gmt":"2025-05-21T03:44:28","slug":"roberto-monclus-exige-mas-flexibilidad-a-la-jce-el-2-es-solo-un-caramelo","status":"publish","type":"post","link":"https:\/\/lasprimeras.com.do\/index.php\/2025\/05\/20\/roberto-monclus-exige-mas-flexibilidad-a-la-jce-el-2-es-solo-un-caramelo\/","title":{"rendered":"Roberto Moncl\u00fas exige m\u00e1s flexibilidad a la JCE: \u201cEl 2% es solo un caramelo\u201d"},"content":{"rendered":"\n<p>El aspirante a diputado independiente por el Distrito Nacional, Roberto Moncl\u00fas, advirti\u00f3 que la reciente decisi\u00f3n de la Junta Central Electoral (JCE) de reducir al 2% las firmas necesarias para inscribir una candidatura independiente \u201ces solo un avance simb\u00f3lico\u201d y no soluciona los obst\u00e1culos estructurales que enfrentan quienes deciden no postularse por partidos pol\u00edticos.<\/p>\n\n\n\n<p>\u201cSaludamos la decisi\u00f3n del pleno de la JCE, pero el 2% sigue siendo un muro para muchos ciudadanos\u201d, expres\u00f3.<\/p>\n\n\n\n<p>Moncl\u00fas record\u00f3 que todav\u00eda existen \u201crequisitos excesivos y poco realistas\u201d que dificultan el acceso equitativo a las boletas electorales.<\/p>\n\n\n\n<p>\u201cTodav\u00eda quedan muchos requisitos que la comisi\u00f3n especial de diputados que trabaja el tema de las candidaturas independientes debe revisar o eliminar\u201d, afirm\u00f3, al tiempo que exigi\u00f3 voluntad pol\u00edtica real para democratizar el sistema electoral dominicano.<\/p>\n\n\n\n<p>La posici\u00f3n de Moncl\u00fas se da luego de que el presidente de la JCE, Rom\u00e1n J\u00e1quez Liranzo, se\u00f1alara que \u201cla participaci\u00f3n pol\u00edtica no puede estar sujeta a barreras desproporcionadas\u201d, reiterando el compromiso del \u00f3rgano con garantizar los derechos de participaci\u00f3n de todos los ciudadanos, incluyendo los aspirantes sin afiliaci\u00f3n partidaria.<\/p>\n\n\n\n<p>Asimismo, Moncl\u00fas cit\u00f3 la reciente sentencia del Tribunal Constitucional (TC) que ordena facilitar el acceso de los candidatos independientes, estableciendo que \u201cel derecho a ser elegido no puede estar condicionado por cargas irrazonables o discriminatorias que favorezcan a los partidos tradicionales\u201d.<\/p>\n\n\n\n<p>El aspirante concluy\u00f3 haciendo un llamado directo al Congreso Nacional y a la JCE: \u201cNo queremos favores, queremos condiciones justas. El 2% es solo un caramelo; necesitamos una reforma real que abra las puertas a la democracia sin etiquetas partidarias\u201d.<\/p>\n","protected":false},"excerpt":{"rendered":"<p>El aspirante a diputado independiente por el Distrito Nacional, Roberto Moncl\u00fas, advirti\u00f3 que la reciente decisi\u00f3n de la Junta Central Electoral (JCE) de reducir al 2% las firmas necesarias para&hellip;<\/p>\n","protected":false},"author":2,"featured_media":93690,"comment_status":"open","ping_status":"open","sticky":false,"template":"","format":"standard","meta":{"content-type":"","jetpack_post_was_ever_published":false,"_jetpack_newsletter_access":"","_jetpack_dont_email_post_to_subs":false,"_jetpack_newsletter_tier_id":0,"_jetpack_memberships_contains_paywalled_content":false,"_jetpack_memberships_contains_paid_content":false,"footnotes":""},"categories":[35],"tags":[12865,19757,183,3677],"class_list":["post-99385","post","type-post","status-publish","format-standard","has-post-thumbnail","hentry","category-nacionales","tag-caramelo","tag-flexibilidad","tag-jce","tag-roberto-monclus"],"jetpack_featured_media_url":"https:\/\/lasprimeras.com.do\/wp-content\/uploads\/2025\/02\/Fachada-JCE.jpg","jetpack-related-posts":[{"id":64664,"url":"https:\/\/lasprimeras.com.do\/index.php\/2023\/10\/22\/roberto-monclus-celebra-primer-aniversario-de-republica-musical\/","url_meta":{"origin":99385,"position":0},"title":"Roberto Moncl\u00fas celebra primer aniversario de Rep\u00fablica Musical","author":"Nelson Feliz","date":"22 de octubre de 2023","format":false,"excerpt":"El productor general de Rep\u00fablica Musical, Roberto Moncl\u00fas, celebr\u00f3 hoy con gran emoci\u00f3n nuestro primer aniversario, y no podr\u00edamos estar m\u00e1s agradecidos por el apoyo incondicional que nos han brindado. Gracias por ser parte de esta maravillosa traves\u00eda musical. Moncl\u00fas, sostuvo que pronto traeremos m\u00e1s especiales, adem\u00e1s de iniciar la\u2026","rel":"","context":"En \u00abENTRETENIMIENTO\u00bb","block_context":{"text":"ENTRETENIMIENTO","link":"https:\/\/lasprimeras.com.do\/index.php\/category\/entretenimiento\/"},"img":{"alt_text":"Roberto Moncl\u00fas","src":"https:\/\/i0.wp.com\/lasprimeras.com.do\/wp-content\/uploads\/2023\/10\/Roberto-Monclus.jpg?resize=350%2C200&ssl=1","width":350,"height":200,"srcset":"https:\/\/i0.wp.com\/lasprimeras.com.do\/wp-content\/uploads\/2023\/10\/Roberto-Monclus.jpg?resize=350%2C200&ssl=1 1x, https:\/\/i0.wp.com\/lasprimeras.com.do\/wp-content\/uploads\/2023\/10\/Roberto-Monclus.jpg?resize=525%2C300&ssl=1 1.5x, https:\/\/i0.wp.com\/lasprimeras.com.do\/wp-content\/uploads\/2023\/10\/Roberto-Monclus.jpg?resize=700%2C400&ssl=1 2x"},"classes":[]},{"id":118720,"url":"https:\/\/lasprimeras.com.do\/index.php\/2026\/01\/02\/roberto-monclus-exige-al-pleno-de-diputados-definirse-sobre-las-candidaturas-independientes\/","url_meta":{"origin":99385,"position":1},"title":"Roberto Moncl\u00fas exige al \u201cPleno de Diputados\u201d definirse sobre las candidaturas independientes","author":"Nelson Feliz","date":"2 de enero de 2026","format":false,"excerpt":"Roberto Moncl\u00fas","rel":"","context":"En \u00abPOLITICA\u00bb","block_context":{"text":"POLITICA","link":"https:\/\/lasprimeras.com.do\/index.php\/category\/politica\/"},"img":{"alt_text":"Roberto Moncl\u00fas","src":"https:\/\/i0.wp.com\/lasprimeras.com.do\/wp-content\/uploads\/2026\/01\/Roberto-Monclus.jpg?resize=350%2C200&ssl=1","width":350,"height":200,"srcset":"https:\/\/i0.wp.com\/lasprimeras.com.do\/wp-content\/uploads\/2026\/01\/Roberto-Monclus.jpg?resize=350%2C200&ssl=1 1x, https:\/\/i0.wp.com\/lasprimeras.com.do\/wp-content\/uploads\/2026\/01\/Roberto-Monclus.jpg?resize=525%2C300&ssl=1 1.5x"},"classes":[]},{"id":52876,"url":"https:\/\/lasprimeras.com.do\/index.php\/2023\/06\/21\/denuncian-irregularidades-en-licitacion-publica-de-la-pn-para-adquirir-equipos-de-comunicacion\/","url_meta":{"origin":99385,"position":2},"title":"Denuncian irregularidades en licitaci\u00f3n p\u00fablica de la PN, para adquirir equipos de comunicaci\u00f3n","author":"Nelson Feliz","date":"21 de junio de 2023","format":false,"excerpt":"El periodista Roberto Moncl\u00fas denunci\u00f3 una serie de irregularidades en la licitaci\u00f3n p\u00fablica de la Polic\u00eda Nacional para adquirir radios y equipos de comunicaci\u00f3n en el marco de plan de modernizaci\u00f3n de esa instituci\u00f3n. \"Durante una an\u00e1lisis al pliego de condiciones pudimos identificar ocho violaciones directas a la Ley 340-06\u2026","rel":"","context":"En \u00abNACIONALES\u00bb","block_context":{"text":"NACIONALES","link":"https:\/\/lasprimeras.com.do\/index.php\/category\/nacionales\/"},"img":{"alt_text":"Roberto Moncl\u00fas","src":"https:\/\/i0.wp.com\/lasprimeras.com.do\/wp-content\/uploads\/2023\/06\/Roberto-Monclus-1.jpg?resize=350%2C200&ssl=1","width":350,"height":200,"srcset":"https:\/\/i0.wp.com\/lasprimeras.com.do\/wp-content\/uploads\/2023\/06\/Roberto-Monclus-1.jpg?resize=350%2C200&ssl=1 1x, https:\/\/i0.wp.com\/lasprimeras.com.do\/wp-content\/uploads\/2023\/06\/Roberto-Monclus-1.jpg?resize=525%2C300&ssl=1 1.5x, https:\/\/i0.wp.com\/lasprimeras.com.do\/wp-content\/uploads\/2023\/06\/Roberto-Monclus-1.jpg?resize=700%2C400&ssl=1 2x"},"classes":[]},{"id":75546,"url":"https:\/\/lasprimeras.com.do\/index.php\/2024\/02\/02\/republica-musical-presenta-reportaje-el-70-anos-de-cortijo-y-su-combo\/","url_meta":{"origin":99385,"position":3},"title":"Rep\u00fablica Musical presenta reportaje el 70 A\u00f1os de Cortijo y su Combo","author":"Nelson Feliz","date":"2 de febrero de 2024","format":false,"excerpt":"Entrevista exclusiva con Badir y Especial del Carnaval de Cotu\u00ed. En Santo Domingo, Roberto Moncl\u00fas presenta un especial en Rep\u00fablica Musical este domingo, conmemorando los 70 a\u00f1os del debut de Cortijo y su Combo. Adem\u00e1s, se incluye una fascinante entrevista con el artista dominicano Badir y un detallado reportaje sobre\u2026","rel":"","context":"En \u00abENTRETENIMIENTO\u00bb","block_context":{"text":"ENTRETENIMIENTO","link":"https:\/\/lasprimeras.com.do\/index.php\/category\/entretenimiento\/"},"img":{"alt_text":"Roberto Monclus y Badir","src":"https:\/\/i0.wp.com\/lasprimeras.com.do\/wp-content\/uploads\/2024\/02\/Roberto-Monclus-y-Badir.jpg?resize=350%2C200&ssl=1","width":350,"height":200,"srcset":"https:\/\/i0.wp.com\/lasprimeras.com.do\/wp-content\/uploads\/2024\/02\/Roberto-Monclus-y-Badir.jpg?resize=350%2C200&ssl=1 1x, https:\/\/i0.wp.com\/lasprimeras.com.do\/wp-content\/uploads\/2024\/02\/Roberto-Monclus-y-Badir.jpg?resize=525%2C300&ssl=1 1.5x, https:\/\/i0.wp.com\/lasprimeras.com.do\/wp-content\/uploads\/2024\/02\/Roberto-Monclus-y-Badir.jpg?resize=700%2C400&ssl=1 2x"},"classes":[]},{"id":98847,"url":"https:\/\/lasprimeras.com.do\/index.php\/2025\/05\/13\/johnny-pujols-el-pld-respalda-la-regulacion-de-las-candidaturas-independientes\/","url_meta":{"origin":99385,"position":4},"title":"Johnny Pujols: El PLD respalda la regulaci\u00f3n de las candidaturas independientes","author":"Nelson Feliz","date":"13 de mayo de 2025","format":false,"excerpt":"\u201cIniciativa de la JCE para regular candidaturas independientes cuenta con el respaldo del Partido de la Liberaci\u00f3n Dominicana\u201d El Partido de la Liberaci\u00f3n Dominicana (PLD) reiter\u00f3 este d\u00eda su respaldo al proyecto de ley sobre la regulaci\u00f3n de las candidaturas independientes presentado por la Junta Central Electoral (JCE) reiterando la\u2026","rel":"","context":"En \u00abPOLITICA\u00bb","block_context":{"text":"POLITICA","link":"https:\/\/lasprimeras.com.do\/index.php\/category\/politica\/"},"img":{"alt_text":"Johnny Pujols","src":"https:\/\/i0.wp.com\/lasprimeras.com.do\/wp-content\/uploads\/2025\/05\/Johnny-Pujols.jpg?resize=350%2C200&ssl=1","width":350,"height":200,"srcset":"https:\/\/i0.wp.com\/lasprimeras.com.do\/wp-content\/uploads\/2025\/05\/Johnny-Pujols.jpg?resize=350%2C200&ssl=1 1x, https:\/\/i0.wp.com\/lasprimeras.com.do\/wp-content\/uploads\/2025\/05\/Johnny-Pujols.jpg?resize=525%2C300&ssl=1 1.5x"},"classes":[]},{"id":96535,"url":"https:\/\/lasprimeras.com.do\/index.php\/2025\/04\/02\/mayobanex-martinez-aboga-por-reglas-claras-coherentes-y-justas\/","url_meta":{"origin":99385,"position":5},"title":"Mayobanex Mart\u00ednez aboga por reglas claras, coherentes y justas","author":"Nelson Feliz","date":"2 de abril de 2025","format":false,"excerpt":"Mart\u00ednez considera equilibrado el proyecto de la JCE que busca regular las candidaturas independientes El Diputado del Partido de la Liberaci\u00f3n Dominicana (PLD) por Santiago, Mayobanex Mart\u00ednez, considera que la Junta Central Electoral con la presentaci\u00f3n del Proyecto de Ley para regular las candidaturas independientes procura un sistema equilibrado, que\u2026","rel":"","context":"En \u00abPOLITICA\u00bb","block_context":{"text":"POLITICA","link":"https:\/\/lasprimeras.com.do\/index.php\/category\/politica\/"},"img":{"alt_text":"","src":"https:\/\/i0.wp.com\/lasprimeras.com.do\/wp-content\/uploads\/2025\/04\/Mayobanex-Martinez.jpg?resize=350%2C200&ssl=1","width":350,"height":200,"srcset":"https:\/\/i0.wp.com\/lasprimeras.com.do\/wp-content\/uploads\/2025\/04\/Mayobanex-Martinez.jpg?resize=350%2C200&ssl=1 1x, https:\/\/i0.wp.com\/lasprimeras.com.do\/wp-content\/uploads\/2025\/04\/Mayobanex-Martinez.jpg?resize=525%2C300&ssl=1 1.5x, https:\/\/i0.wp.com\/lasprimeras.com.do\/wp-content\/uploads\/2025\/04\/Mayobanex-Martinez.jpg?resize=700%2C400&ssl=1 2x"},"classes":[]}],"jetpack_sharing_enabled":true,"_links":{"self":[{"href":"https:\/\/lasprimeras.com.do\/index.php\/wp-json\/wp\/v2\/posts\/99385","targetHints":{"allow":["GET"]}}],"collection":[{"href":"https:\/\/lasprimeras.com.do\/index.php\/wp-json\/wp\/v2\/posts"}],"about":[{"href":"https:\/\/lasprimeras.com.do\/index.php\/wp-json\/wp\/v2\/types\/post"}],"author":[{"embeddable":true,"href":"https:\/\/lasprimeras.com.do\/index.php\/wp-json\/wp\/v2\/users\/2"}],"replies":[{"embeddable":true,"href":"https:\/\/lasprimeras.com.do\/index.php\/wp-json\/wp\/v2\/comments?post=99385"}],"version-history":[{"count":1,"href":"https:\/\/lasprimeras.com.do\/index.php\/wp-json\/wp\/v2\/posts\/99385\/revisions"}],"predecessor-version":[{"id":99386,"href":"https:\/\/lasprimeras.com.do\/index.php\/wp-json\/wp\/v2\/posts\/99385\/revisions\/99386"}],"wp:featuredmedia":[{"embeddable":true,"href":"https:\/\/lasprimeras.com.do\/index.php\/wp-json\/wp\/v2\/media\/93690"}],"wp:attachment":[{"href":"https:\/\/lasprimeras.com.do\/index.php\/wp-json\/wp\/v2\/media?parent=99385"}],"wp:term":[{"taxonomy":"category","embeddable":true,"href":"https:\/\/lasprimeras.com.do\/index.php\/wp-json\/wp\/v2\/categories?post=99385"},{"taxonomy":"post_tag","embeddable":true,"href":"https:\/\/lasprimeras.com.do\/index.php\/wp-json\/wp\/v2\/tags?post=99385"}],"curies":[{"name":"wp","href":"https:\/\/api.w.org\/{rel}","templated":true}]}}