{"id":99387,"date":"2025-05-20T23:49:47","date_gmt":"2025-05-21T03:49:47","guid":{"rendered":"https:\/\/lasprimeras.com.do\/?p=99387"},"modified":"2025-05-20T23:49:49","modified_gmt":"2025-05-21T03:49:49","slug":"marco-rubio-cuestiona-la-postura-de-oea-ante-crisis-de-haiti-y-le-insta-a-dar-un-paso-al-frente","status":"publish","type":"post","link":"https:\/\/lasprimeras.com.do\/index.php\/2025\/05\/20\/marco-rubio-cuestiona-la-postura-de-oea-ante-crisis-de-haiti-y-le-insta-a-dar-un-paso-al-frente\/","title":{"rendered":"Marco Rubio cuestiona la postura de OEA ante crisis de Hait\u00ed y le insta a dar un paso al frente"},"content":{"rendered":"\n<p><strong>El jefe de la diplomacia estadounidense insisti\u00f3 en que el Gobierno de Trump est\u00e1 preparado para desempe\u00f1ar un papel de liderazgo<\/strong><\/p>\n\n\n\n<p>WASHINGTON, EFE.- El secretario de Estado de EE. UU., Marco Rubio, cuestion\u00f3 este martes la posici\u00f3n de la Organizaci\u00f3n de los Estados Americanos (OEA) frente a la severa crisis humanitaria y de seguridad en Hait\u00ed, al tiempo que anim\u00f3 a la instituci\u00f3n a dar &#8220;un paso al frente&#8221; y liderar una misi\u00f3n internacional de paz en ese pa\u00eds.<\/p>\n\n\n\n<p>&#8220;Si alguna vez existiera una crisis regional en la que se pensara que una organizaci\u00f3n podr\u00eda intervenir y aportar una fuerza o un grupo de pa\u00edses que, trabajando juntos, pudieran ayudar a resolverla, esa organizaci\u00f3n ser\u00eda la OEA&#8221;, dijo en una sesi\u00f3n del Senado donde defendi\u00f3 la visi\u00f3n de pol\u00edtica exterior de la Administraci\u00f3n.<\/p>\n\n\n\n<p>El jefe de la diplomacia estadounidense insisti\u00f3 en que el Gobierno de Donald Trump est\u00e1 &#8220;preparado para desempe\u00f1ar un papel de liderazgo en ese aspecto&#8221;, pero advirti\u00f3 que necesitan la participaci\u00f3n de otros socios de la regi\u00f3n &#8220;que se ven igual de afectados, si no m\u00e1s, por lo que est\u00e1 sucediendo all\u00ed&#8221;.<\/p>\n\n\n\n<p>&#8220;Eso significa que organizaciones como la OEA, a la que contribuimos bastante, den un paso al frente y proporcionen una misi\u00f3n con pa\u00edses miembros para abordar el problema de Hait\u00ed, que est\u00e1 a punto de dar un giro muy dram\u00e1tico si no se aborda con prontitud&#8221;, indic\u00f3 sobre la organizaci\u00f3n, que tiene su sede en Washington y agrupa a m\u00e1s de 30 pa\u00edses de las Am\u00e9ricas.<\/p>\n\n\n\n<p>Rubio resalt\u00f3 que esto no supone una amenaza ni que su pa\u00eds considera retirarse del bloque multinacional, sino que lo pretende es &#8220;animar&#8221; a los aliados en la regi\u00f3n a participar m\u00e1s activamente en la b\u00fasqueda de una soluci\u00f3n.<\/p>\n\n\n\n<p>Esto lo hace &#8220;porque se podr\u00eda pensar que una de las razones por las que existe la OEA es para abordar una crisis como la que tenemos en Hait\u00ed&#8221;.<\/p>\n\n\n\n<p>El pa\u00eds caribe\u00f1o sufre una de las peores situaciones de inseguridad de su historia reciente debido a la violencia de las pandillas que ocupan gran parte de su territorio e impiden la llegada de ayuda humanitaria necesaria para sofocar brotes epid\u00e9micos, entre otros problemas.<\/p>\n\n\n\n<p>El papel de Kenia<\/p>\n\n\n\n<p>El secretario de Estado agradeci\u00f3 al Gobierno de Kenia, que con el aval de Naciones Unidas lidera una Misi\u00f3n Multinacional de Apoyo (MSS) en Hait\u00ed que, sin embargo, no ha podido diezmar el poder de los grupos criminales en la naci\u00f3n.<\/p>\n\n\n\n<p>&#8220;Estoy agradecido con los kenianos y con la misi\u00f3n. Podemos mantener nuestro compromiso con ella porque han asumido un gran sacrificio y riesgo, pero esa misi\u00f3n por s\u00ed sola no resolver\u00e1 este problema&#8221;, insisti\u00f3.<\/p>\n\n\n\n<p>Rubio adelant\u00f3 que trabajan con varias agencias federales estadounidenses para determinar &#8220;c\u00f3mo detener el flujo de armas que salen del r\u00edo Miami en contenedores y llegan no solo a Hait\u00ed, sino tambi\u00e9n a Jamaica, Trinidad y otros lugares&#8221;.<\/p>\n\n\n\n<p>Trabajar en una soluci\u00f3n duradera y colegiada a la crisis de Hait\u00ed es, en su opini\u00f3n, un ejemplo de c\u00f3mo &#8220;deber\u00eda contribuir la OEA. Y obviamente el otro es la defensa de la democracia. (\u2026) En lugares como Nicaragua, Venezuela y Cuba no la hay&#8221;.<\/p>\n\n\n\n<p>En marzo, Rubio felicit\u00f3 al surinam\u00e9s Albert Ramdin por su elecci\u00f3n como nuevo secretario general de la OEA y anunci\u00f3 que Estados Unidos impulsar\u00e1 &#8220;reformas institucionales para mejorar la eficiencia y eficacia&#8221; de esa organizaci\u00f3n.<\/p>\n","protected":false},"excerpt":{"rendered":"<p>El jefe de la diplomacia estadounidense insisti\u00f3 en que el Gobierno de Trump est\u00e1 preparado para desempe\u00f1ar un papel de liderazgo WASHINGTON, EFE.- El secretario de Estado de EE. UU.,&hellip;<\/p>\n","protected":false},"author":2,"featured_media":99388,"comment_status":"open","ping_status":"open","sticky":false,"template":"","format":"standard","meta":{"content-type":"","jetpack_post_was_ever_published":false,"_jetpack_newsletter_access":"","_jetpack_dont_email_post_to_subs":false,"_jetpack_newsletter_tier_id":0,"_jetpack_memberships_contains_paywalled_content":false,"_jetpack_memberships_contains_paid_content":false,"footnotes":""},"categories":[16289,25],"tags":[19758,19759,16377,3583,9282],"class_list":["post-99387","post","type-post","status-publish","format-standard","has-post-thumbnail","hentry","category-internacionales","category-portada","tag-crisis-de-haiti","tag-insta-a-dar-un-paso-al-frente","tag-marco-rubio","tag-oea","tag-postura"],"jetpack_featured_media_url":"https:\/\/lasprimeras.com.do\/wp-content\/uploads\/2025\/05\/Marco-Rubio.jpg","jetpack-related-posts":[{"id":105423,"url":"https:\/\/lasprimeras.com.do\/index.php\/2025\/08\/03\/la-hoja-de-ruta-de-la-oea-sobre-haiti\/","url_meta":{"origin":99387,"position":0},"title":"La Hoja de Ruta de la OEA sobre Hait\u00ed","author":"Nelson Feliz","date":"3 de agosto de 2025","format":false,"excerpt":"Por: Luis Fern\u00e1ndez Como fruto de lo discutido en la asamblea general de la OEA celebrada en Antigua y Barbuda en el mes de Junio de este a\u00f1o, la Organizaci\u00f3n de los Estados Americanos, acord\u00f3 una hoja de ruta integral para abordar la grave crisis de Hait\u00ed, los desaf\u00edos en\u2026","rel":"","context":"En \u00abOPINI\u00d3N\u00bb","block_context":{"text":"OPINI\u00d3N","link":"https:\/\/lasprimeras.com.do\/index.php\/category\/opinion\/"},"img":{"alt_text":"Luis Fern\u00e1ndez","src":"https:\/\/i0.wp.com\/lasprimeras.com.do\/wp-content\/uploads\/2024\/03\/Luis-Fernandez.jpg?resize=350%2C200&ssl=1","width":350,"height":200,"srcset":"https:\/\/i0.wp.com\/lasprimeras.com.do\/wp-content\/uploads\/2024\/03\/Luis-Fernandez.jpg?resize=350%2C200&ssl=1 1x, https:\/\/i0.wp.com\/lasprimeras.com.do\/wp-content\/uploads\/2024\/03\/Luis-Fernandez.jpg?resize=525%2C300&ssl=1 1.5x"},"classes":[]},{"id":61600,"url":"https:\/\/lasprimeras.com.do\/index.php\/2023\/09\/28\/miguel-vargas-rd-debe-aprovechar-disposicion-de-la-oea-a-mediar-en-conflicto-con-haiti\/","url_meta":{"origin":99387,"position":1},"title":"Miguel Vargas: &#8220;RD debe aprovechar disposici\u00f3n de la OEA a mediar en conflicto con Hait\u00ed&#8221;","author":"Nelson Feliz","date":"28 de septiembre de 2023","format":false,"excerpt":"\u201cLa realidad en este asunto, ante la afrenta de Hait\u00ed y la construcci\u00f3n del canal que trasvasa el r\u00edo Dajab\u00f3n o Masacre, es que la negociaci\u00f3n diplom\u00e1tica es la v\u00eda soluci\u00f3n m\u00e1s expedita\u201d. El presidente del Partido Revolucionario Dominicano (PRD), Miguel Vargas Maldonado, llam\u00f3 a las autoridades dominicanas a atender\u2026","rel":"","context":"En \u00abPORTADA\u00bb","block_context":{"text":"PORTADA","link":"https:\/\/lasprimeras.com.do\/index.php\/category\/portada\/"},"img":{"alt_text":"Miguel Vargas Maldonado","src":"https:\/\/i0.wp.com\/lasprimeras.com.do\/wp-content\/uploads\/2023\/09\/Miguel-Vargas-Maldonado-2.jpg?resize=350%2C200&ssl=1","width":350,"height":200,"srcset":"https:\/\/i0.wp.com\/lasprimeras.com.do\/wp-content\/uploads\/2023\/09\/Miguel-Vargas-Maldonado-2.jpg?resize=350%2C200&ssl=1 1x, https:\/\/i0.wp.com\/lasprimeras.com.do\/wp-content\/uploads\/2023\/09\/Miguel-Vargas-Maldonado-2.jpg?resize=525%2C300&ssl=1 1.5x, https:\/\/i0.wp.com\/lasprimeras.com.do\/wp-content\/uploads\/2023\/09\/Miguel-Vargas-Maldonado-2.jpg?resize=700%2C400&ssl=1 2x"},"classes":[]},{"id":98460,"url":"https:\/\/lasprimeras.com.do\/index.php\/2025\/05\/07\/abinader-y-marco-rubio-tratan-crisis-haitiana-durante-reunion-en-washington\/","url_meta":{"origin":99387,"position":2},"title":"Abinader y Marco Rubio tratan crisis haitiana durante reuni\u00f3n en Washington","author":"Nelson Feliz","date":"7 de mayo de 2025","format":false,"excerpt":"El mandatario reiter\u00f3 la urgencia de una mayor intervenci\u00f3n internacional. El presidente Luis Abinader sostuvo este mi\u00e9rcoles una reuni\u00f3n bilateral con el secretario de Estado de los Estados Unidos, Marco Rubio, en donde discutieron la situaci\u00f3n en Hait\u00ed y otros temas de inter\u00e9s com\u00fan. En la reuni\u00f3n, inform\u00f3 la Presidencia,\u2026","rel":"","context":"En \u00abNACIONALES\u00bb","block_context":{"text":"NACIONALES","link":"https:\/\/lasprimeras.com.do\/index.php\/category\/nacionales\/"},"img":{"alt_text":"","src":"https:\/\/i0.wp.com\/lasprimeras.com.do\/wp-content\/uploads\/2025\/05\/Abinader-y-Marco-Rubio.jpg?resize=350%2C200&ssl=1","width":350,"height":200,"srcset":"https:\/\/i0.wp.com\/lasprimeras.com.do\/wp-content\/uploads\/2025\/05\/Abinader-y-Marco-Rubio.jpg?resize=350%2C200&ssl=1 1x, https:\/\/i0.wp.com\/lasprimeras.com.do\/wp-content\/uploads\/2025\/05\/Abinader-y-Marco-Rubio.jpg?resize=525%2C300&ssl=1 1.5x, https:\/\/i0.wp.com\/lasprimeras.com.do\/wp-content\/uploads\/2025\/05\/Abinader-y-Marco-Rubio.jpg?resize=700%2C400&ssl=1 2x"},"classes":[]},{"id":63839,"url":"https:\/\/lasprimeras.com.do\/index.php\/2023\/10\/16\/udc-acusa-a-la-oea-de-burlarse-de-los-dominicanos-dando-el-canal-del-masacre-como-obra-terminada\/","url_meta":{"origin":99387,"position":3},"title":"UDC acusa a la OEA de burlarse de los dominicanos, dando el canal del Masacre como obra terminada","author":"Nelson Feliz","date":"16 de octubre de 2023","format":false,"excerpt":"El presidente de la Uni\u00f3n Dem\u00f3crata Cristiana -UDC-, Luis Acosta Moreta, Luis \u201cEl Gallo\u201d, acus\u00f3 hoy a la Organizaci\u00f3n de Estados Americanos \u2013OEA- de burlarse del pa\u00eds, al conformar una comisi\u00f3n para analizar la crisis del r\u00edo Masacre. A\u00f1adi\u00f3 que la Rep\u00fablica Dominicana ya entreg\u00f3 toda la documentaci\u00f3n de su\u2026","rel":"","context":"En \u00abPORTADA\u00bb","block_context":{"text":"PORTADA","link":"https:\/\/lasprimeras.com.do\/index.php\/category\/portada\/"},"img":{"alt_text":"canal del Masacre","src":"https:\/\/i0.wp.com\/lasprimeras.com.do\/wp-content\/uploads\/2023\/10\/canal-del-Masacre-1.jpg?resize=350%2C200&ssl=1","width":350,"height":200,"srcset":"https:\/\/i0.wp.com\/lasprimeras.com.do\/wp-content\/uploads\/2023\/10\/canal-del-Masacre-1.jpg?resize=350%2C200&ssl=1 1x, https:\/\/i0.wp.com\/lasprimeras.com.do\/wp-content\/uploads\/2023\/10\/canal-del-Masacre-1.jpg?resize=525%2C300&ssl=1 1.5x, https:\/\/i0.wp.com\/lasprimeras.com.do\/wp-content\/uploads\/2023\/10\/canal-del-Masacre-1.jpg?resize=700%2C400&ssl=1 2x"},"classes":[]},{"id":80074,"url":"https:\/\/lasprimeras.com.do\/index.php\/2024\/04\/03\/oea-llama-a-estados-miembros-a-apoyar-a-la-policia-de-haiti\/","url_meta":{"origin":99387,"position":4},"title":"OEA llama a Estados miembros a apoyar a la Polic\u00eda de Hait\u00ed","author":"BIMARY DE JES\u00daS Matos","date":"3 de abril de 2024","format":false,"excerpt":"WASHINGTON.- La Organizaci\u00f3n de los Estados Americanos (OEA) aprob\u00f3 este mi\u00e9rcoles una resoluci\u00f3n que llama a los pa\u00edses de la regi\u00f3n a apoyar a las fuerzas de seguridad de Hait\u00ed a restablecer la seguridad ante la crisis de violencia que sufre el pa\u00eds. El Consejo Permanente de la OEA se\u2026","rel":"","context":"En \u00abSin categor\u00eda\u00bb","block_context":{"text":"Sin categor\u00eda","link":"https:\/\/lasprimeras.com.do\/index.php\/category\/sin-categoria\/"},"img":{"alt_text":"","src":"https:\/\/i0.wp.com\/lasprimeras.com.do\/wp-content\/uploads\/2024\/04\/WhatsApp-Image-2024-01-26-at-12.10.49-PM.png?resize=350%2C200&ssl=1","width":350,"height":200,"srcset":"https:\/\/i0.wp.com\/lasprimeras.com.do\/wp-content\/uploads\/2024\/04\/WhatsApp-Image-2024-01-26-at-12.10.49-PM.png?resize=350%2C200&ssl=1 1x, https:\/\/i0.wp.com\/lasprimeras.com.do\/wp-content\/uploads\/2024\/04\/WhatsApp-Image-2024-01-26-at-12.10.49-PM.png?resize=525%2C300&ssl=1 1.5x, https:\/\/i0.wp.com\/lasprimeras.com.do\/wp-content\/uploads\/2024\/04\/WhatsApp-Image-2024-01-26-at-12.10.49-PM.png?resize=700%2C400&ssl=1 2x, https:\/\/i0.wp.com\/lasprimeras.com.do\/wp-content\/uploads\/2024\/04\/WhatsApp-Image-2024-01-26-at-12.10.49-PM.png?resize=1050%2C600&ssl=1 3x, https:\/\/i0.wp.com\/lasprimeras.com.do\/wp-content\/uploads\/2024\/04\/WhatsApp-Image-2024-01-26-at-12.10.49-PM.png?resize=1400%2C800&ssl=1 4x"},"classes":[]},{"id":63589,"url":"https:\/\/lasprimeras.com.do\/index.php\/2023\/10\/13\/oea-propone-vias-de-solucion-al-conflicto-rd-haiti\/","url_meta":{"origin":99387,"position":5},"title":"OEA propone v\u00edas de soluci\u00f3n al conflicto RD-Hait\u00ed","author":"Nelson Feliz","date":"13 de octubre de 2023","format":false,"excerpt":"Almagro solicita que el Caricom se integre a misi\u00f3n t\u00e9cnica para evaluar aspectos h\u00eddricos y legales del conflicto. El secretario general de la Organizaci\u00f3n de los Estados Americanos (OEA) propuso este jueves 12 de octubre una reuni\u00f3n entre las delegaciones de la Rep\u00fablica Dominicana y Hait\u00ed para fomentar las discusiones\u2026","rel":"","context":"En \u00abSin categor\u00eda\u00bb","block_context":{"text":"Sin categor\u00eda","link":"https:\/\/lasprimeras.com.do\/index.php\/category\/sin-categoria\/"},"img":{"alt_text":"oea","src":"https:\/\/i0.wp.com\/lasprimeras.com.do\/wp-content\/uploads\/2023\/10\/oea.jpg?resize=350%2C200&ssl=1","width":350,"height":200,"srcset":"https:\/\/i0.wp.com\/lasprimeras.com.do\/wp-content\/uploads\/2023\/10\/oea.jpg?resize=350%2C200&ssl=1 1x, https:\/\/i0.wp.com\/lasprimeras.com.do\/wp-content\/uploads\/2023\/10\/oea.jpg?resize=525%2C300&ssl=1 1.5x, https:\/\/i0.wp.com\/lasprimeras.com.do\/wp-content\/uploads\/2023\/10\/oea.jpg?resize=700%2C400&ssl=1 2x"},"classes":[]}],"jetpack_sharing_enabled":true,"_links":{"self":[{"href":"https:\/\/lasprimeras.com.do\/index.php\/wp-json\/wp\/v2\/posts\/99387","targetHints":{"allow":["GET"]}}],"collection":[{"href":"https:\/\/lasprimeras.com.do\/index.php\/wp-json\/wp\/v2\/posts"}],"about":[{"href":"https:\/\/lasprimeras.com.do\/index.php\/wp-json\/wp\/v2\/types\/post"}],"author":[{"embeddable":true,"href":"https:\/\/lasprimeras.com.do\/index.php\/wp-json\/wp\/v2\/users\/2"}],"replies":[{"embeddable":true,"href":"https:\/\/lasprimeras.com.do\/index.php\/wp-json\/wp\/v2\/comments?post=99387"}],"version-history":[{"count":1,"href":"https:\/\/lasprimeras.com.do\/index.php\/wp-json\/wp\/v2\/posts\/99387\/revisions"}],"predecessor-version":[{"id":99389,"href":"https:\/\/lasprimeras.com.do\/index.php\/wp-json\/wp\/v2\/posts\/99387\/revisions\/99389"}],"wp:featuredmedia":[{"embeddable":true,"href":"https:\/\/lasprimeras.com.do\/index.php\/wp-json\/wp\/v2\/media\/99388"}],"wp:attachment":[{"href":"https:\/\/lasprimeras.com.do\/index.php\/wp-json\/wp\/v2\/media?parent=99387"}],"wp:term":[{"taxonomy":"category","embeddable":true,"href":"https:\/\/lasprimeras.com.do\/index.php\/wp-json\/wp\/v2\/categories?post=99387"},{"taxonomy":"post_tag","embeddable":true,"href":"https:\/\/lasprimeras.com.do\/index.php\/wp-json\/wp\/v2\/tags?post=99387"}],"curies":[{"name":"wp","href":"https:\/\/api.w.org\/{rel}","templated":true}]}}