{"id":99392,"date":"2025-05-21T07:28:51","date_gmt":"2025-05-21T11:28:51","guid":{"rendered":"https:\/\/lasprimeras.com.do\/?p=99392"},"modified":"2025-05-21T07:28:56","modified_gmt":"2025-05-21T11:28:56","slug":"el-papa-leon-xiv-pide-ayuda-para-gaza-y-el-fin-de-las-hostilidades-en-su-primera-audiencia-general","status":"publish","type":"post","link":"https:\/\/lasprimeras.com.do\/index.php\/2025\/05\/21\/el-papa-leon-xiv-pide-ayuda-para-gaza-y-el-fin-de-las-hostilidades-en-su-primera-audiencia-general\/","title":{"rendered":"El papa Le\u00f3n XIV pide ayuda para Gaza y el fin de las hostilidades en su primera audiencia general"},"content":{"rendered":"\n<p>POR NICOLE WINFIELD<\/p>\n\n\n\n<p>CIUDAD DEL VATICANO (AP) \u2014 El papa Le\u00f3n XIV pidi\u00f3 el mi\u00e9rcoles que la ayuda humanitaria llegue a la Franja de Gaza y que se ponga fin al \u201cdesgarrador\u201d sufrimiento de su pueblo, mientras presid\u00eda su primera audiencia general en la plaza de San Pedro.<\/p>\n\n\n\n<p>El Vaticano inform\u00f3 de alrededor de 40.000 asistentes a la audiencia, pocos d\u00edas despu\u00e9s de que unas 200.000 personas asistieran el domingo a la misa de inicio de pontificado del primer papa estadounidense de la historia.<\/p>\n\n\n\n<p>Le\u00f3n, el excardenal Robert Prevost de Chicago, comenz\u00f3 la audiencia con un recorrido por la plaza en el papam\u00f3vil y se detuvo para bendecir a varios beb\u00e9s.<\/p>\n\n\n\n<p>Al dirigir saludos espec\u00edficos a diferentes grupos de peregrinos, Le\u00f3n habl\u00f3 en su ingl\u00e9s nativo y su fluido espa\u00f1ol, as\u00ed como en el italiano tradicional del papado.<\/p>\n\n\n\n<p>\u201cRenuevo mi apremiante llamamiento para que se permita la entrada de digna ayuda humanitaria y se ponga fin a las hostilidades, cuyo precio desgarrador lo pagan los ni\u00f1os, los ancianos y los enfermos\u201d, expres\u00f3.<\/p>\n\n\n\n<p>Le\u00f3n no mencion\u00f3 la dif\u00edcil situaci\u00f3n de los rehenes tomados por Ham\u00e1s durante el asalto al sur de Israel el 7 de octubre de 2023, como sol\u00eda hacer el papa Francisco.<\/p>\n\n\n\n<p>La audiencia general de los mi\u00e9rcoles es una cita semanal que los papas han mantenido durante d\u00e9cadas para permitir que los fieles de a pie tengan un encuentro cara a cara con el pont\u00edfice.<\/p>\n\n\n\n<p>En ella, el papa ofrece una breve reflexi\u00f3n sobre un tema o pasaje de las escrituras, con res\u00famenes ofrecidos por otros en diferentes idiomas y el papa dirigiendo mensajes espec\u00edficos a grupos de fe particulares.<\/p>\n\n\n\n<p>El encuentro, que dura m\u00e1s de una hora, generalmente termina con un breve llamamiento del papa sobre un tema actual o un evento pr\u00f3ximo. Le\u00f3n lo comenz\u00f3 con su ahora frecuente lema \u201cla paz sea con ustedes\u201d.<\/p>\n\n\n\n<p>Con ese fin, Leo reafirm\u00f3 el martes la disposici\u00f3n del Vaticano para albergar la pr\u00f3xima ronda de conversaciones de alto el fuego entre Rusia y Ucrania durante una llamada telef\u00f3nica con la primera ministra italiana, Giorgia Meloni, seg\u00fan inform\u00f3 la oficina de la l\u00edder italiana.<\/p>\n\n\n\n<p>Meloni hizo la llamada despu\u00e9s de hablar con el presidente de Estados Unidos, Donald Trump, y otros l\u00edderes europeos, quienes le pidieron que verificara la oferta de la Santa Sede.<\/p>\n\n\n\n<p>\u201cAl encontrar en el Santo Padre la confirmaci\u00f3n de la disposici\u00f3n para acoger las pr\u00f3ximas conversaciones entre las partes, la primera ministra expres\u00f3 profunda gratitud por la disposici\u00f3n del papa Le\u00f3n XIV y su incesante compromiso a favor de la paz\u201d, dijo la oficina de Meloni en un comunicado el martes por la noche.<\/p>\n\n\n\n<p>Trump se refiri\u00f3 a la antigua oferta del Vaticano de acoger las conversaciones al informar sobre su llamada telef\u00f3nica el lunes con el presidente ruso, Vlad\u00edmir Putin.<\/p>\n\n\n\n<p>Si bien las conversaciones de bajo nivel podr\u00edan celebrarse en Roma, a Italia le resultar\u00eda dif\u00edcil permitir que Putin vuele a Roma para cualquier negociaci\u00f3n de alto nivel.<\/p>\n\n\n\n<p>Putin est\u00e1 sujeto a una orden de arresto internacional en su contra por parte de la Corte Penal Internacional, de la cual Italia es miembro fundador y, por lo tanto, est\u00e1 obligada a ejecutar sus \u00f3rdenes.<\/p>\n","protected":false},"excerpt":{"rendered":"<p>POR NICOLE WINFIELD CIUDAD DEL VATICANO (AP) \u2014 El papa Le\u00f3n XIV pidi\u00f3 el mi\u00e9rcoles que la ayuda humanitaria llegue a la Franja de Gaza y que se ponga fin&hellip;<\/p>\n","protected":false},"author":10,"featured_media":99393,"comment_status":"open","ping_status":"open","sticky":false,"template":"","format":"standard","meta":{"content-type":"","jetpack_post_was_ever_published":false,"_jetpack_newsletter_access":"","_jetpack_dont_email_post_to_subs":false,"_jetpack_newsletter_tier_id":0,"_jetpack_memberships_contains_paywalled_content":false,"_jetpack_memberships_contains_paid_content":false,"footnotes":""},"categories":[16289],"tags":[2439,19381,8295,19763,19764],"class_list":["post-99392","post","type-post","status-publish","format-standard","has-post-thumbnail","hentry","category-internacionales","tag-ayuda","tag-el-papa-leon-xiv","tag-gaza","tag-hostilidades","tag-primera-audiencia-general"],"jetpack_featured_media_url":"https:\/\/lasprimeras.com.do\/wp-content\/uploads\/2025\/05\/PAPA.jpg","jetpack-related-posts":[{"id":98709,"url":"https:\/\/lasprimeras.com.do\/index.php\/2025\/05\/12\/el-papa-leon-xiv-pide-que-se-libere-a-periodistas-encarcelados-y-defiende-la-libertad-de-expresion\/","url_meta":{"origin":99392,"position":0},"title":"El papa Le\u00f3n XIV pide que se libere a periodistas encarcelados y defiende la libertad de expresi\u00f3n","author":"Nelson Feliz","date":"12 de mayo de 2025","format":false,"excerpt":"CIUDAD DEL VATICANO (AP) \u2014 El papa Le\u00f3n XIV pidi\u00f3 el lunes la liberaci\u00f3n de los periodistas encarcelados y defendi\u00f3 el \u201cprecioso don de la libertad de expresi\u00f3n y de prensa\u201d en una audiencia con algunos de los 6.000 periodistas que llegaron a Roma para cubrir su elecci\u00f3n como el\u2026","rel":"","context":"En \u00abINTERNACIONALES\u00bb","block_context":{"text":"INTERNACIONALES","link":"https:\/\/lasprimeras.com.do\/index.php\/category\/sin-categoria\/internacionales\/"},"img":{"alt_text":"El papa Le\u00f3n XIV","src":"https:\/\/i0.wp.com\/lasprimeras.com.do\/wp-content\/uploads\/2025\/05\/El-papa-Leon-XIV.jpg?resize=350%2C200&ssl=1","width":350,"height":200,"srcset":"https:\/\/i0.wp.com\/lasprimeras.com.do\/wp-content\/uploads\/2025\/05\/El-papa-Leon-XIV.jpg?resize=350%2C200&ssl=1 1x, https:\/\/i0.wp.com\/lasprimeras.com.do\/wp-content\/uploads\/2025\/05\/El-papa-Leon-XIV.jpg?resize=525%2C300&ssl=1 1.5x, https:\/\/i0.wp.com\/lasprimeras.com.do\/wp-content\/uploads\/2025\/05\/El-papa-Leon-XIV.jpg?resize=700%2C400&ssl=1 2x"},"classes":[]},{"id":108238,"url":"https:\/\/lasprimeras.com.do\/index.php\/2025\/09\/04\/el-presidente-de-israel-se-reune-con-el-papa-leon-xiv-mientras-continua-la-ofensiva-en-gaza\/","url_meta":{"origin":99392,"position":1},"title":"El presidente de Israel se re\u00fane con el papa Le\u00f3n XIV mientras contin\u00faa la ofensiva en Gaza","author":"Nelson Feliz","date":"4 de septiembre de 2025","format":false,"excerpt":"POR NICOLE WINFIELD CIUDAD DEL VATICANO (AP) \u2014 El papa Le\u00f3n XIV se reuni\u00f3 el jueves con el presidente israel\u00ed, Isaac Herzog, mientras Israel avanza con una ofensiva planificada en Gaza y el Vaticano insta a un cese al fuego inmediato y al retorno de los rehenes capturados por Ham\u00e1s.\u2026","rel":"","context":"En \u00abINTERNACIONALES\u00bb","block_context":{"text":"INTERNACIONALES","link":"https:\/\/lasprimeras.com.do\/index.php\/category\/sin-categoria\/internacionales\/"},"img":{"alt_text":"","src":"https:\/\/i0.wp.com\/lasprimeras.com.do\/wp-content\/uploads\/2025\/09\/ENC.jpg?resize=350%2C200&ssl=1","width":350,"height":200,"srcset":"https:\/\/i0.wp.com\/lasprimeras.com.do\/wp-content\/uploads\/2025\/09\/ENC.jpg?resize=350%2C200&ssl=1 1x, https:\/\/i0.wp.com\/lasprimeras.com.do\/wp-content\/uploads\/2025\/09\/ENC.jpg?resize=525%2C300&ssl=1 1.5x, https:\/\/i0.wp.com\/lasprimeras.com.do\/wp-content\/uploads\/2025\/09\/ENC.jpg?resize=700%2C400&ssl=1 2x"},"classes":[]},{"id":100309,"url":"https:\/\/lasprimeras.com.do\/index.php\/2025\/06\/05\/el-papa-leon-xiv-se-reune-con-la-comision-de-proteccion-infantil-del-vaticano\/","url_meta":{"origin":99392,"position":2},"title":"El papa Le\u00f3n XIV se re\u00fane con la comisi\u00f3n de protecci\u00f3n infantil del Vaticano","author":"Nelson Feliz","date":"5 de junio de 2025","format":false,"excerpt":"POR NICOLE WINFIELD CIUDAD DEL VATICANO (AP) \u2014 El papa Le\u00f3n XIV se reuni\u00f3 con miembros de la comisi\u00f3n asesora de protecci\u00f3n infantil del Vaticano el jueves por primera vez, en medio de preguntas sobre su manejo pasado de casos de abuso sexual por parte del clero y demandas de\u2026","rel":"","context":"En \u00abINTERNACIONALES\u00bb","block_context":{"text":"INTERNACIONALES","link":"https:\/\/lasprimeras.com.do\/index.php\/category\/sin-categoria\/internacionales\/"},"img":{"alt_text":"","src":"https:\/\/i0.wp.com\/lasprimeras.com.do\/wp-content\/uploads\/2025\/06\/El-papa-Leon-XIV.jpg?resize=350%2C200&ssl=1","width":350,"height":200,"srcset":"https:\/\/i0.wp.com\/lasprimeras.com.do\/wp-content\/uploads\/2025\/06\/El-papa-Leon-XIV.jpg?resize=350%2C200&ssl=1 1x, https:\/\/i0.wp.com\/lasprimeras.com.do\/wp-content\/uploads\/2025\/06\/El-papa-Leon-XIV.jpg?resize=525%2C300&ssl=1 1.5x, https:\/\/i0.wp.com\/lasprimeras.com.do\/wp-content\/uploads\/2025\/06\/El-papa-Leon-XIV.jpg?resize=700%2C400&ssl=1 2x"},"classes":[]},{"id":103917,"url":"https:\/\/lasprimeras.com.do\/index.php\/2025\/07\/20\/el-papa-leon-xiv-renueva-su-llamamiento-a-un-alto-el-fuego-inmediato-en-gaza\/","url_meta":{"origin":99392,"position":3},"title":"El Papa Le\u00f3n XIV renueva su llamamiento a un alto el fuego inmediato en Gaza","author":"Nelson Feliz","date":"20 de julio de 2025","format":false,"excerpt":"Por DARIO ARTALE CASTEL GANDOLFO, Italia (AP) \u2014 El papa Le\u00f3n XIV renov\u00f3 el domingo su llamado a un cese del fuego inmediato en Gaza , pidiendo a la comunidad internacional que respete las leyes internacionales y la obligaci\u00f3n de proteger a los civiles. \u00abUna vez m\u00e1s pido el fin\u2026","rel":"","context":"En \u00abINTERNACIONALES\u00bb","block_context":{"text":"INTERNACIONALES","link":"https:\/\/lasprimeras.com.do\/index.php\/category\/sin-categoria\/internacionales\/"},"img":{"alt_text":"","src":"https:\/\/i0.wp.com\/lasprimeras.com.do\/wp-content\/uploads\/2025\/07\/PAPA.jpg?resize=350%2C200&ssl=1","width":350,"height":200,"srcset":"https:\/\/i0.wp.com\/lasprimeras.com.do\/wp-content\/uploads\/2025\/07\/PAPA.jpg?resize=350%2C200&ssl=1 1x, https:\/\/i0.wp.com\/lasprimeras.com.do\/wp-content\/uploads\/2025\/07\/PAPA.jpg?resize=525%2C300&ssl=1 1.5x"},"classes":[]},{"id":99659,"url":"https:\/\/lasprimeras.com.do\/index.php\/2025\/05\/24\/leon-xiv-expone-su-vision-del-papado-e-identifica-la-ia-como-un-desafio-clave-para-la-humanidad\/","url_meta":{"origin":99392,"position":4},"title":"Le\u00f3n XIV expone su visi\u00f3n del papado e identifica la IA como un desaf\u00edo clave para la humanidad","author":"Nelson Feliz","date":"24 de mayo de 2025","format":false,"excerpt":"POR NICOLE WINFIELD CIUDAD DEL VATICANO (AP) \u2014 El papa Le\u00f3n XIV expuso su visi\u00f3n para el papado el s\u00e1bado, identificando a la inteligencia artificial como uno de los asuntos m\u00e1s cr\u00edticos a los que se enfrenta la humanidad y prometi\u00f3 continuar con algunas de las prioridades fundamentales del papa\u2026","rel":"","context":"En \u00abINTERNACIONALES\u00bb","block_context":{"text":"INTERNACIONALES","link":"https:\/\/lasprimeras.com.do\/index.php\/category\/sin-categoria\/internacionales\/"},"img":{"alt_text":"","src":"https:\/\/i0.wp.com\/lasprimeras.com.do\/wp-content\/uploads\/2025\/05\/El-papa-Leon-XIV-1-1.jpg?resize=350%2C200&ssl=1","width":350,"height":200,"srcset":"https:\/\/i0.wp.com\/lasprimeras.com.do\/wp-content\/uploads\/2025\/05\/El-papa-Leon-XIV-1-1.jpg?resize=350%2C200&ssl=1 1x, https:\/\/i0.wp.com\/lasprimeras.com.do\/wp-content\/uploads\/2025\/05\/El-papa-Leon-XIV-1-1.jpg?resize=525%2C300&ssl=1 1.5x, https:\/\/i0.wp.com\/lasprimeras.com.do\/wp-content\/uploads\/2025\/05\/El-papa-Leon-XIV-1-1.jpg?resize=700%2C400&ssl=1 2x"},"classes":[]},{"id":98889,"url":"https:\/\/lasprimeras.com.do\/index.php\/2025\/05\/14\/leon-xiv-promete-esforzarse-por-la-paz-en-regiones-donde-se-persigue-a-los-cristianos\/","url_meta":{"origin":99392,"position":5},"title":"Le\u00f3n XIV promete esforzarse por la paz en regiones donde se persigue a los cristianos","author":"Nelson Feliz","date":"14 de mayo de 2025","format":false,"excerpt":"POR NICOLE WINFIELD CIUDAD DEL VATICANO (AP) \u2014 El papa Le\u00f3n XIV prometi\u00f3 el mi\u00e9rcoles hacer \u201ctodos los esfuerzos\u201d para trabajar por la paz en Oriente Medio y Ucrania y promover activamente la espiritualidad y las tradiciones de las iglesias de rito oriental, las comunidades cat\u00f3licas con or\u00edgenes en Oriente\u2026","rel":"","context":"En \u00abINTERNACIONALES\u00bb","block_context":{"text":"INTERNACIONALES","link":"https:\/\/lasprimeras.com.do\/index.php\/category\/sin-categoria\/internacionales\/"},"img":{"alt_text":"","src":"https:\/\/i0.wp.com\/lasprimeras.com.do\/wp-content\/uploads\/2025\/05\/Leon-XIV.jpg?resize=350%2C200&ssl=1","width":350,"height":200,"srcset":"https:\/\/i0.wp.com\/lasprimeras.com.do\/wp-content\/uploads\/2025\/05\/Leon-XIV.jpg?resize=350%2C200&ssl=1 1x, https:\/\/i0.wp.com\/lasprimeras.com.do\/wp-content\/uploads\/2025\/05\/Leon-XIV.jpg?resize=525%2C300&ssl=1 1.5x, https:\/\/i0.wp.com\/lasprimeras.com.do\/wp-content\/uploads\/2025\/05\/Leon-XIV.jpg?resize=700%2C400&ssl=1 2x"},"classes":[]}],"jetpack_sharing_enabled":true,"_links":{"self":[{"href":"https:\/\/lasprimeras.com.do\/index.php\/wp-json\/wp\/v2\/posts\/99392","targetHints":{"allow":["GET"]}}],"collection":[{"href":"https:\/\/lasprimeras.com.do\/index.php\/wp-json\/wp\/v2\/posts"}],"about":[{"href":"https:\/\/lasprimeras.com.do\/index.php\/wp-json\/wp\/v2\/types\/post"}],"author":[{"embeddable":true,"href":"https:\/\/lasprimeras.com.do\/index.php\/wp-json\/wp\/v2\/users\/10"}],"replies":[{"embeddable":true,"href":"https:\/\/lasprimeras.com.do\/index.php\/wp-json\/wp\/v2\/comments?post=99392"}],"version-history":[{"count":1,"href":"https:\/\/lasprimeras.com.do\/index.php\/wp-json\/wp\/v2\/posts\/99392\/revisions"}],"predecessor-version":[{"id":99394,"href":"https:\/\/lasprimeras.com.do\/index.php\/wp-json\/wp\/v2\/posts\/99392\/revisions\/99394"}],"wp:featuredmedia":[{"embeddable":true,"href":"https:\/\/lasprimeras.com.do\/index.php\/wp-json\/wp\/v2\/media\/99393"}],"wp:attachment":[{"href":"https:\/\/lasprimeras.com.do\/index.php\/wp-json\/wp\/v2\/media?parent=99392"}],"wp:term":[{"taxonomy":"category","embeddable":true,"href":"https:\/\/lasprimeras.com.do\/index.php\/wp-json\/wp\/v2\/categories?post=99392"},{"taxonomy":"post_tag","embeddable":true,"href":"https:\/\/lasprimeras.com.do\/index.php\/wp-json\/wp\/v2\/tags?post=99392"}],"curies":[{"name":"wp","href":"https:\/\/api.w.org\/{rel}","templated":true}]}}