{"id":99401,"date":"2025-05-21T08:13:21","date_gmt":"2025-05-21T12:13:21","guid":{"rendered":"https:\/\/lasprimeras.com.do\/?p=99401"},"modified":"2025-05-21T08:13:22","modified_gmt":"2025-05-21T12:13:22","slug":"aspirantes-presidenciales-pld-deben-poner-oidos-en-el-corazon-de-la-base-peledeista","status":"publish","type":"post","link":"https:\/\/lasprimeras.com.do\/index.php\/2025\/05\/21\/aspirantes-presidenciales-pld-deben-poner-oidos-en-el-corazon-de-la-base-peledeista\/","title":{"rendered":"Aspirantes presidenciales PLD deben poner o\u00eddos en el coraz\u00f3n de la base pelede\u00edsta"},"content":{"rendered":"\n<figure class=\"wp-block-embed is-type-video is-provider-youtube wp-block-embed-youtube wp-embed-aspect-16-9 wp-has-aspect-ratio\"><div class=\"wp-block-embed__wrapper\">\n<iframe title=\"Javier Garc\u00eda precandidato presidencial PLD sosteniendo encuentros masivos con base del partido\" width=\"500\" height=\"281\" src=\"https:\/\/www.youtube.com\/embed\/0st8FQnqNWM?feature=oembed\" frameborder=\"0\" allow=\"accelerometer; autoplay; clipboard-write; encrypted-media; gyroscope; picture-in-picture; web-share\" referrerpolicy=\"strict-origin-when-cross-origin\" allowfullscreen><\/iframe>\n<\/div><\/figure>\n\n\n\n<p>Por Ram\u00f3n Mercedes<\/p>\n\n\n\n<p>NUEVA YORK.- La aceptaci\u00f3n masiva y espont\u00e1nea que viene teniendo el precandidato presidencial del Partido de la Liberaci\u00f3n Dominicana (PLD), Francisco Javier Garc\u00eda, en sus encuentros en la RD demuestran claramente que es el candidato presidencial a seleccionar por el Comit\u00e9 Central (CC) en el proceso electoral interno del pr\u00f3ximo 8 de junio.<\/p>\n\n\n\n<p>As\u00ed lo expresan en documento de prensa decenas de simpatizantes del PLD en esta ciudad, exhortando a los dem\u00e1s precandidatos poner sus o\u00eddos en el coraz\u00f3n de la base pelede\u00edsta y los diferentes sectores del pueblo dominicano, y se convenzan de una vez y por todas que Javier Garc\u00eda es el \u00fanico que garantizar\u00e1 el triunfo en el 2028.<\/p>\n\n\n\n<p>Especifican que el Comit\u00e9 Pol\u00edtico (CP), como \u00e1rbitro del proceso, ha establecido reglas claras y condiciones igualitarias para todos los que aspiran, pero el pueblo no ha visto ni ve los trabajos de los otros aspirantes por ninguna parte, y las campa\u00f1as se marcan por el contacto directo, la organizaci\u00f3n y la unidad con la base.<\/p>\n\n\n\n<p>Los dem\u00e1s aspirantes deben salir a escuchar, abrazar y motivar la base; que salgan a trabajar, porque la verdadera pol\u00edtica se hace con la gente, no desde una burbuja, como bien proclamara Javier Garc\u00eda.<\/p>\n\n\n\n<p>Indican que los dem\u00e1s aspirantes del partido vienen sosteniendo subterfugio sin justificaci\u00f3n, porque lo que es igual no es ventajas, y si el partido en el 2022 seleccion\u00f3 su candidato presidencial al igual como se propone ahora, por qu\u00e9 oponerse.<\/p>\n\n\n\n<p>Rechazar eso ser\u00eda interpretado de que manos diestras est\u00e1n ordenando las directrices del partido morado, porque la mayor\u00eda de los que se oponen al m\u00e9todo del CP no se opusieron en aquel entonces.<\/p>\n\n\n\n<p>Se identifican con lo proclamado por Javier Garc\u00eda en Santiago de los Caballeros, Espaillat y Puerto Plata, que al recibir apoyos masivos de presidentes intermedios y miembros del CC, precis\u00f3 \u00abestos encuentros nos reafirman que contamos con el respaldo mayoritario y absoluto de la estructura interna del PLD\u00bb.<\/p>\n\n\n\n<p>\u00abEstamos en el renacer de la esperanza para que nuestro partido retorne al poder en 2028, porque esta no es una lucha de ambiciones, es una lucha por rescatar la esperanza del pueblo; vamos juntos, con disciplina, firmeza y visi\u00f3n\u201d, ha expresado Javier Garc\u00eda.<\/p>\n\n\n\n<p>Manifestaron que los grandes partidos (FP y PRM) ya tienen sus precandidatos predefinidos y oponerse a que el PLD propugne por esa igualdad quedar\u00eda claro que hay intenciones malignas y contrarias a los intereses de la entidad.<\/p>\n\n\n\n<p>Recordaron lo planteado por Lidio Cadet, presidente de la Comisi\u00f3n de Arbitraje y Unidad en las aspiraciones presidenciales del PLD, al decir que la JCE apoy\u00f3 la consulta del 2022, que gan\u00f3 Abel Mart\u00ednez, y defendi\u00f3 el derecho de los postulantes del partido de salir temprano al terreno para no ser \u00abarrollados\u00bb por el Gobierno en 2028.<\/p>\n\n\n\n<p>El partido tiene que estar por encima del ego de cada uno de los aspirantes y, m\u00e1s a\u00fan, en lo que le conviene al pa\u00eds, aclarando que con esta disposici\u00f3n del CP no se violan las leyes de partidos ni la del R\u00e9gimen Electoral.<\/p>\n\n\n\n<p>Entre los firmantes figuran Carlos Jim\u00e9nez, Wilson Cabrera, M\u00e9lida del Orbe, Juan Carbonel, Josefina Rodr\u00edguez, Juli\u00e1n Luna, Pedro A. Sierra, Paola Sambrano, Sigfredo Ortega, Danilo Guzm\u00e1n, Juan de Dios Guti\u00e9rrez, Mildred de Pantale\u00f3n, Sandro D\u00edaz, Hugo Rivera, Emilio L\u00f3pez, Elvin C\u00f3rdoba, Adriano Silverio, Ana de Ruiz, y H\u00e9ctor Bonilla, entre otros.<\/p>\n","protected":false},"excerpt":{"rendered":"<p>Por Ram\u00f3n Mercedes NUEVA YORK.- La aceptaci\u00f3n masiva y espont\u00e1nea que viene teniendo el precandidato presidencial del Partido de la Liberaci\u00f3n Dominicana (PLD), Francisco Javier Garc\u00eda, en sus encuentros en&hellip;<\/p>\n","protected":false},"author":10,"featured_media":99148,"comment_status":"open","ping_status":"open","sticky":false,"template":"","format":"standard","meta":{"content-type":"","jetpack_post_was_ever_published":false,"_jetpack_newsletter_access":"","_jetpack_dont_email_post_to_subs":false,"_jetpack_newsletter_tier_id":0,"_jetpack_memberships_contains_paywalled_content":false,"_jetpack_memberships_contains_paid_content":false,"footnotes":""},"categories":[16559,25],"tags":[2098,13817,269,1504],"class_list":["post-99401","post","type-post","status-publish","format-standard","has-post-thumbnail","hentry","category-politica","category-portada","tag-aspirantes","tag-peledeista","tag-pld","tag-presidenciales"],"jetpack_featured_media_url":"https:\/\/lasprimeras.com.do\/wp-content\/uploads\/2025\/05\/Francisco-Javier-Garcia-2.jpg","jetpack-related-posts":[{"id":126102,"url":"https:\/\/lasprimeras.com.do\/index.php\/2026\/03\/30\/valoran-en-nyc-danilo-haya-puesto-oido-en-corazon-militancia-pld-y-sociedad-rd\/","url_meta":{"origin":99401,"position":0},"title":"Valoran en NYC Danilo haya puesto o\u00eddo en coraz\u00f3n militancia PLD y sociedad RD","author":"Nelson Feliz","date":"30 de marzo de 2026","format":false,"excerpt":"https:\/\/www.youtube.com\/shorts\/qF8lehTVFec Por Ram\u00f3n Mercedes NUERVA YORK.- Dirigentes y militantes del Partido de la Liberaci\u00f3n Dominicana (PLD) en esta ciudad, al igual que ciudadanos comunes en el Alto Manhattan, coincidieron en manifestar que el expresidente y l\u00edder de esa organizaci\u00f3n, Danilo Medina, ha puesto el o\u00eddo en la base pelede\u00edsta y\u2026","rel":"","context":"En \u00abPOLITICA\u00bb","block_context":{"text":"POLITICA","link":"https:\/\/lasprimeras.com.do\/index.php\/category\/politica\/"},"img":{"alt_text":"Valoran en NYC Medina haya puesto oido en coraz\u00f3n militancia PLD y sociedad RD","src":"https:\/\/i0.wp.com\/lasprimeras.com.do\/wp-content\/uploads\/2026\/03\/Valoran-en-NYC-Medina-haya-puesto-oido-en-corazon-militancia-PLD-y-sociedad-RD.jpg?resize=350%2C200&ssl=1","width":350,"height":200,"srcset":"https:\/\/i0.wp.com\/lasprimeras.com.do\/wp-content\/uploads\/2026\/03\/Valoran-en-NYC-Medina-haya-puesto-oido-en-corazon-militancia-PLD-y-sociedad-RD.jpg?resize=350%2C200&ssl=1 1x, https:\/\/i0.wp.com\/lasprimeras.com.do\/wp-content\/uploads\/2026\/03\/Valoran-en-NYC-Medina-haya-puesto-oido-en-corazon-militancia-PLD-y-sociedad-RD.jpg?resize=525%2C300&ssl=1 1.5x, https:\/\/i0.wp.com\/lasprimeras.com.do\/wp-content\/uploads\/2026\/03\/Valoran-en-NYC-Medina-haya-puesto-oido-en-corazon-militancia-PLD-y-sociedad-RD.jpg?resize=700%2C400&ssl=1 2x"},"classes":[]},{"id":102810,"url":"https:\/\/lasprimeras.com.do\/index.php\/2025\/07\/08\/johnny-pujols-comite-politico-del-pld-conocera-sentencia-del-tse\/","url_meta":{"origin":99401,"position":1},"title":"Johnny Pujols: Comit\u00e9 Pol\u00edtico del PLD conocer\u00e1 sentencia del TSE","author":"Nelson Feliz","date":"8 de julio de 2025","format":false,"excerpt":"Secretario General del PLD ratifica convocatoria del Comit\u00e9 Pol\u00edtico para el pr\u00f3ximo jueves en horas de la ma\u00f1ana. El Comit\u00e9 Pol\u00edtico del Partido de la Liberaci\u00f3n dominicana se reunir\u00e1 el pr\u00f3ximo jueves para analizar la sentencia del Tribunal Superior Electoral (TSE-01-0010-2025) sobre las aspiraciones a precandidaturas presidencial. La informaci\u00f3n fue\u2026","rel":"","context":"En \u00abPOLITICA\u00bb","block_context":{"text":"POLITICA","link":"https:\/\/lasprimeras.com.do\/index.php\/category\/politica\/"},"img":{"alt_text":"","src":"https:\/\/i0.wp.com\/lasprimeras.com.do\/wp-content\/uploads\/2025\/05\/Johnny-Pujols-2.jpg?resize=350%2C200&ssl=1","width":350,"height":200,"srcset":"https:\/\/i0.wp.com\/lasprimeras.com.do\/wp-content\/uploads\/2025\/05\/Johnny-Pujols-2.jpg?resize=350%2C200&ssl=1 1x, https:\/\/i0.wp.com\/lasprimeras.com.do\/wp-content\/uploads\/2025\/05\/Johnny-Pujols-2.jpg?resize=525%2C300&ssl=1 1.5x, https:\/\/i0.wp.com\/lasprimeras.com.do\/wp-content\/uploads\/2025\/05\/Johnny-Pujols-2.jpg?resize=700%2C400&ssl=1 2x"},"classes":[]},{"id":125955,"url":"https:\/\/lasprimeras.com.do\/index.php\/2026\/03\/27\/comision-del-pld-adopta-importantes-decisiones-sobre-aspirantes-presidenciales\/","url_meta":{"origin":99401,"position":2},"title":"Comisi\u00f3n del PLD adopta importantes decisiones sobre aspirantes presidenciales","author":"Nelson Feliz","date":"27 de marzo de 2026","format":false,"excerpt":"La Comisi\u00f3n de Consulta sobre Aspirantes Presidenciales del Partido de la Liberaci\u00f3n Dominicana (PLD) es CONAP 2026 La Comisi\u00f3n de Consulta sobre Aspirantes Presidenciales del Partido de la Liberaci\u00f3n Dominicana (PLD), designada en la reuni\u00f3n ordinaria del Comit\u00e9 Pol\u00edtico, sostuvo un primer encuentro adoptando importantes decisiones relativas a la organizaci\u00f3n,\u2026","rel":"","context":"En \u00abPOLITICA\u00bb","block_context":{"text":"POLITICA","link":"https:\/\/lasprimeras.com.do\/index.php\/category\/politica\/"},"img":{"alt_text":"","src":"https:\/\/i0.wp.com\/lasprimeras.com.do\/wp-content\/uploads\/2026\/03\/Casa-Nacional-RPP.jpg?resize=350%2C200&ssl=1","width":350,"height":200,"srcset":"https:\/\/i0.wp.com\/lasprimeras.com.do\/wp-content\/uploads\/2026\/03\/Casa-Nacional-RPP.jpg?resize=350%2C200&ssl=1 1x, https:\/\/i0.wp.com\/lasprimeras.com.do\/wp-content\/uploads\/2026\/03\/Casa-Nacional-RPP.jpg?resize=525%2C300&ssl=1 1.5x, https:\/\/i0.wp.com\/lasprimeras.com.do\/wp-content\/uploads\/2026\/03\/Casa-Nacional-RPP.jpg?resize=700%2C400&ssl=1 2x"},"classes":[]},{"id":106986,"url":"https:\/\/lasprimeras.com.do\/index.php\/2025\/08\/21\/charlie-mariotti-voy-a-echar-el-pleito-como-quiera-con-danilo-o-sin-danilo\/","url_meta":{"origin":99401,"position":3},"title":"Charlie Mariotti: \u201cVoy a echar el pleito como quiera, con Danilo o sin Danilo\u201d","author":"Nelson Feliz","date":"21 de agosto de 2025","format":false,"excerpt":"El precandidato presidencial del Partido de la Liberaci\u00f3n Dominicana (PLD), Charlie Mariotti, asegur\u00f3 que participar\u00e1 en la competencia interna por la candidatura presidencial de su organizaci\u00f3n, sin importar las figuras que decidan inscribirse y cual apoye Danilo Medina. \u201cVoy a echar el pleito como quiera. Aunque aparezca San Danilo, San\u2026","rel":"","context":"En \u00abPOLITICA\u00bb","block_context":{"text":"POLITICA","link":"https:\/\/lasprimeras.com.do\/index.php\/category\/politica\/"},"img":{"alt_text":"","src":"https:\/\/i0.wp.com\/lasprimeras.com.do\/wp-content\/uploads\/2025\/08\/Charlie-Mariotti.jpg?resize=350%2C200&ssl=1","width":350,"height":200,"srcset":"https:\/\/i0.wp.com\/lasprimeras.com.do\/wp-content\/uploads\/2025\/08\/Charlie-Mariotti.jpg?resize=350%2C200&ssl=1 1x, https:\/\/i0.wp.com\/lasprimeras.com.do\/wp-content\/uploads\/2025\/08\/Charlie-Mariotti.jpg?resize=525%2C300&ssl=1 1.5x, https:\/\/i0.wp.com\/lasprimeras.com.do\/wp-content\/uploads\/2025\/08\/Charlie-Mariotti.jpg?resize=700%2C400&ssl=1 2x"},"classes":[]},{"id":113297,"url":"https:\/\/lasprimeras.com.do\/index.php\/2025\/10\/31\/comision-del-pld-se-reune-con-abel-martinez\/","url_meta":{"origin":99401,"position":4},"title":"Comision del PLD se reune con Abel Martinez","author":"Nelson Feliz","date":"31 de octubre de 2025","format":false,"excerpt":"La Comisi\u00f3n del PLD conformada para trabajar el Protocolo de Aspirantes Presidenciales se re\u00fane con Abel Mart\u00ednez. La comisi\u00f3n encargada de trabajar el Protocolo de Aspirantes Presidenciales del Partido de la Liberaci\u00f3n Dominicana (PLD) sostuvo un encuentro con Abel Mart\u00ednez, pasado candidato presidencial pelede\u00edsta en el que se intercambiaron ideas\u2026","rel":"","context":"En \u00abPOLITICA\u00bb","block_context":{"text":"POLITICA","link":"https:\/\/lasprimeras.com.do\/index.php\/category\/politica\/"},"img":{"alt_text":"","src":"https:\/\/i0.wp.com\/lasprimeras.com.do\/wp-content\/uploads\/2025\/10\/COMISION-CON-ABEL-2.jpg?resize=350%2C200&ssl=1","width":350,"height":200,"srcset":"https:\/\/i0.wp.com\/lasprimeras.com.do\/wp-content\/uploads\/2025\/10\/COMISION-CON-ABEL-2.jpg?resize=350%2C200&ssl=1 1x, https:\/\/i0.wp.com\/lasprimeras.com.do\/wp-content\/uploads\/2025\/10\/COMISION-CON-ABEL-2.jpg?resize=525%2C300&ssl=1 1.5x, https:\/\/i0.wp.com\/lasprimeras.com.do\/wp-content\/uploads\/2025\/10\/COMISION-CON-ABEL-2.jpg?resize=700%2C400&ssl=1 2x"},"classes":[]},{"id":107272,"url":"https:\/\/lasprimeras.com.do\/index.php\/2025\/08\/25\/en-ny-coinciden-con-javier-garcia-pld-debe-estar-en-las-calles-para-ganar-en-2028\/","url_meta":{"origin":99401,"position":5},"title":"En NY coinciden con Javier Garc\u00eda \u00abPLD debe estar en las calles para ganar en 2028\u00bb","author":"Nelson Feliz","date":"25 de agosto de 2025","format":false,"excerpt":"Por Ram\u00f3n Mercedes NUEVA YORK.- Dirigentes y militantes del Partido de la Liberaci\u00f3n Dominicana (PLD) en esta ciudad manifestaron apoyar la posici\u00f3n del aspirante presidencial de esa entidad, Francisco Javier Garc\u00eda, de que la organizaci\u00f3n debe estar en las calles para ganar en el 2028. Sostienen que el PLD se\u2026","rel":"","context":"En \u00abPOLITICA\u00bb","block_context":{"text":"POLITICA","link":"https:\/\/lasprimeras.com.do\/index.php\/category\/politica\/"},"img":{"alt_text":"","src":"https:\/\/i0.wp.com\/lasprimeras.com.do\/wp-content\/uploads\/2025\/08\/WhatsApp-Image-2025-08-25-at-6.20.09-AM.jpeg?resize=350%2C200&ssl=1","width":350,"height":200,"srcset":"https:\/\/i0.wp.com\/lasprimeras.com.do\/wp-content\/uploads\/2025\/08\/WhatsApp-Image-2025-08-25-at-6.20.09-AM.jpeg?resize=350%2C200&ssl=1 1x, https:\/\/i0.wp.com\/lasprimeras.com.do\/wp-content\/uploads\/2025\/08\/WhatsApp-Image-2025-08-25-at-6.20.09-AM.jpeg?resize=525%2C300&ssl=1 1.5x"},"classes":[]}],"jetpack_sharing_enabled":true,"_links":{"self":[{"href":"https:\/\/lasprimeras.com.do\/index.php\/wp-json\/wp\/v2\/posts\/99401","targetHints":{"allow":["GET"]}}],"collection":[{"href":"https:\/\/lasprimeras.com.do\/index.php\/wp-json\/wp\/v2\/posts"}],"about":[{"href":"https:\/\/lasprimeras.com.do\/index.php\/wp-json\/wp\/v2\/types\/post"}],"author":[{"embeddable":true,"href":"https:\/\/lasprimeras.com.do\/index.php\/wp-json\/wp\/v2\/users\/10"}],"replies":[{"embeddable":true,"href":"https:\/\/lasprimeras.com.do\/index.php\/wp-json\/wp\/v2\/comments?post=99401"}],"version-history":[{"count":1,"href":"https:\/\/lasprimeras.com.do\/index.php\/wp-json\/wp\/v2\/posts\/99401\/revisions"}],"predecessor-version":[{"id":99402,"href":"https:\/\/lasprimeras.com.do\/index.php\/wp-json\/wp\/v2\/posts\/99401\/revisions\/99402"}],"wp:featuredmedia":[{"embeddable":true,"href":"https:\/\/lasprimeras.com.do\/index.php\/wp-json\/wp\/v2\/media\/99148"}],"wp:attachment":[{"href":"https:\/\/lasprimeras.com.do\/index.php\/wp-json\/wp\/v2\/media?parent=99401"}],"wp:term":[{"taxonomy":"category","embeddable":true,"href":"https:\/\/lasprimeras.com.do\/index.php\/wp-json\/wp\/v2\/categories?post=99401"},{"taxonomy":"post_tag","embeddable":true,"href":"https:\/\/lasprimeras.com.do\/index.php\/wp-json\/wp\/v2\/tags?post=99401"}],"curies":[{"name":"wp","href":"https:\/\/api.w.org\/{rel}","templated":true}]}}