{"id":99413,"date":"2025-05-21T08:40:54","date_gmt":"2025-05-21T12:40:54","guid":{"rendered":"https:\/\/lasprimeras.com.do\/?p=99413"},"modified":"2025-05-21T08:40:56","modified_gmt":"2025-05-21T12:40:56","slug":"luis-el-gallo-la-soberania-y-la-seguridad-nacional-deben-ser-temas-centrales-de-los-partidos-politicos","status":"publish","type":"post","link":"https:\/\/lasprimeras.com.do\/index.php\/2025\/05\/21\/luis-el-gallo-la-soberania-y-la-seguridad-nacional-deben-ser-temas-centrales-de-los-partidos-politicos\/","title":{"rendered":"Luis \u201cEl Gallo\u201d : La soberan\u00eda y la seguridad nacional deben ser temas centrales de los partidos pol\u00edticos"},"content":{"rendered":"\n<p>El presidente de la Uni\u00f3n Dem\u00f3crata Cristiana \u2013UDC-, Luis Acosta Moreta, Luis \u201cEl Gallo\u201d, Se demostr\u00f3 hoy que los temas m\u00e1s importantes de la agenda pol\u00edtica tienen que ser. la soberan\u00eda y la seguridad nacional, y pidi\u00f3 a los partidos que se aglutinen por el bien de la patria.<\/p>\n\n\n\n<p>Enfatiz\u00f3 que Ning\u00fan otro tema tiene aspectos tan trascendentales para el pa\u00eds como la seguridad y la soberan\u00eda nacional, por lo que a las soluciones y el mantenimiento de la democracia. se le debe dar prioridad.<\/p>\n\n\n\n<p>Dijo que la soberan\u00eda nacional corre peligro con la llegada masiva de indocumentados haitianos y la postura de malos dominicanos que les quieren legalizar para su estad\u00eda en el pa\u00eds.<\/p>\n\n\n\n<p>Se\u00f1al\u00f3 que bajo ninguna circunstancia y argumento se puede llegar a otorgar cuotas de ilegales para trabajar en las industrias del agro y de la construcci\u00f3n.<\/p>\n\n\n\n<p>La soberan\u00eda nacional tiene que ser alimentada cada d\u00eda, argument\u00f3, y apunt\u00f3 que ante cualquier descuido pueden sucumbir las instituciones nacionales, por lo que es hora de Estar en pie para defender a la patria de cualquier eventualidad.<\/p>\n\n\n\n<p>Apunt\u00f3 que los ingenieros constructores y los agroindustriales tienen que dejar de pensar en beneficios personales y comprender que crear cuotas de indocumentados para sus empresas, es alimentar nuevos problemas para el pa\u00eds.<\/p>\n\n\n\n<p>En vez de estar detr\u00e1s de cuotas, enfatiz\u00f3, lo que tienen que hacer es mejorar los salarios y los pagos para que los dominicanos se dediquen a esos trabajos pesados, que han abandonado ante la falta de condiciones para vender su fuerza de trabajo.<\/p>\n\n\n\n<p>Apunt\u00f3 que deben seguir las deportaciones de forma organizada y sin violar los derechos humanos de los detenidos. En la Rep\u00fablica Dominicana tiene que florecer el orden y la disciplina y hay que comenzar con el control de los ilegales.<\/p>\n\n\n\n<p>Tambi\u00e9n Luis El Gallo dijo que la seguridad y la soberan\u00eda son de los puntos fundamentales en cualquier agenda de discusi\u00f3n que se lleve a cabo, sobre todo en las reuniones pautadas en el Consejo Econ\u00f3mico y Social (CES).<\/p>\n\n\n\n<p>Asegur\u00f3 que es hora de trabajar por el pa\u00eds y garantizar la seguridad en la zona fronteriza, donde el glorioso ej\u00e9rcito nacional, nuestros guardias, montan vigilancia las 24 horas del d\u00eda, los siete d\u00edas de la semana.<\/p>\n","protected":false},"excerpt":{"rendered":"<p>El presidente de la Uni\u00f3n Dem\u00f3crata Cristiana \u2013UDC-, Luis Acosta Moreta, Luis \u201cEl Gallo\u201d, Se demostr\u00f3 hoy que los temas m\u00e1s importantes de la agenda pol\u00edtica tienen que ser. la&hellip;<\/p>\n","protected":false},"author":10,"featured_media":99414,"comment_status":"open","ping_status":"open","sticky":false,"template":"","format":"standard","meta":{"content-type":"","jetpack_post_was_ever_published":false,"_jetpack_newsletter_access":"","_jetpack_dont_email_post_to_subs":false,"_jetpack_newsletter_tier_id":0,"_jetpack_memberships_contains_paywalled_content":false,"_jetpack_memberships_contains_paid_content":false,"footnotes":""},"categories":[16559],"tags":[361,561,6769,17482,3422,19774],"class_list":["post-99413","post","type-post","status-publish","format-standard","has-post-thumbnail","hentry","category-politica","tag-agenda","tag-luis-acosta-moreta","tag-partidos-politicos","tag-seguridad-nacional","tag-soberania","tag-temas-centrales"],"jetpack_featured_media_url":"https:\/\/lasprimeras.com.do\/wp-content\/uploads\/2025\/05\/WhatsApp-Image-2025-05-21-at-7.04.41-AM.jpeg","jetpack-related-posts":[{"id":119963,"url":"https:\/\/lasprimeras.com.do\/index.php\/2026\/01\/19\/luis-el-gallo-rechaza-de-forma-categorica-cualquier-sometimiento-a-la-cidh\/","url_meta":{"origin":99413,"position":0},"title":"Luis \u201cEl Gallo\u201d rechaza de forma categ\u00f3rica cualquier sometimiento a la CIDH","author":"Nelson Feliz","date":"19 de enero de 2026","format":false,"excerpt":"El presidente del Partido Uni\u00f3n Dem\u00f3crata Cristiana \u2013UDC-, Luis Acosta Moreta, Luis \u201cEl Gallo\u201d, lanz\u00f3 una en\u00e9rgica advertencia contra cualquier intento de someter nuevamente a la Rep\u00fablica Dominicana a la Corte Interamericana de Derechos Humanos (Corte IDH), al considerar que dicha pretensi\u00f3n constituye una agresi\u00f3n directa a la soberan\u00eda nacional,\u2026","rel":"","context":"En \u00abPOLITICA\u00bb","block_context":{"text":"POLITICA","link":"https:\/\/lasprimeras.com.do\/index.php\/category\/politica\/"},"img":{"alt_text":"Luis Acosta Moreta","src":"https:\/\/i0.wp.com\/lasprimeras.com.do\/wp-content\/uploads\/2025\/07\/WhatsApp-Image-2025-07-25-at-9.01.49-AM.jpeg?resize=350%2C200&ssl=1","width":350,"height":200,"srcset":"https:\/\/i0.wp.com\/lasprimeras.com.do\/wp-content\/uploads\/2025\/07\/WhatsApp-Image-2025-07-25-at-9.01.49-AM.jpeg?resize=350%2C200&ssl=1 1x, https:\/\/i0.wp.com\/lasprimeras.com.do\/wp-content\/uploads\/2025\/07\/WhatsApp-Image-2025-07-25-at-9.01.49-AM.jpeg?resize=525%2C300&ssl=1 1.5x, https:\/\/i0.wp.com\/lasprimeras.com.do\/wp-content\/uploads\/2025\/07\/WhatsApp-Image-2025-07-25-at-9.01.49-AM.jpeg?resize=700%2C400&ssl=1 2x"},"classes":[]},{"id":100269,"url":"https:\/\/lasprimeras.com.do\/index.php\/2025\/06\/02\/udc-insta-al-ces-a-priorizar-la-defensa-de-la-soberania-y-la-seguridad-nacional-en-sus-plenarias\/","url_meta":{"origin":99413,"position":1},"title":"UDC insta al CES a priorizar la defensa de la soberan\u00eda y la seguridad nacional en sus plenarias","author":"Nelson Feliz","date":"2 de junio de 2025","format":false,"excerpt":"El presidente de la Uni\u00f3n Dem\u00f3crata Cristiana (UDC), Luis Acosta Moreta, Luis \u201cEl Gallo\u201d, expres\u00f3 su respaldo al inicio del di\u00e1logo en el Consejo Econ\u00f3mico y Social (CES) y exhort\u00f3 a que, en las discusiones sobre la situaci\u00f3n haitiana, se anteponga la defensa de la patria. Acosta Moreta destac\u00f3 la\u2026","rel":"","context":"En \u00abPOLITICA\u00bb","block_context":{"text":"POLITICA","link":"https:\/\/lasprimeras.com.do\/index.php\/category\/politica\/"},"img":{"alt_text":"Luis Acosta Moreta","src":"https:\/\/i0.wp.com\/lasprimeras.com.do\/wp-content\/uploads\/2025\/06\/WhatsApp-Image-2025-06-02-at-9.43.18-PM.jpeg?resize=350%2C200&ssl=1","width":350,"height":200,"srcset":"https:\/\/i0.wp.com\/lasprimeras.com.do\/wp-content\/uploads\/2025\/06\/WhatsApp-Image-2025-06-02-at-9.43.18-PM.jpeg?resize=350%2C200&ssl=1 1x, https:\/\/i0.wp.com\/lasprimeras.com.do\/wp-content\/uploads\/2025\/06\/WhatsApp-Image-2025-06-02-at-9.43.18-PM.jpeg?resize=525%2C300&ssl=1 1.5x, https:\/\/i0.wp.com\/lasprimeras.com.do\/wp-content\/uploads\/2025\/06\/WhatsApp-Image-2025-06-02-at-9.43.18-PM.jpeg?resize=700%2C400&ssl=1 2x"},"classes":[]},{"id":120705,"url":"https:\/\/lasprimeras.com.do\/index.php\/2026\/01\/27\/luis-el-gallo-dice-mejor-homenaje-a-duarte-es-luchar-por-una-republica-libre-e-independiente\/","url_meta":{"origin":99413,"position":2},"title":"Luis \u201cEl Gallo\u201d dice mejor homenaje a Duarte es luchar por una rep\u00fablica libre e independiente","author":"Nelson Feliz","date":"27 de enero de 2026","format":false,"excerpt":"El presidente de la Uni\u00f3n Dem\u00f3crata Cristiana \u2013UDC-, Luis Acosta Moreta, Luis \u201cEl Gallo\u201d, consider\u00f3 hoy que el mejor homenaje que se puede rendir a Juan Pablo Duarte es mantener la lucha por las libertades p\u00fablicas e institucionales y defender la soberan\u00eda y la territorialidad nacional. Afirmo que en este\u2026","rel":"","context":"En \u00abPOLITICA\u00bb","block_context":{"text":"POLITICA","link":"https:\/\/lasprimeras.com.do\/index.php\/category\/politica\/"},"img":{"alt_text":"Luis Acosta Moreta","src":"https:\/\/i0.wp.com\/lasprimeras.com.do\/wp-content\/uploads\/2025\/07\/WhatsApp-Image-2025-07-25-at-9.01.49-AM.jpeg?resize=350%2C200&ssl=1","width":350,"height":200,"srcset":"https:\/\/i0.wp.com\/lasprimeras.com.do\/wp-content\/uploads\/2025\/07\/WhatsApp-Image-2025-07-25-at-9.01.49-AM.jpeg?resize=350%2C200&ssl=1 1x, https:\/\/i0.wp.com\/lasprimeras.com.do\/wp-content\/uploads\/2025\/07\/WhatsApp-Image-2025-07-25-at-9.01.49-AM.jpeg?resize=525%2C300&ssl=1 1.5x, https:\/\/i0.wp.com\/lasprimeras.com.do\/wp-content\/uploads\/2025\/07\/WhatsApp-Image-2025-07-25-at-9.01.49-AM.jpeg?resize=700%2C400&ssl=1 2x"},"classes":[]},{"id":101145,"url":"https:\/\/lasprimeras.com.do\/index.php\/2025\/06\/16\/acosta-moreta-proclama-a-maria-trinidad-sanchez-como-madre-de-la-patria-dominicana\/","url_meta":{"origin":99413,"position":3},"title":"Acosta Moreta proclama a Mar\u00eda Trinidad S\u00e1nchez como Madre de la Patria Dominicana","author":"Nelson Feliz","date":"16 de junio de 2025","format":false,"excerpt":"En ocasi\u00f3n del 231 aniversario del natalicio de la hero\u00edna nacional Mar\u00eda Trinidad S\u00e1nchez, el presidente del Partido Uni\u00f3n Dem\u00f3crata Cristiana (UDC) y coordinador general del movimiento Revoluci\u00f3n Duartiana, Luis Acosta Moreta \u201cEl Gallo\u201d, la proclam\u00f3 como Madre de la Patria Dominicana, en un acto de reconocimiento a su ejemplo\u2026","rel":"","context":"En \u00abPOLITICA\u00bb","block_context":{"text":"POLITICA","link":"https:\/\/lasprimeras.com.do\/index.php\/category\/politica\/"},"img":{"alt_text":"Mar\u00eda Trinidad S\u00e1nchez","src":"https:\/\/i0.wp.com\/lasprimeras.com.do\/wp-content\/uploads\/2025\/06\/Maria-Trinidad-Sanchez.jpg?resize=350%2C200&ssl=1","width":350,"height":200,"srcset":"https:\/\/i0.wp.com\/lasprimeras.com.do\/wp-content\/uploads\/2025\/06\/Maria-Trinidad-Sanchez.jpg?resize=350%2C200&ssl=1 1x, https:\/\/i0.wp.com\/lasprimeras.com.do\/wp-content\/uploads\/2025\/06\/Maria-Trinidad-Sanchez.jpg?resize=525%2C300&ssl=1 1.5x, https:\/\/i0.wp.com\/lasprimeras.com.do\/wp-content\/uploads\/2025\/06\/Maria-Trinidad-Sanchez.jpg?resize=700%2C400&ssl=1 2x"},"classes":[]},{"id":69999,"url":"https:\/\/lasprimeras.com.do\/index.php\/2023\/12\/07\/luis-el-gallo-su-bandera-electoral-es-comida-asistencia-medica-educacion-y-respeto-a-soberania-nacional\/","url_meta":{"origin":99413,"position":4},"title":"Luis \u201cEl Gallo\u201d: &#8220;Su bandera electoral es comida, asistencia m\u00e9dica, educaci\u00f3n y respeto a Soberan\u00eda nacional&#8221;","author":"Nelson Feliz","date":"7 de diciembre de 2023","format":false,"excerpt":"El presidente de la Uni\u00f3n dem\u00f3crata Cristiana -UDC-, Luis Acosta Moreta, Luis \u201cEl Gallo\u201d, dijo hoy que en esta campa\u00f1a electoral levantar\u00e1 la consigna de que la comida llegue a cada familia, que est\u00e9 asegurada la asistencia m\u00e9dica, que los ni\u00f1os encuentren escuelas donde estudiar, y que se respete la\u2026","rel":"","context":"En \u00abPORTADA\u00bb","block_context":{"text":"PORTADA","link":"https:\/\/lasprimeras.com.do\/index.php\/category\/portada\/"},"img":{"alt_text":"UDC COMIDA","src":"https:\/\/i0.wp.com\/lasprimeras.com.do\/wp-content\/uploads\/2023\/12\/UDC-COMIDA.jpg?resize=350%2C200&ssl=1","width":350,"height":200,"srcset":"https:\/\/i0.wp.com\/lasprimeras.com.do\/wp-content\/uploads\/2023\/12\/UDC-COMIDA.jpg?resize=350%2C200&ssl=1 1x, https:\/\/i0.wp.com\/lasprimeras.com.do\/wp-content\/uploads\/2023\/12\/UDC-COMIDA.jpg?resize=525%2C300&ssl=1 1.5x"},"classes":[]},{"id":93211,"url":"https:\/\/lasprimeras.com.do\/index.php\/2025\/01\/26\/udc-honra-a-duarte-luchando-por-la-soberania-el-territorio-y-la-democracia\/","url_meta":{"origin":99413,"position":5},"title":"UDC honra a Duarte luchando por la soberan\u00eda, el territorio y la democracia","author":"Nelson Feliz","date":"26 de enero de 2025","format":false,"excerpt":"El presidente de la Uni\u00f3n Dem\u00f3crata Cristiana \u2013UDC-, Luis Acosta Moreta, Luis \u201cEl Gallo\u201d, consider\u00f3 hoy que el mejor homenaje que se puede rendir a Juan Pablo Darte, es luchar en forma incansable por la soberan\u00eda nacional, el resguardo del territorio y que se mantenga la democracia. Asever\u00f3 que las\u2026","rel":"","context":"En \u00abPOLITICA\u00bb","block_context":{"text":"POLITICA","link":"https:\/\/lasprimeras.com.do\/index.php\/category\/politica\/"},"img":{"alt_text":"","src":"https:\/\/i0.wp.com\/lasprimeras.com.do\/wp-content\/uploads\/2025\/01\/Luis-Acosta.jpg?resize=350%2C200&ssl=1","width":350,"height":200,"srcset":"https:\/\/i0.wp.com\/lasprimeras.com.do\/wp-content\/uploads\/2025\/01\/Luis-Acosta.jpg?resize=350%2C200&ssl=1 1x, https:\/\/i0.wp.com\/lasprimeras.com.do\/wp-content\/uploads\/2025\/01\/Luis-Acosta.jpg?resize=525%2C300&ssl=1 1.5x, https:\/\/i0.wp.com\/lasprimeras.com.do\/wp-content\/uploads\/2025\/01\/Luis-Acosta.jpg?resize=700%2C400&ssl=1 2x"},"classes":[]}],"jetpack_sharing_enabled":true,"_links":{"self":[{"href":"https:\/\/lasprimeras.com.do\/index.php\/wp-json\/wp\/v2\/posts\/99413","targetHints":{"allow":["GET"]}}],"collection":[{"href":"https:\/\/lasprimeras.com.do\/index.php\/wp-json\/wp\/v2\/posts"}],"about":[{"href":"https:\/\/lasprimeras.com.do\/index.php\/wp-json\/wp\/v2\/types\/post"}],"author":[{"embeddable":true,"href":"https:\/\/lasprimeras.com.do\/index.php\/wp-json\/wp\/v2\/users\/10"}],"replies":[{"embeddable":true,"href":"https:\/\/lasprimeras.com.do\/index.php\/wp-json\/wp\/v2\/comments?post=99413"}],"version-history":[{"count":1,"href":"https:\/\/lasprimeras.com.do\/index.php\/wp-json\/wp\/v2\/posts\/99413\/revisions"}],"predecessor-version":[{"id":99415,"href":"https:\/\/lasprimeras.com.do\/index.php\/wp-json\/wp\/v2\/posts\/99413\/revisions\/99415"}],"wp:featuredmedia":[{"embeddable":true,"href":"https:\/\/lasprimeras.com.do\/index.php\/wp-json\/wp\/v2\/media\/99414"}],"wp:attachment":[{"href":"https:\/\/lasprimeras.com.do\/index.php\/wp-json\/wp\/v2\/media?parent=99413"}],"wp:term":[{"taxonomy":"category","embeddable":true,"href":"https:\/\/lasprimeras.com.do\/index.php\/wp-json\/wp\/v2\/categories?post=99413"},{"taxonomy":"post_tag","embeddable":true,"href":"https:\/\/lasprimeras.com.do\/index.php\/wp-json\/wp\/v2\/tags?post=99413"}],"curies":[{"name":"wp","href":"https:\/\/api.w.org\/{rel}","templated":true}]}}