{"id":99416,"date":"2025-05-21T09:03:54","date_gmt":"2025-05-21T13:03:54","guid":{"rendered":"https:\/\/lasprimeras.com.do\/?p=99416"},"modified":"2025-05-21T09:03:55","modified_gmt":"2025-05-21T13:03:55","slug":"fenattransc-exige-evaluacion-estructural-de-obras-viales-construidas-por-pasados-gobiernos","status":"publish","type":"post","link":"https:\/\/lasprimeras.com.do\/index.php\/2025\/05\/21\/fenattransc-exige-evaluacion-estructural-de-obras-viales-construidas-por-pasados-gobiernos\/","title":{"rendered":"Fenattransc exige evaluaci\u00f3n estructural de obras viales construidas por pasados gobiernos"},"content":{"rendered":"\n<p>La Federaci\u00f3n Nacional de Trabajadores del Transporte Social Cristianos (Fenattransc), hizo un llamado urgente al Ministerio de Obras P\u00fablicas(MOPC) para que realice una evaluaci\u00f3n estructural de todas las obras e infraestructura vial construidas durante los gobiernos del Partido de la Liberaci\u00f3n Dominicana (PLD).<\/p>\n\n\n\n<p>Seg\u00fan denunci\u00f3 el secretario general Mario D\u00edaz, una cantidad significativa de puentes, elevados y pasos a desnivel de las dos principales provincias del pa\u00eds presentan visibles deterioro y podr\u00edan encontrarse en estado de colapso, representando una amenaza para la seguridad de millones de ciudadanos que utilizan estas infraestructuras.<\/p>\n\n\n\n<p>La advertencia del dirigente sindical incluye los elevados y pasos a desnivel ubicados en las avenidas John F. Kennedy, 27 de Febrero y Las Am\u00e9ricas, en el Gran Santo Domingo, as\u00ed como los elevados de la avenida Salvador Estrella Sadhal\u00e1 en Santiago de los Caballeros.<\/p>\n\n\n\n<p>\u201cSon los propios conductores afiliados a los gremios del transporte de pasajeros y de carga quienes han reportado grietas, filtraciones, hundimientos y estructuras corro\u00eddas en estos tramos viales que forman parte fundamental del sistema de circulaci\u00f3n vehicular y de transporte del pa\u00eds\u201d, afirm\u00f3 D\u00edaz.<\/p>\n\n\n\n<p>Asimismo, se\u00f1al\u00f3 que estas infraestructuras, construidas en su mayor\u00eda hace m\u00e1s de una d\u00e9cada, superando su vida \u00fatil estimada sin que se les haya realizado el mantenimiento adecuado, poniendo en riesgo tanto la vida de los usuarios.<\/p>\n\n\n\n<p>Ante esta situaci\u00f3n, el gremio exige al MOPC establecer una comisi\u00f3n t\u00e9cnica independiente que realice un peritaje completo y que se publiquen los resultados a fin de tomar medidas inmediatas que garanticen la seguridad vial.<\/p>\n","protected":false},"excerpt":{"rendered":"<p>La Federaci\u00f3n Nacional de Trabajadores del Transporte Social Cristianos (Fenattransc), hizo un llamado urgente al Ministerio de Obras P\u00fablicas(MOPC) para que realice una evaluaci\u00f3n estructural de todas las obras e&hellip;<\/p>\n","protected":false},"author":10,"featured_media":99417,"comment_status":"open","ping_status":"open","sticky":false,"template":"","format":"standard","meta":{"content-type":"","jetpack_post_was_ever_published":false,"_jetpack_newsletter_access":"","_jetpack_dont_email_post_to_subs":false,"_jetpack_newsletter_tier_id":0,"_jetpack_memberships_contains_paywalled_content":false,"_jetpack_memberships_contains_paid_content":false,"footnotes":""},"categories":[35,25],"tags":[19775,14583,6919,19776],"class_list":["post-99416","post","type-post","status-publish","format-standard","has-post-thumbnail","hentry","category-nacionales","category-portada","tag-evaluacion-estructural","tag-fenattransc","tag-mario-diaz-2","tag-obras-viales"],"jetpack_featured_media_url":"https:\/\/lasprimeras.com.do\/wp-content\/uploads\/2025\/05\/Mario-Diaz.jpg","jetpack-related-posts":[{"id":86422,"url":"https:\/\/lasprimeras.com.do\/index.php\/2024\/07\/24\/mario-diaz-renuncia-de-conatra-y-anuncia-creacion-de-nueva-confederacion\/","url_meta":{"origin":99416,"position":0},"title":"Mario D\u00edaz renuncia de Conatra y anuncia creaci\u00f3n de nueva confederaci\u00f3n","author":"Nelson Feliz","date":"24 de julio de 2024","format":false,"excerpt":"El dirigente de la Federaci\u00f3n Nacional de Trabajadores del Transporte Social Cristianos (Fenattransc), Mario D\u00edaz, anunci\u00f3 hoy la desafiliaci\u00f3n de esa entidad choferil, a la Confederaci\u00f3n Nacional de Organizaciones del Transporte (Conatra), entidad que lidera el senador Antonio Marte. \"Esta desafiliaci\u00f3n implica la salida de Fenattransc y de m\u00e1s de\u2026","rel":"","context":"En \u00abNACIONALES\u00bb","block_context":{"text":"NACIONALES","link":"https:\/\/lasprimeras.com.do\/index.php\/category\/nacionales\/"},"img":{"alt_text":"Mario D\u00edaz","src":"https:\/\/i0.wp.com\/lasprimeras.com.do\/wp-content\/uploads\/2024\/07\/Mario-Diaz.jpg?resize=350%2C200&ssl=1","width":350,"height":200,"srcset":"https:\/\/i0.wp.com\/lasprimeras.com.do\/wp-content\/uploads\/2024\/07\/Mario-Diaz.jpg?resize=350%2C200&ssl=1 1x, https:\/\/i0.wp.com\/lasprimeras.com.do\/wp-content\/uploads\/2024\/07\/Mario-Diaz.jpg?resize=525%2C300&ssl=1 1.5x, https:\/\/i0.wp.com\/lasprimeras.com.do\/wp-content\/uploads\/2024\/07\/Mario-Diaz.jpg?resize=700%2C400&ssl=1 2x"},"classes":[]},{"id":104407,"url":"https:\/\/lasprimeras.com.do\/index.php\/2025\/07\/23\/mario-diaz-valora-proyecto-vial-presentado-por-el-mopc-sobre-el-jardin-botanico\/","url_meta":{"origin":99416,"position":1},"title":"Mario D\u00edaz valora proyecto vial presentado por el MOPC sobre el Jard\u00edn Bot\u00e1nico","author":"Nelson Feliz","date":"23 de julio de 2025","format":false,"excerpt":"Destaca el compromiso del Gobierno de preservar su biodiversidad El abogado y dirigente sindical Mario D\u00edaz valor\u00f3 como positivo el proyecto de soluci\u00f3n vial presentado por el Ministerio de Obras P\u00fablicas en el entorno del Jard\u00edn Bot\u00e1nico Nacional Dr. Rafael M. Moscoso, destacando el enfoque ambiental con que se ha\u2026","rel":"","context":"En \u00abNACIONALES\u00bb","block_context":{"text":"NACIONALES","link":"https:\/\/lasprimeras.com.do\/index.php\/category\/nacionales\/"},"img":{"alt_text":"","src":"https:\/\/i0.wp.com\/lasprimeras.com.do\/wp-content\/uploads\/2025\/06\/Mario-Diaz.jpg?resize=350%2C200&ssl=1","width":350,"height":200,"srcset":"https:\/\/i0.wp.com\/lasprimeras.com.do\/wp-content\/uploads\/2025\/06\/Mario-Diaz.jpg?resize=350%2C200&ssl=1 1x, https:\/\/i0.wp.com\/lasprimeras.com.do\/wp-content\/uploads\/2025\/06\/Mario-Diaz.jpg?resize=525%2C300&ssl=1 1.5x, https:\/\/i0.wp.com\/lasprimeras.com.do\/wp-content\/uploads\/2025\/06\/Mario-Diaz.jpg?resize=700%2C400&ssl=1 2x"},"classes":[]},{"id":89637,"url":"https:\/\/lasprimeras.com.do\/index.php\/2024\/09\/29\/fenattransc-saluda-la-designacion-del-general-lee-ballester-en-migracion\/","url_meta":{"origin":99416,"position":2},"title":"FENATTRANSC saluda la designaci\u00f3n del General Lee Ballester en Migraci\u00f3n","author":"Nelson Feliz","date":"29 de septiembre de 2024","format":false,"excerpt":"El representante de la Federaci\u00f3n Nacional de Trabajadores del Transporte Social Cristianos (FENATTRANSC), Mario D\u00edaz expres\u00f3 su respaldo a la reciente designaci\u00f3n del General Luis Rafael Lee Ballester como nuevo Director General de Migraci\u00f3n. Extendi\u00f3 un llamado a realizar operativos conjuntos con el Instituto Nacional de Tr\u00e1nsito y Transporte Terrestre\u2026","rel":"","context":"En \u00abNACIONALES\u00bb","block_context":{"text":"NACIONALES","link":"https:\/\/lasprimeras.com.do\/index.php\/category\/nacionales\/"},"img":{"alt_text":"Mario Diaz","src":"https:\/\/i0.wp.com\/lasprimeras.com.do\/wp-content\/uploads\/2024\/09\/Mario-Diaz.jpg?resize=350%2C200&ssl=1","width":350,"height":200,"srcset":"https:\/\/i0.wp.com\/lasprimeras.com.do\/wp-content\/uploads\/2024\/09\/Mario-Diaz.jpg?resize=350%2C200&ssl=1 1x, https:\/\/i0.wp.com\/lasprimeras.com.do\/wp-content\/uploads\/2024\/09\/Mario-Diaz.jpg?resize=525%2C300&ssl=1 1.5x"},"classes":[]},{"id":106100,"url":"https:\/\/lasprimeras.com.do\/index.php\/2025\/08\/10\/osiris-de-leon-lo-observado-en-el-elevado-de-la-churchill-no-es-una-grieta-y-no-representa-peligro\/","url_meta":{"origin":99416,"position":3},"title":"Osiris de Le\u00f3n: lo observado en el elevado de la Churchill no es una grieta y no representa peligro","author":"Nelson Feliz","date":"10 de agosto de 2025","format":false,"excerpt":"Una visible separaci\u00f3n en el pavimento del elevado que conecta las avenidas Winston Churchill y John F. Kennedy ha generado inquietud entre conductores y transe\u00fantes que circulan a diario por esa v\u00eda del Distrito Nacional. Ante la preocupaci\u00f3n ciudadana, un equipo de Diario Libre se traslad\u00f3 al lugar y document\u00f3\u2026","rel":"","context":"En \u00abNACIONALES\u00bb","block_context":{"text":"NACIONALES","link":"https:\/\/lasprimeras.com.do\/index.php\/category\/nacionales\/"},"img":{"alt_text":"","src":"https:\/\/i0.wp.com\/lasprimeras.com.do\/wp-content\/uploads\/2025\/08\/Osiris-de-Leon.jpg?resize=350%2C200&ssl=1","width":350,"height":200,"srcset":"https:\/\/i0.wp.com\/lasprimeras.com.do\/wp-content\/uploads\/2025\/08\/Osiris-de-Leon.jpg?resize=350%2C200&ssl=1 1x, https:\/\/i0.wp.com\/lasprimeras.com.do\/wp-content\/uploads\/2025\/08\/Osiris-de-Leon.jpg?resize=525%2C300&ssl=1 1.5x, https:\/\/i0.wp.com\/lasprimeras.com.do\/wp-content\/uploads\/2025\/08\/Osiris-de-Leon.jpg?resize=700%2C400&ssl=1 2x"},"classes":[]},{"id":87064,"url":"https:\/\/lasprimeras.com.do\/index.php\/2024\/08\/06\/fenattransc-sugiere-medidas-al-director-de-intrant\/","url_meta":{"origin":99416,"position":4},"title":"FENATTRANSC sugiere medidas al director de INTRANT","author":"Nelson Feliz","date":"6 de agosto de 2024","format":false,"excerpt":"Por Martin Restituyo El presidente de la Federaci\u00f3n Nacional de Trabajadores del Transporte Social Cristianos (FENATTRANSC), Mario D\u00edaz, sugiri\u00f3 al Director Ejecutivo del Instituto Nacional de Tr\u00e1nsito y Transporte Terrestre, (INTRANT), Milton Morrison, algunas medidas para que sean puestas en ejecuci\u00f3n al inicio de su gesti\u00f3n al frente de esa\u2026","rel":"","context":"En \u00abNACIONALES\u00bb","block_context":{"text":"NACIONALES","link":"https:\/\/lasprimeras.com.do\/index.php\/category\/nacionales\/"},"img":{"alt_text":"","src":"https:\/\/i0.wp.com\/lasprimeras.com.do\/wp-content\/uploads\/2024\/08\/md.jpg?resize=350%2C200&ssl=1","width":350,"height":200},"classes":[]},{"id":122037,"url":"https:\/\/lasprimeras.com.do\/index.php\/2026\/02\/12\/osiris-de-leon-reporta-749-infraestructuras-criticas-en-todo-el-territorio\/","url_meta":{"origin":99416,"position":5},"title":"Osiris de Le\u00f3n reporta 749 infraestructuras cr\u00edticas en todo el territorio","author":"Nelson Feliz","date":"12 de febrero de 2026","format":false,"excerpt":"El ge\u00f3logo y ambientalista Osiris de Le\u00f3n present\u00f3 el informe de resultados de la Comisi\u00f3n de Supervisi\u00f3n de Infraestructuras P\u00fablicas ante el Cambio Clim\u00e1tico, destacando que en dos a\u00f1os de trabajo el organismo ha evaluado de manera exhaustiva 749 infraestructuras cr\u00edticas en todo el territorio nacional. De Le\u00f3n, manifest\u00f3 que\u2026","rel":"","context":"En \u00abNACIONALES\u00bb","block_context":{"text":"NACIONALES","link":"https:\/\/lasprimeras.com.do\/index.php\/category\/nacionales\/"},"img":{"alt_text":"Osiris de Le\u00f3n","src":"https:\/\/i0.wp.com\/lasprimeras.com.do\/wp-content\/uploads\/2026\/02\/Osiris-de-Leon.jpg?resize=350%2C200&ssl=1","width":350,"height":200,"srcset":"https:\/\/i0.wp.com\/lasprimeras.com.do\/wp-content\/uploads\/2026\/02\/Osiris-de-Leon.jpg?resize=350%2C200&ssl=1 1x, https:\/\/i0.wp.com\/lasprimeras.com.do\/wp-content\/uploads\/2026\/02\/Osiris-de-Leon.jpg?resize=525%2C300&ssl=1 1.5x, https:\/\/i0.wp.com\/lasprimeras.com.do\/wp-content\/uploads\/2026\/02\/Osiris-de-Leon.jpg?resize=700%2C400&ssl=1 2x"},"classes":[]}],"jetpack_sharing_enabled":true,"_links":{"self":[{"href":"https:\/\/lasprimeras.com.do\/index.php\/wp-json\/wp\/v2\/posts\/99416","targetHints":{"allow":["GET"]}}],"collection":[{"href":"https:\/\/lasprimeras.com.do\/index.php\/wp-json\/wp\/v2\/posts"}],"about":[{"href":"https:\/\/lasprimeras.com.do\/index.php\/wp-json\/wp\/v2\/types\/post"}],"author":[{"embeddable":true,"href":"https:\/\/lasprimeras.com.do\/index.php\/wp-json\/wp\/v2\/users\/10"}],"replies":[{"embeddable":true,"href":"https:\/\/lasprimeras.com.do\/index.php\/wp-json\/wp\/v2\/comments?post=99416"}],"version-history":[{"count":1,"href":"https:\/\/lasprimeras.com.do\/index.php\/wp-json\/wp\/v2\/posts\/99416\/revisions"}],"predecessor-version":[{"id":99418,"href":"https:\/\/lasprimeras.com.do\/index.php\/wp-json\/wp\/v2\/posts\/99416\/revisions\/99418"}],"wp:featuredmedia":[{"embeddable":true,"href":"https:\/\/lasprimeras.com.do\/index.php\/wp-json\/wp\/v2\/media\/99417"}],"wp:attachment":[{"href":"https:\/\/lasprimeras.com.do\/index.php\/wp-json\/wp\/v2\/media?parent=99416"}],"wp:term":[{"taxonomy":"category","embeddable":true,"href":"https:\/\/lasprimeras.com.do\/index.php\/wp-json\/wp\/v2\/categories?post=99416"},{"taxonomy":"post_tag","embeddable":true,"href":"https:\/\/lasprimeras.com.do\/index.php\/wp-json\/wp\/v2\/tags?post=99416"}],"curies":[{"name":"wp","href":"https:\/\/api.w.org\/{rel}","templated":true}]}}