{"id":99427,"date":"2025-05-21T11:34:06","date_gmt":"2025-05-21T15:34:06","guid":{"rendered":"https:\/\/lasprimeras.com.do\/?p=99427"},"modified":"2025-05-21T11:34:07","modified_gmt":"2025-05-21T15:34:07","slug":"republica-dominicana-suspende-la-compra-de-pollos-a-brasil-por-gripe-aviar","status":"publish","type":"post","link":"https:\/\/lasprimeras.com.do\/index.php\/2025\/05\/21\/republica-dominicana-suspende-la-compra-de-pollos-a-brasil-por-gripe-aviar\/","title":{"rendered":"Rep\u00fablica Dominicana suspende la compra de pollos a Brasil por gripe aviar"},"content":{"rendered":"\n<p><strong>Al menos 21 pa\u00edses o bloques suspendieron la compra de pollo a Brasil por gripe aviar<\/strong><\/p>\n\n\n\n<p><strong>R\u00edo de Janeiro, EFE- <\/strong>Rep\u00fablica Dominicana y otros 20 pa\u00edses o bloques econ\u00f3micos vetaron la compra de carne de pollo de todo Brasil por la detecci\u00f3n de un brote de gripe aviar en una granja comercial en el sur de ese pa\u00eds.<\/p>\n\n\n\n<p>Mientas que, otros 11 pa\u00edses tan solo suspendieron las importaciones de la regi\u00f3n afectada, informaron este mi\u00e9rcoles fuentes oficiales brasile\u00f1as.<\/p>\n\n\n\n<p>Entre los pa\u00edses que suspendieron las compras del mayor productor y exportador mundial de pollo destaca China, principal destino del producto brasile\u00f1o, con 562,200 toneladas importadas en 2024, el 10.5 % del total, seg\u00fan la lista divulgada por el Ministerio de Agricultura de Brasil.<\/p>\n\n\n\n<p>Los vetos comenzaron a ser anunciados el viernes, cuando el Ministerio confirm\u00f3 el primer caso de influenza aviar de alta patogenicidad (IAAP) en una granja de Montenegro, municipio de R\u00edo Grande do Sul, estado del sur de Brasil fronterizo con Argentina y Uruguay y tercer mayor productor de pollo del pa\u00eds.<\/p>\n\n\n\n<p>Pa\u00edses que suspendieron las compras de pollo procedentes de cualquier regi\u00f3n de Brasil:<\/p>\n\n\n\n<p>China<br>Rep\u00fablica Dominicana<br>La Uni\u00f3n Europea (UE)<br>M\u00e9xico<br>Irak<br>Corea del Sur<br>Chile<br>Sud\u00e1frica<br>La Uni\u00f3n Euroasi\u00e1tica<br>Per\u00fa<br>Canad\u00e1<br>Uruguay<br>Malasia<br>Argentina<br>Timor Oriental<br>Marruecos<br>Bolivia<br>Sri Lanka<br>Pakist\u00e1n<br>Filipinas<br>Jordania<\/p>\n\n\n\n<p>Por su parte, los pa\u00edses que suspendieron tan solo las importaciones procedentes del estado de R\u00edo Grande do Sul fueron Reino Unido, Bar\u00e9in, Cuba, Macedonia del Norte, Montenegro, Kazajist\u00e1n, Bosnia Herzegovina, Tayikist\u00e1n y Ucrania.<\/p>\n\n\n\n<p>Jap\u00f3n y Arabia Saud\u00ed tan solo suspendieron las importaciones procedentes del municipio de Montenegro.<\/p>\n\n\n\n<p>Estos dos \u00faltimos pa\u00edses, as\u00ed como Filipinas, son importantes importadores del pollo brasile\u00f1o y reconocen el principio de regionalizaci\u00f3n previsto por la Organizaci\u00f3n Mundial de Sanidad Animal (OMSA), que permite que se limite el veto a productos del municipio o la regi\u00f3n afectada.<\/p>\n\n\n\n<p>El Ministerio de Agricultura, por lo mismo, destac\u00f3 la importancia de la regionalizaci\u00f3n para evitar p\u00e9rdidas en regiones no afectadas por el virus, dado que Brasil, con dimensiones continentales y producci\u00f3n distribuida en varios estados, export\u00f3 m\u00e1s de 5 millones de toneladas de productos av\u00edcolas en 2024.<\/p>\n\n\n\n<p>Seg\u00fan versiones de prensa, el Gobierno brasile\u00f1o realiza intensas negociaciones para que China adopte este principio y permita la compra de pollo de regiones que no han sido afectadas por la enfermedad.<\/p>\n\n\n\n<p>La suspensi\u00f3n de importaciones de mercados clave plantea desaf\u00edos para el sector av\u00edcola, especialmente en R\u00edo Grande do Sul, responsable por el 15 % de la producci\u00f3n nacional y el estado m\u00e1s castigado por las fuertes lluvias y las inundaciones de marzo del a\u00f1o pasado. EFE<\/p>\n","protected":false},"excerpt":{"rendered":"<p>Al menos 21 pa\u00edses o bloques suspendieron la compra de pollo a Brasil por gripe aviar R\u00edo de Janeiro, EFE- Rep\u00fablica Dominicana y otros 20 pa\u00edses o bloques econ\u00f3micos vetaron&hellip;<\/p>\n","protected":false},"author":10,"featured_media":99428,"comment_status":"open","ping_status":"open","sticky":false,"template":"","format":"standard","meta":{"content-type":"","jetpack_post_was_ever_published":false,"_jetpack_newsletter_access":"","_jetpack_dont_email_post_to_subs":false,"_jetpack_newsletter_tier_id":0,"_jetpack_memberships_contains_paywalled_content":false,"_jetpack_memberships_contains_paid_content":false,"footnotes":""},"categories":[39,25],"tags":[3519,4269,12430,7576,1226,1524],"class_list":["post-99427","post","type-post","status-publish","format-standard","has-post-thumbnail","hentry","category-economia","category-portada","tag-brasil","tag-compra","tag-gripe-aviar","tag-pollos","tag-republica-dominicana","tag-suspende"],"jetpack_featured_media_url":"https:\/\/lasprimeras.com.do\/wp-content\/uploads\/2025\/05\/pollo-vivo-.jpg","jetpack-related-posts":[{"id":52822,"url":"https:\/\/lasprimeras.com.do\/index.php\/2023\/06\/21\/gobierno-garantiza-inocuidad-de-la-avicultura-nacional-crea-protocolo-de-vigilancia-con-medio-ambiente\/","url_meta":{"origin":99427,"position":0},"title":"Gobierno garantiza inocuidad de la avicultura nacional; crea protocolo de vigilancia con Medio Ambiente","author":"Nelson Feliz","date":"21 de junio de 2023","format":false,"excerpt":"Los censos y datos estad\u00edsticos del volumen de producci\u00f3n suministrados por el Consejo Nacional de Producci\u00f3n Pecuaria (Conaprope) y la Asociaci\u00f3n Dominicana de Avicultura (ADA), tanto de huevos como de pollos de engorde, indican un crecimiento de este sector a una tasa promedio anual al 8% Por Martin Restituyo El\u2026","rel":"","context":"En \u00abNACIONALES\u00bb","block_context":{"text":"NACIONALES","link":"https:\/\/lasprimeras.com.do\/index.php\/category\/nacionales\/"},"img":{"alt_text":"Asociaci\u00f3n Dominicana de Avicultura","src":"https:\/\/i0.wp.com\/lasprimeras.com.do\/wp-content\/uploads\/2023\/06\/Granja.jpg?resize=350%2C200&ssl=1","width":350,"height":200,"srcset":"https:\/\/i0.wp.com\/lasprimeras.com.do\/wp-content\/uploads\/2023\/06\/Granja.jpg?resize=350%2C200&ssl=1 1x, https:\/\/i0.wp.com\/lasprimeras.com.do\/wp-content\/uploads\/2023\/06\/Granja.jpg?resize=525%2C300&ssl=1 1.5x, https:\/\/i0.wp.com\/lasprimeras.com.do\/wp-content\/uploads\/2023\/06\/Granja.jpg?resize=700%2C400&ssl=1 2x"},"classes":[]},{"id":79944,"url":"https:\/\/lasprimeras.com.do\/index.php\/2024\/04\/01\/detectan-en-ee-uu-un-caso-de-infeccion-humana-por-gripe-aviar-altamente-contagiosa\/","url_meta":{"origin":99427,"position":1},"title":"Detectan en EE.UU. un caso de infecci\u00f3n humana por gripe aviar altamente contagiosa","author":"Nelson Feliz","date":"1 de abril de 2024","format":false,"excerpt":"Los expertos relacionan el caso con brotes recientes de la enfermedad entre vacas lecheras en varios estados. Un caso de gripe aviar altamente patog\u00e9nica fue detectado en un residente del estado norteamericano de Texas tras entrar en contacto con vacas lecheras infectadas, seg\u00fan inform\u00f3 este lunes el Departamento de Salud\u2026","rel":"","context":"En \u00abSin categor\u00eda\u00bb","block_context":{"text":"Sin categor\u00eda","link":"https:\/\/lasprimeras.com.do\/index.php\/category\/sin-categoria\/"},"img":{"alt_text":"gripe","src":"https:\/\/i0.wp.com\/lasprimeras.com.do\/wp-content\/uploads\/2024\/04\/gripe.jpg?resize=350%2C200&ssl=1","width":350,"height":200,"srcset":"https:\/\/i0.wp.com\/lasprimeras.com.do\/wp-content\/uploads\/2024\/04\/gripe.jpg?resize=350%2C200&ssl=1 1x, https:\/\/i0.wp.com\/lasprimeras.com.do\/wp-content\/uploads\/2024\/04\/gripe.jpg?resize=525%2C300&ssl=1 1.5x, https:\/\/i0.wp.com\/lasprimeras.com.do\/wp-content\/uploads\/2024\/04\/gripe.jpg?resize=700%2C400&ssl=1 2x, https:\/\/i0.wp.com\/lasprimeras.com.do\/wp-content\/uploads\/2024\/04\/gripe.jpg?resize=1050%2C600&ssl=1 3x"},"classes":[]},{"id":121205,"url":"https:\/\/lasprimeras.com.do\/index.php\/2026\/02\/01\/leonel-acusa-al-prm-de-quebrar-a-los-productores-locales-y-advierte-esta-vez-o-jugamos-todos-o-se-rompe-la-baraja\/","url_meta":{"origin":99427,"position":2},"title":"Leonel acusa al PRM de quebrar a los productores locales y advierte: \u201cEsta vez o jugamos todos o se rompe la baraja\u201d","author":"Nelson Feliz","date":"1 de febrero de 2026","format":false,"excerpt":"Tras juramentar a Jos\u00e9 del Castillo Savi\u00f1\u00f3n y a su equipo pol\u00edtico como nuevos miembros de la Fuerza del Pueblo, el presidente de la organizaci\u00f3n, Leonel Fern\u00e1ndez, acus\u00f3 al gobierno del Partido Revolucionario Moderno (PRM) de quebrar a los productores locales mediante pol\u00edticas que privilegian las importaciones de allegados del\u2026","rel":"","context":"En \u00abPOLITICA\u00bb","block_context":{"text":"POLITICA","link":"https:\/\/lasprimeras.com.do\/index.php\/category\/politica\/"},"img":{"alt_text":"","src":"https:\/\/i0.wp.com\/img.youtube.com\/vi\/Ia3oXC75YQQ\/0.jpg?resize=350%2C200","width":350,"height":200},"classes":[]},{"id":60582,"url":"https:\/\/lasprimeras.com.do\/index.php\/2023\/09\/15\/inespre-inicia-compra-de-pollos-y-huevos-a-productores-de-dajabon-afectados-por-el-cierre-de-la-frontera\/","url_meta":{"origin":99427,"position":3},"title":"Inespre inicia compra de pollos y huevos a productores de Dajab\u00f3n afectados por el cierre de la frontera","author":"Nelson Feliz","date":"15 de septiembre de 2023","format":false,"excerpt":"Realiza levantamiento para adquisici\u00f3n de otros productos. El Instituto de Estabilizaci\u00f3n de Precios (Inespre) inici\u00f3 este viernes la compra de 1 mill\u00f3n 590 mil huevos y 172 mil 200 libras de pollos a productores de Dajab\u00f3n que resultaron afectados por el cierre de la frontera dominicana con Hait\u00ed. Esta adquisici\u00f3n\u2026","rel":"","context":"En \u00abECONOM\u00cdA\u00bb","block_context":{"text":"ECONOM\u00cdA","link":"https:\/\/lasprimeras.com.do\/index.php\/category\/economia\/"},"img":{"alt_text":"huevos","src":"https:\/\/i0.wp.com\/lasprimeras.com.do\/wp-content\/uploads\/2023\/09\/huevos-1.jpg?resize=350%2C200&ssl=1","width":350,"height":200,"srcset":"https:\/\/i0.wp.com\/lasprimeras.com.do\/wp-content\/uploads\/2023\/09\/huevos-1.jpg?resize=350%2C200&ssl=1 1x, https:\/\/i0.wp.com\/lasprimeras.com.do\/wp-content\/uploads\/2023\/09\/huevos-1.jpg?resize=525%2C300&ssl=1 1.5x, https:\/\/i0.wp.com\/lasprimeras.com.do\/wp-content\/uploads\/2023\/09\/huevos-1.jpg?resize=700%2C400&ssl=1 2x"},"classes":[]},{"id":60558,"url":"https:\/\/lasprimeras.com.do\/index.php\/2023\/09\/15\/republica-dominicana-presenta-oportunidades-de-negocios-en-brasil\/","url_meta":{"origin":99427,"position":4},"title":"Rep\u00fablica Dominicana presenta oportunidades de negocios en Brasil","author":"Nelson Feliz","date":"15 de septiembre de 2023","format":false,"excerpt":"Inversi\u00f3n crece 308% y exportaciones dominicanas en 13.6% en 2022 La Directora Ejecutiva del Centro de Exportaci\u00f3n e Inversi\u00f3n de la Rep\u00fablica Dominicana (ProDominicana) Biviana Riveiro Disla present\u00f3 las oportunidades de negocios que posee la Rep\u00fablica Dominicana en todos los sectores estrat\u00e9gicos. Durante su disertaci\u00f3n para reconocer el esfuerzo de\u2026","rel":"","context":"En \u00abECONOM\u00cdA\u00bb","block_context":{"text":"ECONOM\u00cdA","link":"https:\/\/lasprimeras.com.do\/index.php\/category\/economia\/"},"img":{"alt_text":"Biviana Riveiro Disla Directora Ejecutiva de ProDominicana","src":"https:\/\/i0.wp.com\/lasprimeras.com.do\/wp-content\/uploads\/2023\/09\/Biviana-Riveiro-Disla-Directora-Ejecutiva-de-ProDominicana.jpg?resize=350%2C200&ssl=1","width":350,"height":200,"srcset":"https:\/\/i0.wp.com\/lasprimeras.com.do\/wp-content\/uploads\/2023\/09\/Biviana-Riveiro-Disla-Directora-Ejecutiva-de-ProDominicana.jpg?resize=350%2C200&ssl=1 1x, https:\/\/i0.wp.com\/lasprimeras.com.do\/wp-content\/uploads\/2023\/09\/Biviana-Riveiro-Disla-Directora-Ejecutiva-de-ProDominicana.jpg?resize=525%2C300&ssl=1 1.5x, https:\/\/i0.wp.com\/lasprimeras.com.do\/wp-content\/uploads\/2023\/09\/Biviana-Riveiro-Disla-Directora-Ejecutiva-de-ProDominicana.jpg?resize=700%2C400&ssl=1 2x"},"classes":[]},{"id":115542,"url":"https:\/\/lasprimeras.com.do\/index.php\/2025\/11\/23\/embajador-de-brasil-revela-nacion-es-tercer-mayor-inversionista-en-rd\/","url_meta":{"origin":99427,"position":5},"title":"Embajador de Brasil revela naci\u00f3n es tercer mayor inversionista en RD","author":"Nelson Feliz","date":"23 de noviembre de 2025","format":false,"excerpt":"Brasil, d\u00e9cima econom\u00eda del mundo con un PIB de US$2.18 billones en 2024 y una participaci\u00f3n en organismos como BRICS, G20 y Mercosur, present\u00f3 esta semana, a trav\u00e9s de su embajador en Rep\u00fablica Dominicana, un panorama actualizado del desempe\u00f1o econ\u00f3mico del pa\u00eds sudamericano y las oportunidades concretas para expandir el\u2026","rel":"","context":"En \u00abECONOM\u00cdA\u00bb","block_context":{"text":"ECONOM\u00cdA","link":"https:\/\/lasprimeras.com.do\/index.php\/category\/economia\/"},"img":{"alt_text":"","src":"https:\/\/i0.wp.com\/lasprimeras.com.do\/wp-content\/uploads\/2025\/11\/Embajador-de-Brasil-1.jpg?resize=350%2C200&ssl=1","width":350,"height":200,"srcset":"https:\/\/i0.wp.com\/lasprimeras.com.do\/wp-content\/uploads\/2025\/11\/Embajador-de-Brasil-1.jpg?resize=350%2C200&ssl=1 1x, https:\/\/i0.wp.com\/lasprimeras.com.do\/wp-content\/uploads\/2025\/11\/Embajador-de-Brasil-1.jpg?resize=525%2C300&ssl=1 1.5x, https:\/\/i0.wp.com\/lasprimeras.com.do\/wp-content\/uploads\/2025\/11\/Embajador-de-Brasil-1.jpg?resize=700%2C400&ssl=1 2x"},"classes":[]}],"jetpack_sharing_enabled":true,"_links":{"self":[{"href":"https:\/\/lasprimeras.com.do\/index.php\/wp-json\/wp\/v2\/posts\/99427","targetHints":{"allow":["GET"]}}],"collection":[{"href":"https:\/\/lasprimeras.com.do\/index.php\/wp-json\/wp\/v2\/posts"}],"about":[{"href":"https:\/\/lasprimeras.com.do\/index.php\/wp-json\/wp\/v2\/types\/post"}],"author":[{"embeddable":true,"href":"https:\/\/lasprimeras.com.do\/index.php\/wp-json\/wp\/v2\/users\/10"}],"replies":[{"embeddable":true,"href":"https:\/\/lasprimeras.com.do\/index.php\/wp-json\/wp\/v2\/comments?post=99427"}],"version-history":[{"count":1,"href":"https:\/\/lasprimeras.com.do\/index.php\/wp-json\/wp\/v2\/posts\/99427\/revisions"}],"predecessor-version":[{"id":99429,"href":"https:\/\/lasprimeras.com.do\/index.php\/wp-json\/wp\/v2\/posts\/99427\/revisions\/99429"}],"wp:featuredmedia":[{"embeddable":true,"href":"https:\/\/lasprimeras.com.do\/index.php\/wp-json\/wp\/v2\/media\/99428"}],"wp:attachment":[{"href":"https:\/\/lasprimeras.com.do\/index.php\/wp-json\/wp\/v2\/media?parent=99427"}],"wp:term":[{"taxonomy":"category","embeddable":true,"href":"https:\/\/lasprimeras.com.do\/index.php\/wp-json\/wp\/v2\/categories?post=99427"},{"taxonomy":"post_tag","embeddable":true,"href":"https:\/\/lasprimeras.com.do\/index.php\/wp-json\/wp\/v2\/tags?post=99427"}],"curies":[{"name":"wp","href":"https:\/\/api.w.org\/{rel}","templated":true}]}}