{"id":99530,"date":"2025-05-21T11:54:48","date_gmt":"2025-05-21T15:54:48","guid":{"rendered":"https:\/\/lasprimeras.com.do\/?p=99530"},"modified":"2025-05-22T12:00:23","modified_gmt":"2025-05-22T16:00:23","slug":"dirigente-magisterial-pondera-la-adp-como-ejemplo-de-transparencia","status":"publish","type":"post","link":"https:\/\/lasprimeras.com.do\/index.php\/2025\/05\/21\/dirigente-magisterial-pondera-la-adp-como-ejemplo-de-transparencia\/","title":{"rendered":"Dirigente Magisterial pondera la ADP como ejemplo de transparencia"},"content":{"rendered":"\n<p><strong>ADP realiz\u00f3 taller sobre manejo financiero de la instituci\u00f3n.<\/strong><\/p>\n\n\n\n<p>El dirigente nacional de la Asociaci\u00f3n Dominicana de Profesores (ADP) Menegildo De la Rosa, estuvo presente en la Jornada De Inducci\u00f3n, Sensibilizaci\u00f3n, Motivaci\u00f3n Y Manejo Financiero, que se llev\u00f3 a cabo en todas las seccionales de la instituci\u00f3n a cargo de los Comisarios Nacionales y sus hom\u00f3logos municipales.<\/p>\n\n\n\n<p>Menegildo De la Rosa, dijo que la ADP se est\u00e1 trasformando ya que est\u00e1 dotando de oficinas y locales a sus secci\u00f3nales en todo el pa\u00eds &#8220;esa transformaci\u00f3n es fruto de la buena administraci\u00f3n y la transparencia con que se maneja de arriba abajo el sindicato&#8221;.<\/p>\n\n\n\n<p>Asimismo, De la Rosa quien tambi\u00e9n es el Secretario General de la Corriente Magisterial Juan Pablo Duarte manifest\u00f3 que tanto el Comit\u00e9 Ejecutivo Nacional como las seccionales de la ADP son organismos que permanentemente son supervisados, que se someten a auditor\u00edas externas e internas y el uso adecuado le permite invertir en sus miembros para bienestar del magisterio.<\/p>\n\n\n\n<p>En dicho taller se abordaron las tareas fundamentales de los Comisarios Nacionales y sus hom\u00f3logos municipales (CNC-CMCs), as\u00ed como los Estatutos, el Reglamento Financiero del Comit\u00e9 Ejecutivo Nacional, y el Reglamento Financiero, Inversiones y Resoluciones.<\/p>\n\n\n\n<p>Adem\u00e1s se realiz\u00f3 una capacitaci\u00f3n en Manejo Financiero, seguido de un an\u00e1lisis sobre la identidad y los desaf\u00edos de los CMCs. De igual manera, se discuti\u00f3 los mecanismos institucionales para la supervisi\u00f3n, control, transparencia y Rendici\u00f3n de Cuentas, junto con la promoci\u00f3n de una cultura de auditor\u00eda.<\/p>\n\n\n\n<p>Finalmente, se destac\u00f3 la importancia de la emulaci\u00f3n al trabajo eficiente.<\/p>\n","protected":false},"excerpt":{"rendered":"<p>ADP realiz\u00f3 taller sobre manejo financiero de la instituci\u00f3n. El dirigente nacional de la Asociaci\u00f3n Dominicana de Profesores (ADP) Menegildo De la Rosa, estuvo presente en la Jornada De Inducci\u00f3n,&hellip;<\/p>\n","protected":false},"author":10,"featured_media":99531,"comment_status":"open","ping_status":"open","sticky":false,"template":"","format":"standard","meta":{"content-type":"","jetpack_post_was_ever_published":false,"_jetpack_newsletter_access":"","_jetpack_dont_email_post_to_subs":false,"_jetpack_newsletter_tier_id":0,"_jetpack_memberships_contains_paywalled_content":false,"_jetpack_memberships_contains_paid_content":false,"footnotes":""},"categories":[39],"tags":[882,616,12948,898],"class_list":["post-99530","post","type-post","status-publish","format-standard","has-post-thumbnail","hentry","category-economia","tag-adp","tag-dirigente","tag-magisterial","tag-transparencia"],"jetpack_featured_media_url":"https:\/\/lasprimeras.com.do\/wp-content\/uploads\/2025\/05\/Menegildo-De-la-Rosa.jpg","jetpack-related-posts":[{"id":128664,"url":"https:\/\/lasprimeras.com.do\/index.php\/2026\/04\/25\/juramentan-nueva-direccion-de-fuerza-magisterial\/","url_meta":{"origin":99530,"position":0},"title":"Juramentan nueva direcci\u00f3n de Fuerza Magisterial","author":"Nelson Feliz","date":"25 de abril de 2026","format":false,"excerpt":"Anuncian que saldr\u00e1n centro por centro a organizar simpat\u00edas. La Fuerza Magisterial dej\u00f3 formalmente juramentada este s\u00e1bado su nueva Direcci\u00f3n Nacional y anunci\u00f3 el inicio de una jornada de organizaci\u00f3n territorial \u201ccentro por centro\u201d en todo el pa\u00eds, con el objetivo de fortalecer su estructura y ampliar su base de\u2026","rel":"","context":"En \u00abPOLITICA\u00bb","block_context":{"text":"POLITICA","link":"https:\/\/lasprimeras.com.do\/index.php\/category\/politica\/"},"img":{"alt_text":"Adhamilka Espinal","src":"https:\/\/i0.wp.com\/lasprimeras.com.do\/wp-content\/uploads\/2026\/04\/Adhamilka-Espinal.jpg?resize=350%2C200&ssl=1","width":350,"height":200,"srcset":"https:\/\/i0.wp.com\/lasprimeras.com.do\/wp-content\/uploads\/2026\/04\/Adhamilka-Espinal.jpg?resize=350%2C200&ssl=1 1x, https:\/\/i0.wp.com\/lasprimeras.com.do\/wp-content\/uploads\/2026\/04\/Adhamilka-Espinal.jpg?resize=525%2C300&ssl=1 1.5x, https:\/\/i0.wp.com\/lasprimeras.com.do\/wp-content\/uploads\/2026\/04\/Adhamilka-Espinal.jpg?resize=700%2C400&ssl=1 2x"},"classes":[]},{"id":119828,"url":"https:\/\/lasprimeras.com.do\/index.php\/2026\/01\/17\/fuerza-magisterial-realiza-masiva-asamblea-nacional-en-la-sede-de-la-adp\/","url_meta":{"origin":99530,"position":1},"title":"Fuerza Magisterial realiza masiva asamblea nacional en la sede de la ADP","author":"Nelson Feliz","date":"17 de enero de 2026","format":false,"excerpt":"Maestros de FP aprueban estatutos internos y dejan instalada comisi\u00f3n electoral. La Corriente Fuerza Magisterial realiz\u00f3 este s\u00e1bado una masiva y entusiasta asamblea nacional, en la que participaron 157 de 174 coordinadores, equivalentes a m\u00e1s del 90 %, provenientes de unas 25 provincias del pa\u00eds, con la finalidad de aprobar\u2026","rel":"","context":"En \u00abNACIONALES\u00bb","block_context":{"text":"NACIONALES","link":"https:\/\/lasprimeras.com.do\/index.php\/category\/nacionales\/"},"img":{"alt_text":"","src":"https:\/\/i0.wp.com\/lasprimeras.com.do\/wp-content\/uploads\/2026\/01\/ADP-1.jpg?resize=350%2C200&ssl=1","width":350,"height":200,"srcset":"https:\/\/i0.wp.com\/lasprimeras.com.do\/wp-content\/uploads\/2026\/01\/ADP-1.jpg?resize=350%2C200&ssl=1 1x, https:\/\/i0.wp.com\/lasprimeras.com.do\/wp-content\/uploads\/2026\/01\/ADP-1.jpg?resize=525%2C300&ssl=1 1.5x, https:\/\/i0.wp.com\/lasprimeras.com.do\/wp-content\/uploads\/2026\/01\/ADP-1.jpg?resize=700%2C400&ssl=1 2x"},"classes":[]},{"id":101870,"url":"https:\/\/lasprimeras.com.do\/index.php\/2025\/06\/27\/fuerza-magisterial-en-el-dn-se-prepara-para-intensificar-acciones-en-defensa-de-la-educacion\/","url_meta":{"origin":99530,"position":2},"title":"Fuerza Magisterial en el DN se prepara para intensificar acciones en defensa de la educaci\u00f3n","author":"Nelson Feliz","date":"27 de junio de 2025","format":false,"excerpt":"La corriente Fuerza Magisterial contin\u00faa consolidando su presencia en el Distrito Nacional con la realizaci\u00f3n de una asamblea de orientaci\u00f3n dirigida a dirigentes y militantes del magisterio pertenecientes a la Seccional Noreste. La actividad, celebrada este mi\u00e9rcoles, reuni\u00f3 a m\u00e1s de 70 coordinadores y l\u00edderes escolares comprometidos con las causas\u2026","rel":"","context":"En \u00abPOLITICA\u00bb","block_context":{"text":"POLITICA","link":"https:\/\/lasprimeras.com.do\/index.php\/category\/politica\/"},"img":{"alt_text":"","src":"https:\/\/i0.wp.com\/lasprimeras.com.do\/wp-content\/uploads\/2025\/06\/edu.jpg?resize=350%2C200&ssl=1","width":350,"height":200,"srcset":"https:\/\/i0.wp.com\/lasprimeras.com.do\/wp-content\/uploads\/2025\/06\/edu.jpg?resize=350%2C200&ssl=1 1x, https:\/\/i0.wp.com\/lasprimeras.com.do\/wp-content\/uploads\/2025\/06\/edu.jpg?resize=525%2C300&ssl=1 1.5x, https:\/\/i0.wp.com\/lasprimeras.com.do\/wp-content\/uploads\/2025\/06\/edu.jpg?resize=700%2C400&ssl=1 2x"},"classes":[]},{"id":88763,"url":"https:\/\/lasprimeras.com.do\/index.php\/2024\/09\/06\/fuerza-magisterial-presenta-candidata-a-la-presidencia-del-adp\/","url_meta":{"origin":99530,"position":3},"title":"Fuerza Magisterial presenta candidata a la Presidencia del ADP","author":"Nelson Feliz","date":"6 de septiembre de 2024","format":false,"excerpt":"Adhamilka Espinal asegura que la ADP debe ser una organizaci\u00f3n que vele \"por el bienestar integral de los docentes\". La corriente Fuerza Magisterial present\u00f3 oficialmente a la maestra Adhamilka Espinal como candidata a la Presidencia Nacional de la Asociaci\u00f3n Dominicana de Profesores (ADP), para las elecciones que se realizar\u00e1n el\u2026","rel":"","context":"En \u00abNACIONALES\u00bb","block_context":{"text":"NACIONALES","link":"https:\/\/lasprimeras.com.do\/index.php\/category\/nacionales\/"},"img":{"alt_text":"","src":"https:\/\/i0.wp.com\/lasprimeras.com.do\/wp-content\/uploads\/2024\/09\/Adhamilka-Espinal-1.jpg?resize=350%2C200&ssl=1","width":350,"height":200,"srcset":"https:\/\/i0.wp.com\/lasprimeras.com.do\/wp-content\/uploads\/2024\/09\/Adhamilka-Espinal-1.jpg?resize=350%2C200&ssl=1 1x, https:\/\/i0.wp.com\/lasprimeras.com.do\/wp-content\/uploads\/2024\/09\/Adhamilka-Espinal-1.jpg?resize=525%2C300&ssl=1 1.5x"},"classes":[]},{"id":90277,"url":"https:\/\/lasprimeras.com.do\/index.php\/2024\/10\/17\/piden-expulsion-de-julio-batista-y-su-grupo-por-traicionar-corriente-fuerza-magisterial\/","url_meta":{"origin":99530,"position":4},"title":"Piden expulsi\u00f3n de Julio Batista y su grupo\u00a0 por traicionar corriente Fuerza magisterial","author":"Nelson Feliz","date":"17 de octubre de 2024","format":false,"excerpt":"El ex candidato de la Fuerza Magisterial (FM) a la presidencia de la seccional 1, de la Asociaci\u00f3n Dominicana de Profesores (ADP) en Santo Domingo Norte (SDN), profesor Francisco Mart\u00ednez, demand\u00f3 de la Direcci\u00f3n Pol\u00edtica de la Fuerza Pueblo (FP) la expulsi\u00f3n definitiva de Julio Batista y su grupo por\u2026","rel":"","context":"En \u00abNACIONALES\u00bb","block_context":{"text":"NACIONALES","link":"https:\/\/lasprimeras.com.do\/index.php\/category\/nacionales\/"},"img":{"alt_text":"","src":"https:\/\/i0.wp.com\/lasprimeras.com.do\/wp-content\/uploads\/2024\/10\/ADP.jpg?resize=350%2C200&ssl=1","width":350,"height":200,"srcset":"https:\/\/i0.wp.com\/lasprimeras.com.do\/wp-content\/uploads\/2024\/10\/ADP.jpg?resize=350%2C200&ssl=1 1x, https:\/\/i0.wp.com\/lasprimeras.com.do\/wp-content\/uploads\/2024\/10\/ADP.jpg?resize=525%2C300&ssl=1 1.5x, https:\/\/i0.wp.com\/lasprimeras.com.do\/wp-content\/uploads\/2024\/10\/ADP.jpg?resize=700%2C400&ssl=1 2x"},"classes":[]},{"id":96618,"url":"https:\/\/lasprimeras.com.do\/index.php\/2025\/04\/04\/dialogo-sincero-entre-minerd-y-adp-seria-la-paz-en-sistema-educativo\/","url_meta":{"origin":99530,"position":5},"title":"Dialogo Sincero entre Minerd y ADP ser\u00eda la paz en sistema educativo","author":"Nelson Feliz","date":"4 de abril de 2025","format":false,"excerpt":"-La educaci\u00f3n de RD necesita Minerd y ADP busque soluciones juntos frente a situaciones. El Secretario de Comunicaci\u00f3n y Relaciones p\u00fablicas del la Asociaci\u00f3n Dominicana de Profesores (ADP), profesor Menegildo De La Rosa, aconsej\u00f3 al Ministro Miguel de Camps, a crear una mesa de dialogo nacional que ventile, con franqueza\u2026","rel":"","context":"En \u00abNACIONALES\u00bb","block_context":{"text":"NACIONALES","link":"https:\/\/lasprimeras.com.do\/index.php\/category\/nacionales\/"},"img":{"alt_text":"","src":"https:\/\/i0.wp.com\/lasprimeras.com.do\/wp-content\/uploads\/2025\/04\/Menegildo-De-La-Rosa.jpg?resize=350%2C200&ssl=1","width":350,"height":200,"srcset":"https:\/\/i0.wp.com\/lasprimeras.com.do\/wp-content\/uploads\/2025\/04\/Menegildo-De-La-Rosa.jpg?resize=350%2C200&ssl=1 1x, https:\/\/i0.wp.com\/lasprimeras.com.do\/wp-content\/uploads\/2025\/04\/Menegildo-De-La-Rosa.jpg?resize=525%2C300&ssl=1 1.5x, https:\/\/i0.wp.com\/lasprimeras.com.do\/wp-content\/uploads\/2025\/04\/Menegildo-De-La-Rosa.jpg?resize=700%2C400&ssl=1 2x"},"classes":[]}],"jetpack_sharing_enabled":true,"_links":{"self":[{"href":"https:\/\/lasprimeras.com.do\/index.php\/wp-json\/wp\/v2\/posts\/99530","targetHints":{"allow":["GET"]}}],"collection":[{"href":"https:\/\/lasprimeras.com.do\/index.php\/wp-json\/wp\/v2\/posts"}],"about":[{"href":"https:\/\/lasprimeras.com.do\/index.php\/wp-json\/wp\/v2\/types\/post"}],"author":[{"embeddable":true,"href":"https:\/\/lasprimeras.com.do\/index.php\/wp-json\/wp\/v2\/users\/10"}],"replies":[{"embeddable":true,"href":"https:\/\/lasprimeras.com.do\/index.php\/wp-json\/wp\/v2\/comments?post=99530"}],"version-history":[{"count":1,"href":"https:\/\/lasprimeras.com.do\/index.php\/wp-json\/wp\/v2\/posts\/99530\/revisions"}],"predecessor-version":[{"id":99532,"href":"https:\/\/lasprimeras.com.do\/index.php\/wp-json\/wp\/v2\/posts\/99530\/revisions\/99532"}],"wp:featuredmedia":[{"embeddable":true,"href":"https:\/\/lasprimeras.com.do\/index.php\/wp-json\/wp\/v2\/media\/99531"}],"wp:attachment":[{"href":"https:\/\/lasprimeras.com.do\/index.php\/wp-json\/wp\/v2\/media?parent=99530"}],"wp:term":[{"taxonomy":"category","embeddable":true,"href":"https:\/\/lasprimeras.com.do\/index.php\/wp-json\/wp\/v2\/categories?post=99530"},{"taxonomy":"post_tag","embeddable":true,"href":"https:\/\/lasprimeras.com.do\/index.php\/wp-json\/wp\/v2\/tags?post=99530"}],"curies":[{"name":"wp","href":"https:\/\/api.w.org\/{rel}","templated":true}]}}