{"id":99584,"date":"2025-05-23T11:06:41","date_gmt":"2025-05-23T15:06:41","guid":{"rendered":"https:\/\/lasprimeras.com.do\/?p=99584"},"modified":"2025-05-23T11:06:43","modified_gmt":"2025-05-23T15:06:43","slug":"presidenta-de-natddp-y-el-bronx-reconocen-dominicanos-ejemplares-del-condado","status":"publish","type":"post","link":"https:\/\/lasprimeras.com.do\/index.php\/2025\/05\/23\/presidenta-de-natddp-y-el-bronx-reconocen-dominicanos-ejemplares-del-condado\/","title":{"rendered":"Presidenta de NatDDP y El Bronx reconocen dominicanos ejemplares del condado"},"content":{"rendered":"\n<p>Por Ram\u00f3n Mercedes<\/p>\n\n\n\n<p>NUEVA YORK.- En un ambiente cargado de orgullo e identidad quisqueyana, la Fundaci\u00f3n del Desfile Nacional Dominicano -NatDDP- que dirige Cristina Contreras, y la presidenta del condado de El Bronx, Vanessa Gibson, reconocieron la noche de este este jueves cinco connacionales ejemplares y por su accionar como profesionales en las diferentes ramas que desempe\u00f1an.<\/p>\n\n\n\n<p>El evento \u00abBronx Dominican Heritage Celebration\u00bb, bajo el lema \u00abQuisqueya &amp; USA: Unidos en Cultura y Tradici\u00f3n\u00bb, conmemora el inicio de la edici\u00f3n n\u00famero 43 del emblem\u00e1tico desfile,<\/p>\n\n\n\n<p>Fueron homenajeados el autor de esta cr\u00f3nica, presidente de Prensa &amp; Comunidad Hispana (PreCoHis); Mimi Henr\u00edquez, directora de Marketing Creativo Agape Printing Plus; y Domingo Cruz, director ejecutivo de la Fundaci\u00f3n Juan Pablo Duarte.<\/p>\n\n\n\n<p>Asimismo, Fidel Malena, representante en El Bronx de la C\u00e1mara Ejecutiva del Estado de NY, oficina de la Gobernadora; y Giamara M. Rosado, vicepresidente S\u00e9nior Consejero Ejecutivo Adjunto de Red Acacia.<\/p>\n\n\n\n<p>La presidenta del condado expres\u00f3 su compromiso con la comunidad dominicana en El Bronx y celebr\u00f3 su inmenso aporte cultural, econ\u00f3mico y social en el desarrollo del condado.<\/p>\n\n\n\n<p>\u201cLa comunidad dominicana es una columna vertebral en el distrito. Su historia, trabajo incansable, alegr\u00eda y cultura enriquecen cada rinc\u00f3n de El Bronx, por eso nos sentimos honrados de reconocerles y de celebrar juntos este importante legado\u201d, dijo Gibson.<\/p>\n\n\n\n<p>De su parte, Contreras sostuvo que \u201cel Desfile es una representaci\u00f3n de la comunidad quisqueyana no solo en NYC, que tambi\u00e9n en todo Estados Unidos protegemos nuestros valores, cultura, folklor, tradiciones y nuestra juventud, que al d\u00eda de hoy hemos entregado cientos de becas\u201d.<\/p>\n\n\n\n<p>Precis\u00f3 que el NatDDP, ante la celebraci\u00f3n de cada aniversario, reconoce igual cantidad de quisqueyanos en el Estado. Tambi\u00e9n habl\u00f3 el directivo Wilton Cede\u00f1o.<\/p>\n\n\n\n<p>Los organizadores invitaron al p\u00fablico general a mantenerse informado sobre las pr\u00f3ximas actividades a trav\u00e9s de la p\u00e1gina oficial: NatDDP. org, y a participar activamente en este movimiento de orgullo cultural bajo la etiqueta #DominicanMerengue en redes sociales.<\/p>\n\n\n\n<p>La ceremonia tuvo lugar en El Bronx County Building, espec\u00edficamente en el Veterans\u2019 Memorial Hall, ubicado en el 851 de Grand Concourse, y reuni\u00f3 a l\u00edderes comunitarios, autoridades locales, artistas, activistas y ciudadanos orgullosos de sus ra\u00edces dominicanas.<\/p>\n\n\n\n<p>La actividad forma parte del inicio oficial de las festividades que culminar\u00e1n con el Desfile Nacional Dominicano en Manhattan en el pr\u00f3ximo mes de agosto, una de las celebraciones culturales m\u00e1s grandes e influyentes de la di\u00e1spora dominicana en los Estados Unidos. Como maestra de ceremonia fungi\u00f3 la l\u00edder comunitaria Mar\u00eda Lizardo.<\/p>\n\n\n\n<p>Otras actividades similares ser\u00e1n celebradas en los dem\u00e1s condados de la Gran Manzana, se inform\u00f3.<\/p>\n","protected":false},"excerpt":{"rendered":"<p>Por Ram\u00f3n Mercedes NUEVA YORK.- En un ambiente cargado de orgullo e identidad quisqueyana, la Fundaci\u00f3n del Desfile Nacional Dominicano -NatDDP- que dirige Cristina Contreras, y la presidenta del condado&hellip;<\/p>\n","protected":false},"author":10,"featured_media":99585,"comment_status":"open","ping_status":"open","sticky":false,"template":"","format":"standard","meta":{"content-type":"","jetpack_post_was_ever_published":false,"_jetpack_newsletter_access":"","_jetpack_dont_email_post_to_subs":false,"_jetpack_newsletter_tier_id":0,"_jetpack_memberships_contains_paywalled_content":false,"_jetpack_memberships_contains_paid_content":false,"footnotes":""},"categories":[16289],"tags":[252,487,4303,19886,4290],"class_list":["post-99584","post","type-post","status-publish","format-standard","has-post-thumbnail","hentry","category-internacionales","tag-condado","tag-dominicanos","tag-el-bronx","tag-natddp","tag-presidenta"],"jetpack_featured_media_url":"https:\/\/lasprimeras.com.do\/wp-content\/uploads\/2025\/05\/Presidenta-de-NatDDP-y-El-Bronx-reconocen-dominicanos-ejemplares-del-condado.jpg","jetpack-related-posts":[{"id":103801,"url":"https:\/\/lasprimeras.com.do\/index.php\/2025\/07\/18\/natddp-dara-a-conocer-este-lunes-los-homenajeados-por-manhattan\/","url_meta":{"origin":99584,"position":0},"title":"NatDDP dar\u00e1 a conocer este lunes los homenajeados por Manhattan","author":"Nelson Feliz","date":"18 de julio de 2025","format":false,"excerpt":"Por Ram\u00f3n Mercedes NUEVA YORK.- La direcci\u00f3n del Desfile Nacional Dominicano en NYC (NatDDP), que preside la profesional y reconocida l\u00edder comunitaria en esta ciudad, Cristina Contreras, dar\u00e1 a conocer este lunes los homenajeados para este a\u00f1o por el condado de Manhattan. La misma se celebrar\u00e1 en el Centro Cultural\u2026","rel":"","context":"En \u00abENTRETENIMIENTO\u00bb","block_context":{"text":"ENTRETENIMIENTO","link":"https:\/\/lasprimeras.com.do\/index.php\/category\/entretenimiento\/"},"img":{"alt_text":"NatDDP dar\u00e1 a conocer este lunes los homenajeados por Manhattan","src":"https:\/\/i0.wp.com\/lasprimeras.com.do\/wp-content\/uploads\/2025\/07\/NatDDP-dara-a-conocer-este-lunes-los-homenajeados-por-Manhattan.jpg?resize=350%2C200&ssl=1","width":350,"height":200},"classes":[]},{"id":102955,"url":"https:\/\/lasprimeras.com.do\/index.php\/2025\/07\/10\/natddp-celebra-herencia-dominicana-en-yonkers\/","url_meta":{"origin":99584,"position":1},"title":"NatDDP celebra Herencia Dominicana en Yonkers","author":"Nelson Feliz","date":"10 de julio de 2025","format":false,"excerpt":"Por Ram\u00f3n Mercedes NUEVA YORK.- La presidenta del Desfile Nacional Dominicano (National Dominican Day Parade -NatDDP-), Cristina Contreras, encabez\u00f3 recientemente la celebraci\u00f3n de la Herencia Dominicana en el City Hall de la ciudad de Yonkers. El evento rindi\u00f3 homenaje a las contribuciones y el esp\u00edritu luchador de la comunidad quisqueyana\u2026","rel":"","context":"En \u00abENTRETENIMIENTO\u00bb","block_context":{"text":"ENTRETENIMIENTO","link":"https:\/\/lasprimeras.com.do\/index.php\/category\/entretenimiento\/"},"img":{"alt_text":"NatDDP celebra Herencia Dominicana en Yonkers","src":"https:\/\/i0.wp.com\/lasprimeras.com.do\/wp-content\/uploads\/2025\/07\/NatDDP-celebra-Herencia-Dominicana-en-Yonkers.jpg?resize=350%2C200&ssl=1","width":350,"height":200,"srcset":"https:\/\/i0.wp.com\/lasprimeras.com.do\/wp-content\/uploads\/2025\/07\/NatDDP-celebra-Herencia-Dominicana-en-Yonkers.jpg?resize=350%2C200&ssl=1 1x, https:\/\/i0.wp.com\/lasprimeras.com.do\/wp-content\/uploads\/2025\/07\/NatDDP-celebra-Herencia-Dominicana-en-Yonkers.jpg?resize=525%2C300&ssl=1 1.5x"},"classes":[]},{"id":105689,"url":"https:\/\/lasprimeras.com.do\/index.php\/2025\/08\/06\/natddp-entrega-20-mil-libras-alimentos-a-dominicanos-en-alto-manhattan\/","url_meta":{"origin":99584,"position":2},"title":"NatDDP entrega 20 mil libras alimentos a dominicanos en Alto Manhattan","author":"Nelson Feliz","date":"6 de agosto de 2025","format":false,"excerpt":"Por Ram\u00f3n Mercedes NUEVA YORK.- La presidenta del Desfile Nacional Dominicano -Dominican Day Parade- (NatDDP), Cristina Contreras, recibi\u00f3 de la empresa Goya Inc. m\u00e1s de 20 mil libras de alimentos las cuales dispuso repartir entre dominicanos en el Alto Manhattan. Los variados alimentos de la reconocida empresa en los Estados\u2026","rel":"","context":"En \u00abINTERNACIONALES\u00bb","block_context":{"text":"INTERNACIONALES","link":"https:\/\/lasprimeras.com.do\/index.php\/category\/sin-categoria\/internacionales\/"},"img":{"alt_text":"","src":"https:\/\/i0.wp.com\/lasprimeras.com.do\/wp-content\/uploads\/2025\/08\/WhatsApp-Image-2025-08-06-at-6.19.00-AM.jpeg?resize=350%2C200&ssl=1","width":350,"height":200},"classes":[]},{"id":105469,"url":"https:\/\/lasprimeras.com.do\/index.php\/2025\/08\/04\/presidenta-natddp-usa-detallas-eventos-para-completar-programa-del-43o-aniversario\/","url_meta":{"origin":99584,"position":3},"title":"Presidenta NatDDP-USA detallas eventos para completar programa del 43\u00ba aniversario","author":"Nelson Feliz","date":"4 de agosto de 2025","format":false,"excerpt":"Por Ram\u00f3n Mercedes NUEVA YORK.- La presidenta del Desfile Nacional Dominicano -Dominican Day Parade- (NatDDP), Cristina Contreras, en los Estados Unidos dio a conocer los \u00faltimos eventos restantes para completar el programa de la celebraci\u00f3n del 43\u00ba aniversario de la entidad. El tema de este a\u00f1o: \u00abQuisqueya y EE. UU.\u2026","rel":"","context":"En \u00abENTRETENIMIENTO\u00bb","block_context":{"text":"ENTRETENIMIENTO","link":"https:\/\/lasprimeras.com.do\/index.php\/category\/entretenimiento\/"},"img":{"alt_text":"","src":"https:\/\/i0.wp.com\/lasprimeras.com.do\/wp-content\/uploads\/2025\/08\/WhatsApp-Image-2025-08-04-at-6.44.27-AM.jpeg?resize=350%2C200&ssl=1","width":350,"height":200,"srcset":"https:\/\/i0.wp.com\/lasprimeras.com.do\/wp-content\/uploads\/2025\/08\/WhatsApp-Image-2025-08-04-at-6.44.27-AM.jpeg?resize=350%2C200&ssl=1 1x, https:\/\/i0.wp.com\/lasprimeras.com.do\/wp-content\/uploads\/2025\/08\/WhatsApp-Image-2025-08-04-at-6.44.27-AM.jpeg?resize=525%2C300&ssl=1 1.5x"},"classes":[]},{"id":105782,"url":"https:\/\/lasprimeras.com.do\/index.php\/2025\/08\/07\/presidenta-natddp-ny-presenta-memorias-de-su-gestion-durante-los-cuatro-anos\/","url_meta":{"origin":99584,"position":4},"title":"Presidenta NatDDP-NY presenta memorias de su gesti\u00f3n durante los cuatro a\u00f1os","author":"Nelson Feliz","date":"7 de agosto de 2025","format":false,"excerpt":"https:\/\/www.youtube.com\/watch?v=vF_OTcOm9M8 Por Ram\u00f3n Mercedes NUEVA YORK.- La presidenta del Desfile Nacional Dominicano -National Day Parade- (NapDDP), Cristina Contreras, present\u00f3 ante la prensa de la Rep\u00fablica Dominicana en esta ciudad las memorias de su gesti\u00f3n durante sus cuatro a\u00f1os. Durante su direcci\u00f3n, que concluye el pr\u00f3ximo domingo con la celebraci\u00f3n del\u2026","rel":"","context":"En \u00abENTRETENIMIENTO\u00bb","block_context":{"text":"ENTRETENIMIENTO","link":"https:\/\/lasprimeras.com.do\/index.php\/category\/entretenimiento\/"},"img":{"alt_text":"","src":"https:\/\/i0.wp.com\/lasprimeras.com.do\/wp-content\/uploads\/2025\/08\/WhatsApp-Image-2025-08-07-at-5.42.07-AM-1.jpeg?resize=350%2C200&ssl=1","width":350,"height":200,"srcset":"https:\/\/i0.wp.com\/lasprimeras.com.do\/wp-content\/uploads\/2025\/08\/WhatsApp-Image-2025-08-07-at-5.42.07-AM-1.jpeg?resize=350%2C200&ssl=1 1x, https:\/\/i0.wp.com\/lasprimeras.com.do\/wp-content\/uploads\/2025\/08\/WhatsApp-Image-2025-08-07-at-5.42.07-AM-1.jpeg?resize=525%2C300&ssl=1 1.5x, https:\/\/i0.wp.com\/lasprimeras.com.do\/wp-content\/uploads\/2025\/08\/WhatsApp-Image-2025-08-07-at-5.42.07-AM-1.jpeg?resize=700%2C400&ssl=1 2x"},"classes":[]},{"id":105478,"url":"https:\/\/lasprimeras.com.do\/index.php\/2025\/08\/04\/llaman-redoblar-apoyo-desfile-dominicano-por-exaltar-dominicanidad-en-playas-extranjeras\/","url_meta":{"origin":99584,"position":5},"title":"Llaman redoblar apoyo \u00abDesfile Dominicano\u00bb por exaltar dominicanidad en playas extranjeras","author":"Nelson Feliz","date":"4 de agosto de 2025","format":false,"excerpt":"Por Ram\u00f3n Mercedes NUEVA YORK.- Dominicanos en esta ciudad llaman a los sectores representativos del pa\u00eds caribe\u00f1o en los Estados Unidos (pol\u00edticos, profesionales, empresariales, comunitarios, entre otros) apoyar sin reservas el Desfile Dominicano de Manhattan (NatDDP), que dirige Cristina Contreras, por su gran labor altruista a favor de la dominicanidad\u2026","rel":"","context":"En \u00abENTRETENIMIENTO\u00bb","block_context":{"text":"ENTRETENIMIENTO","link":"https:\/\/lasprimeras.com.do\/index.php\/category\/entretenimiento\/"},"img":{"alt_text":"","src":"https:\/\/i0.wp.com\/lasprimeras.com.do\/wp-content\/uploads\/2025\/08\/WhatsApp-Image-2025-08-04-at-6.44.28-AM-2.jpeg?resize=350%2C200&ssl=1","width":350,"height":200,"srcset":"https:\/\/i0.wp.com\/lasprimeras.com.do\/wp-content\/uploads\/2025\/08\/WhatsApp-Image-2025-08-04-at-6.44.28-AM-2.jpeg?resize=350%2C200&ssl=1 1x, https:\/\/i0.wp.com\/lasprimeras.com.do\/wp-content\/uploads\/2025\/08\/WhatsApp-Image-2025-08-04-at-6.44.28-AM-2.jpeg?resize=525%2C300&ssl=1 1.5x, https:\/\/i0.wp.com\/lasprimeras.com.do\/wp-content\/uploads\/2025\/08\/WhatsApp-Image-2025-08-04-at-6.44.28-AM-2.jpeg?resize=700%2C400&ssl=1 2x"},"classes":[]}],"jetpack_sharing_enabled":true,"_links":{"self":[{"href":"https:\/\/lasprimeras.com.do\/index.php\/wp-json\/wp\/v2\/posts\/99584","targetHints":{"allow":["GET"]}}],"collection":[{"href":"https:\/\/lasprimeras.com.do\/index.php\/wp-json\/wp\/v2\/posts"}],"about":[{"href":"https:\/\/lasprimeras.com.do\/index.php\/wp-json\/wp\/v2\/types\/post"}],"author":[{"embeddable":true,"href":"https:\/\/lasprimeras.com.do\/index.php\/wp-json\/wp\/v2\/users\/10"}],"replies":[{"embeddable":true,"href":"https:\/\/lasprimeras.com.do\/index.php\/wp-json\/wp\/v2\/comments?post=99584"}],"version-history":[{"count":1,"href":"https:\/\/lasprimeras.com.do\/index.php\/wp-json\/wp\/v2\/posts\/99584\/revisions"}],"predecessor-version":[{"id":99586,"href":"https:\/\/lasprimeras.com.do\/index.php\/wp-json\/wp\/v2\/posts\/99584\/revisions\/99586"}],"wp:featuredmedia":[{"embeddable":true,"href":"https:\/\/lasprimeras.com.do\/index.php\/wp-json\/wp\/v2\/media\/99585"}],"wp:attachment":[{"href":"https:\/\/lasprimeras.com.do\/index.php\/wp-json\/wp\/v2\/media?parent=99584"}],"wp:term":[{"taxonomy":"category","embeddable":true,"href":"https:\/\/lasprimeras.com.do\/index.php\/wp-json\/wp\/v2\/categories?post=99584"},{"taxonomy":"post_tag","embeddable":true,"href":"https:\/\/lasprimeras.com.do\/index.php\/wp-json\/wp\/v2\/tags?post=99584"}],"curies":[{"name":"wp","href":"https:\/\/api.w.org\/{rel}","templated":true}]}}