{"id":99587,"date":"2025-05-23T11:10:58","date_gmt":"2025-05-23T15:10:58","guid":{"rendered":"https:\/\/lasprimeras.com.do\/?p=99587"},"modified":"2025-05-23T11:11:00","modified_gmt":"2025-05-23T15:11:00","slug":"sectores-representativos-dominicanos-nyc-lamentan-fallecimiento-periodista-miguel-cruz-tejada","status":"publish","type":"post","link":"https:\/\/lasprimeras.com.do\/index.php\/2025\/05\/23\/sectores-representativos-dominicanos-nyc-lamentan-fallecimiento-periodista-miguel-cruz-tejada\/","title":{"rendered":"Sectores representativos dominicanos NYC lamentan fallecimiento periodista Miguel Cruz Tejada"},"content":{"rendered":"\n<p>Por Ram\u00f3n Mercedes<\/p>\n\n\n\n<p>NUEVA YORK.- Sectores representativos dominicanos en esta ciudad (pol\u00edticos, profesionales, empresarial, period\u00edsticos y comerciantes, entre otros) lamentaron el fallecimiento este jueves del reconocido periodista de la RD radicado en la Gran Manzana, Miguel Cruz Tejada.<\/p>\n\n\n\n<p>Sostienen que fue un baluarte en la defensa de los mejores intereses de la comunidad dominicana en la Gran Manzana, aplicando siempre su slogan \u00abla verdad no se negocia\u00bb.<\/p>\n\n\n\n<p>Cruz Tejada ser\u00e1 recordado como un periodista \u00edntegro y apasionado, cuya pluma dio voz a la di\u00e1spora dominicana y que supo dignificar el oficio con responsabilidad, valent\u00eda y amor por su comunidad.<\/p>\n\n\n\n<p>Se distingui\u00f3 por su cobertura constante de temas comunitarios, pol\u00edticos y sociales que afectaban a los dominicanos en el exterior. Su estilo directo, capacidad de an\u00e1lisis y compromiso con la verdad le ganaron el respeto de colegas, l\u00edderes comunitarios y lectores.<\/p>\n\n\n\n<p>Entre los que lamentan su fallecimiento figuran el soci\u00f3logo Jaime Vargas; Radhames Rodr\u00edguez, presidente de la Asociaci\u00f3n de Bodegueros Unidos de Am\u00e9rica (UBA); Antonio Cabrera, presidente del Consorcio High Class; y Radhames Garc\u00eda, de Somos Pueblo.<\/p>\n\n\n\n<p>Asimismo, M\u00e1ximo Padilla, presidente del Comit\u00e9 del Dominicano en el Exterior (CODEX); Luis Ferreira, presidente de la seccional del BIS; Orlando Rosado, presidente del PRSC-NY; John S\u00e1nchez, secretario general de la seccional PRM-NY y director del INDEX en la Gran Manzana; Javier Fuentes, ex director de la Feria del Libro-NYC; y Elida Almonte, presidenta de la C\u00e1mara de Comercio Dominicana en USA.<\/p>\n\n\n\n<p>Adem\u00e1s, Carlos G\u00f3mez, senador por Espaillat (ambos eran de Moca); Cirilo Moronta, diputado del exterior; Cristina Contreras, directora del Hospital Lincoln-Bronx; Aris Guevara, director de Crecimiento PRM-NY; Roberto Rojas, empresario, l\u00edder comunitario y deportivo.<\/p>\n\n\n\n<p>Tambi\u00e9n los periodistas Manuel Ruiz, Jos\u00e9 Alduey Sierra, Dar\u00edo Abreu, ex secretario general de la seccional del CDP-NY; Rafael Santos, Eddy Heredia, Caroline Pimentel, Rom\u00e1n Polanco, Aquiles Mej\u00eda, y el autor de esta cr\u00f3nica, presidente de Prensa &amp; Comunidad Hispana (PreCoHis).<\/p>\n\n\n\n<p>Los comunicadores Ruberqui Jim\u00e9nez; Luis Alfredo Collado y William Jim\u00e9nez, director de prensa del NYC DOT para los medios \u00e9tnicos y comunitarios, entre otros.<\/p>\n\n\n\n<p>Sus familiares no han determinado el d\u00eda en que su cad\u00e1ver ser\u00e1 expuesto ni d\u00f3nde. Se inform\u00f3 extraoficialmente que dej\u00f3 en la orfandad a seis hijos y recibir\u00e1 cristiana sepultura en su natal Moca-RD. \u00a1Paz a sus restos!<\/p>\n","protected":false},"excerpt":{"rendered":"<p>Por Ram\u00f3n Mercedes NUEVA YORK.- Sectores representativos dominicanos en esta ciudad (pol\u00edticos, profesionales, empresarial, period\u00edsticos y comerciantes, entre otros) lamentaron el fallecimiento este jueves del reconocido periodista de la RD&hellip;<\/p>\n","protected":false},"author":10,"featured_media":99588,"comment_status":"open","ping_status":"open","sticky":false,"template":"","format":"standard","meta":{"content-type":"","jetpack_post_was_ever_published":false,"_jetpack_newsletter_access":"","_jetpack_dont_email_post_to_subs":false,"_jetpack_newsletter_tier_id":0,"_jetpack_memberships_contains_paywalled_content":false,"_jetpack_memberships_contains_paid_content":false,"footnotes":""},"categories":[16289],"tags":[487,1065,19887,316,604],"class_list":["post-99587","post","type-post","status-publish","format-standard","has-post-thumbnail","hentry","category-internacionales","tag-dominicanos","tag-fallecimiento","tag-miguel-cruz-tejada","tag-nyc","tag-periodista"],"jetpack_featured_media_url":"https:\/\/lasprimeras.com.do\/wp-content\/uploads\/2025\/05\/Miguel-Cruz-Tejada.jpg","jetpack-related-posts":[{"id":100201,"url":"https:\/\/lasprimeras.com.do\/index.php\/2025\/06\/03\/comunidad-dominicana-expresa-dolor-y-pesar-en-funeraria-velaron-periodista-cruz-tejada\/","url_meta":{"origin":99587,"position":0},"title":"Comunidad dominicana expresa dolor y pesar en funeraria velaron periodista Cruz Tejada","author":"Nelson Feliz","date":"3 de junio de 2025","format":false,"excerpt":"https:\/\/www.youtube.com\/watch?v=QkUMF_scMGs Por Ram\u00f3n Mercedes NUEVA YORK.- Dominicanos residentes en esta ciudad, entre ellos oficiales electos, pol\u00edticos, periodistas, empresarios, religiosos, deportistas, gremialistas, comerciantes, amas de casas, estudiantes, taxistas, y ciudadanos comunes, entre otros, expresaron dolor y pesar al darle el \u00faltimo adi\u00f3s al periodista Miguel Cruz Tejada la tarde de este\u2026","rel":"","context":"En \u00abINTERNACIONALES\u00bb","block_context":{"text":"INTERNACIONALES","link":"https:\/\/lasprimeras.com.do\/index.php\/category\/sin-categoria\/internacionales\/"},"img":{"alt_text":"Comunidad dominicana expresa dolor y pesar en funeraria velaron periodista Cruz Tejada","src":"https:\/\/i0.wp.com\/lasprimeras.com.do\/wp-content\/uploads\/2025\/06\/WhatsApp-Image-2025-06-03-at-6.09.04-AM-1.jpeg?resize=350%2C200&ssl=1","width":350,"height":200,"srcset":"https:\/\/i0.wp.com\/lasprimeras.com.do\/wp-content\/uploads\/2025\/06\/WhatsApp-Image-2025-06-03-at-6.09.04-AM-1.jpeg?resize=350%2C200&ssl=1 1x, https:\/\/i0.wp.com\/lasprimeras.com.do\/wp-content\/uploads\/2025\/06\/WhatsApp-Image-2025-06-03-at-6.09.04-AM-1.jpeg?resize=525%2C300&ssl=1 1.5x"},"classes":[]},{"id":99899,"url":"https:\/\/lasprimeras.com.do\/index.php\/2025\/05\/28\/periodista-dominicano-fallecido-nyc-sera-expuesto-proximo-lunes-en-funeraria-rivera-alto-manhattan\/","url_meta":{"origin":99587,"position":1},"title":"Periodista dominicano fallecido NYC ser\u00e1 expuesto pr\u00f3ximo lunes en Funeraria Rivera Alto Manhattan","author":"Nelson Feliz","date":"28 de mayo de 2025","format":false,"excerpt":"Por Ram\u00f3n Mercedes NUEVA YORK.- El periodista dominicano Miguel Cruz Tejada, quien falleciera de forma natural el pasado jueves en el Hospital Presbiteriano Medical Center, ser\u00e1 expuesto el pr\u00f3ximo lunes, de 4:00 a 8:00 PM, en la Funeraria Rivera, ubicada en el 1260 de la Avenida Saint Nicholas con la\u2026","rel":"","context":"En \u00abINTERNACIONALES\u00bb","block_context":{"text":"INTERNACIONALES","link":"https:\/\/lasprimeras.com.do\/index.php\/category\/sin-categoria\/internacionales\/"},"img":{"alt_text":"","src":"https:\/\/i0.wp.com\/lasprimeras.com.do\/wp-content\/uploads\/2025\/05\/WhatsApp-Image-2025-05-28-at-6.00.55-AM.jpeg?resize=350%2C200&ssl=1","width":350,"height":200},"classes":[]},{"id":99725,"url":"https:\/\/lasprimeras.com.do\/index.php\/2025\/05\/26\/se-abre-gofund-nyc-para-periodista-dominicano-cruz-tejada\/","url_meta":{"origin":99587,"position":2},"title":"Se abre Gofund NYC para periodista dominicano Cruz Tejada","author":"Nelson Feliz","date":"26 de mayo de 2025","format":false,"excerpt":"Dedican 1 minuto de silencio en evento. https:\/\/www.youtube.com\/watch?v=ZoZCeOLQ0Oc Por Ram\u00f3n Mercedes NUEVA YORK.- El periodista dominicano Miguel Cruz Tejada, fallecido el pasado martes en esta ciudad, ser\u00e1 expuesto en los pr\u00f3ximos d\u00edas en la Funeraria Ort\u00edz, en Broadway con la calle 192, en el Alto Manhattan, y luego trasladado a\u2026","rel":"","context":"En \u00abINTERNACIONALES\u00bb","block_context":{"text":"INTERNACIONALES","link":"https:\/\/lasprimeras.com.do\/index.php\/category\/sin-categoria\/internacionales\/"},"img":{"alt_text":"","src":"https:\/\/i0.wp.com\/lasprimeras.com.do\/wp-content\/uploads\/2025\/05\/WhatsApp-Image-2025-05-26-at-6.09.01-AM.jpeg?resize=350%2C200&ssl=1","width":350,"height":200,"srcset":"https:\/\/i0.wp.com\/lasprimeras.com.do\/wp-content\/uploads\/2025\/05\/WhatsApp-Image-2025-05-26-at-6.09.01-AM.jpeg?resize=350%2C200&ssl=1 1x, https:\/\/i0.wp.com\/lasprimeras.com.do\/wp-content\/uploads\/2025\/05\/WhatsApp-Image-2025-05-26-at-6.09.01-AM.jpeg?resize=525%2C300&ssl=1 1.5x"},"classes":[]},{"id":117762,"url":"https:\/\/lasprimeras.com.do\/index.php\/2025\/12\/15\/muertes-de-periodistas-dominicanos-en-nyc-impacta-la-comunidad\/","url_meta":{"origin":99587,"position":3},"title":"Muertes de periodistas dominicanos en NYC impacta la comunidad","author":"Nelson Feliz","date":"15 de diciembre de 2025","format":false,"excerpt":"Por Ram\u00f3n Mercedes NUEVA YORK.- El fallecimiento por causas naturales de periodistas, camar\u00f3grafos y fot\u00f3grafos de medios de comunicaci\u00f3n dominicanos en esta ciudad durante los \u00faltimos tres a\u00f1os ha impactado la comunidad quisqueyana, seg\u00fan testimonio de varios reconocidos connacionales. En este 2025 que est\u00e1 a punto de terminar se han\u2026","rel":"","context":"En \u00abINTERNACIONALES\u00bb","block_context":{"text":"INTERNACIONALES","link":"https:\/\/lasprimeras.com.do\/index.php\/category\/sin-categoria\/internacionales\/"},"img":{"alt_text":"Muertes \u00faltimamente de periodistas dominicanos en NYC impacta la comunidad","src":"https:\/\/i0.wp.com\/lasprimeras.com.do\/wp-content\/uploads\/2025\/12\/Muertes-ultimamente-de-periodistas-dominicanos-en-NYC-impacta-la-comunidad.jpg?resize=350%2C200&ssl=1","width":350,"height":200,"srcset":"https:\/\/i0.wp.com\/lasprimeras.com.do\/wp-content\/uploads\/2025\/12\/Muertes-ultimamente-de-periodistas-dominicanos-en-NYC-impacta-la-comunidad.jpg?resize=350%2C200&ssl=1 1x, https:\/\/i0.wp.com\/lasprimeras.com.do\/wp-content\/uploads\/2025\/12\/Muertes-ultimamente-de-periodistas-dominicanos-en-NYC-impacta-la-comunidad.jpg?resize=525%2C300&ssl=1 1.5x"},"classes":[]},{"id":96943,"url":"https:\/\/lasprimeras.com.do\/index.php\/2025\/04\/11\/comunidad-dominicana-nyc-lamenta-tragedia-en-rd-efectua-vigilia\/","url_meta":{"origin":99587,"position":4},"title":"Comunidad dominicana NYC lamenta tragedia en RD; efect\u00faa vigilia","author":"Nelson Feliz","date":"11 de abril de 2025","format":false,"excerpt":"https:\/\/www.youtube.com\/watch?v=WQGkqTFvEyk Por Ram\u00f3n Mercedes NUEVA YORK.- Dominicanos en esta ciudad han sentido los efectos de manera profunda por la gran tragedia ocurrida la madrugada de este martes en el Distrito Nacional al derrumbarse la discoteca Jet Set, con saldo, el cierre de esta cr\u00f3nica en horas de la noche, con\u2026","rel":"","context":"En \u00abINTERNACIONALES\u00bb","block_context":{"text":"INTERNACIONALES","link":"https:\/\/lasprimeras.com.do\/index.php\/category\/sin-categoria\/internacionales\/"},"img":{"alt_text":"","src":"https:\/\/i0.wp.com\/lasprimeras.com.do\/wp-content\/uploads\/2025\/04\/WhatsApp-Image-2025-04-09-at-5.58.38-AM.jpeg?resize=350%2C200&ssl=1","width":350,"height":200,"srcset":"https:\/\/i0.wp.com\/lasprimeras.com.do\/wp-content\/uploads\/2025\/04\/WhatsApp-Image-2025-04-09-at-5.58.38-AM.jpeg?resize=350%2C200&ssl=1 1x, https:\/\/i0.wp.com\/lasprimeras.com.do\/wp-content\/uploads\/2025\/04\/WhatsApp-Image-2025-04-09-at-5.58.38-AM.jpeg?resize=525%2C300&ssl=1 1.5x"},"classes":[]},{"id":105329,"url":"https:\/\/lasprimeras.com.do\/index.php\/2025\/08\/01\/mujer-de-95-anos-sobrevivio-a-los-nazis-chernobil-y-covid-19-murio-al-cruzar-calle-en-brooklyn-dominicanos-lamentan\/","url_meta":{"origin":99587,"position":5},"title":"Mujer de 95 a\u00f1os sobrevivi\u00f3 a los nazis, Chern\u00f3bil y Covid-19 muri\u00f3 al cruzar calle en Brooklyn; dominicanos lamentan","author":"Nelson Feliz","date":"1 de agosto de 2025","format":false,"excerpt":"Por Ram\u00f3n Mercedes NUEVA YORK.- Mayya Gil, de 95 a\u00f1os, una ucraniana que sobrevivi\u00f3 a la ocupaci\u00f3n nazi de Ucrania, cuando la Alemania nazi atac\u00f3 a la Uni\u00f3n Sovi\u00e9tica en junio de 1941, hasta ocuparla por completo en diciembre de ese a\u00f1o, muri\u00f3 atropellada por un auto cuando cruzaba una\u2026","rel":"","context":"En \u00abINTERNACIONALES\u00bb","block_context":{"text":"INTERNACIONALES","link":"https:\/\/lasprimeras.com.do\/index.php\/category\/sin-categoria\/internacionales\/"},"img":{"alt_text":"","src":"https:\/\/i0.wp.com\/lasprimeras.com.do\/wp-content\/uploads\/2025\/08\/WhatsApp-Image-2025-08-01-at-5.43.21-AM-2.jpeg?resize=350%2C200&ssl=1","width":350,"height":200,"srcset":"https:\/\/i0.wp.com\/lasprimeras.com.do\/wp-content\/uploads\/2025\/08\/WhatsApp-Image-2025-08-01-at-5.43.21-AM-2.jpeg?resize=350%2C200&ssl=1 1x, https:\/\/i0.wp.com\/lasprimeras.com.do\/wp-content\/uploads\/2025\/08\/WhatsApp-Image-2025-08-01-at-5.43.21-AM-2.jpeg?resize=525%2C300&ssl=1 1.5x"},"classes":[]}],"jetpack_sharing_enabled":true,"_links":{"self":[{"href":"https:\/\/lasprimeras.com.do\/index.php\/wp-json\/wp\/v2\/posts\/99587","targetHints":{"allow":["GET"]}}],"collection":[{"href":"https:\/\/lasprimeras.com.do\/index.php\/wp-json\/wp\/v2\/posts"}],"about":[{"href":"https:\/\/lasprimeras.com.do\/index.php\/wp-json\/wp\/v2\/types\/post"}],"author":[{"embeddable":true,"href":"https:\/\/lasprimeras.com.do\/index.php\/wp-json\/wp\/v2\/users\/10"}],"replies":[{"embeddable":true,"href":"https:\/\/lasprimeras.com.do\/index.php\/wp-json\/wp\/v2\/comments?post=99587"}],"version-history":[{"count":1,"href":"https:\/\/lasprimeras.com.do\/index.php\/wp-json\/wp\/v2\/posts\/99587\/revisions"}],"predecessor-version":[{"id":99589,"href":"https:\/\/lasprimeras.com.do\/index.php\/wp-json\/wp\/v2\/posts\/99587\/revisions\/99589"}],"wp:featuredmedia":[{"embeddable":true,"href":"https:\/\/lasprimeras.com.do\/index.php\/wp-json\/wp\/v2\/media\/99588"}],"wp:attachment":[{"href":"https:\/\/lasprimeras.com.do\/index.php\/wp-json\/wp\/v2\/media?parent=99587"}],"wp:term":[{"taxonomy":"category","embeddable":true,"href":"https:\/\/lasprimeras.com.do\/index.php\/wp-json\/wp\/v2\/categories?post=99587"},{"taxonomy":"post_tag","embeddable":true,"href":"https:\/\/lasprimeras.com.do\/index.php\/wp-json\/wp\/v2\/tags?post=99587"}],"curies":[{"name":"wp","href":"https:\/\/api.w.org\/{rel}","templated":true}]}}