{"id":99831,"date":"2025-05-27T12:54:26","date_gmt":"2025-05-27T16:54:26","guid":{"rendered":"https:\/\/lasprimeras.com.do\/?p=99831"},"modified":"2025-05-27T12:54:28","modified_gmt":"2025-05-27T16:54:28","slug":"aeropuerto-internacional-de-punta-cana-concluye-con-excelencia-inspeccion-de-seguridad-de-la-tsa","status":"publish","type":"post","link":"https:\/\/lasprimeras.com.do\/index.php\/2025\/05\/27\/aeropuerto-internacional-de-punta-cana-concluye-con-excelencia-inspeccion-de-seguridad-de-la-tsa\/","title":{"rendered":"Aeropuerto Internacional de Punta Cana concluye con excelencia inspecci\u00f3n de seguridad de la TSA"},"content":{"rendered":"\n<p>El Aeropuerto Internacional de Punta Cana (MDPC) concluy\u00f3 inspecci\u00f3n t\u00e9cnica de seguridad por la Administraci\u00f3n de Seguridad en el Transporte de los Estados Unidos (TSA), por sus siglas en ingl\u00e9s.<\/p>\n\n\n\n<p>La evaluaci\u00f3n concluy\u00f3 con resultados altamente satisfactorios, sin registrarse hallazgos ni observaciones, lo que constituye una validaci\u00f3n clara del cumplimiento riguroso de los est\u00e1ndares internacionales en materia de seguridad de la aviaci\u00f3n civil.<\/p>\n\n\n\n<p>Esta inspecci\u00f3n, de car\u00e1cter integral y de alto nivel t\u00e9cnico, abarc\u00f3 m\u00faltiples componentes del sistema de seguridad aeroportuaria, incluyendo: observaci\u00f3n directa de las operaciones en tiempo real, verificaci\u00f3n de la implementaci\u00f3n de los programas de seguridad aeroportuaria aprobados, valuaci\u00f3n de los procedimientos de control de acceso a las \u00e1reas restringidas para pasajeros, tripulaci\u00f3n, personal autorizado y veh\u00edculos, inspecci\u00f3n de la seguridad del per\u00edmetro aeroportuario y de las instalaciones cr\u00edticas dentro de la terminal, revisi\u00f3n de las medidas de protecci\u00f3n aplicadas a las aeronaves con destino a los Estados Unidos y supervisi\u00f3n de los protocolos relacionados con la carga a\u00e9rea, el manejo de equipaje y otros procesos estrat\u00e9gicos.<\/p>\n\n\n\n<p>Esta evaluaci\u00f3n t\u00e9cnico fue conducido por inspectores especializados de la TSA, bajo la coordinaci\u00f3n de su Directora Regional, Sra. Olimpia Lynch, junto a los oficiales Sherrita Riles, Giancarlo P\u00e9rez, Alexandra Santos y Alfredo G\u00f3mez, quienes destacaron la profesionalidad del personal y la madurez del sistema de seguridad implementado en el MDPC.<\/p>\n\n\n\n<p>La clausura oficial de la jornada de inspecci\u00f3n se llev\u00f3 a cabo en las instalaciones del aeropuerto, con la presencia de representantes de la TSA y autoridades nacionales del \u00e1mbito aeron\u00e1utico y de seguridad.<\/p>\n\n\n\n<p>El acto fue presidido por el general de prigada Piloto Enmanuel Souffront Tamayo, FARD, director general del Cuerpo Especializado en Seguridad Aeroportuaria y de la Aviaci\u00f3n Civil (CESAC), acompa\u00f1ado por Sr. Alberto Smith, Director de Operaciones Landside del Aeropuerto Internacional de Punta Cana, el Mayor General (r) Ubaldo Reyes, ERD, Director de Seguridad del Grupo Puntacana y Sr. Tomy Yapour, representante de la administraci\u00f3n aeroportuaria.<\/p>\n\n\n\n<p>Este resultado reafirma el compromiso institucional del Estado dominicano, a trav\u00e9s del CESAC, de garantizar un entorno operacional seguro conforme a lo establecido en el Anexo 17 del Convenio de Chicago de la OACI, as\u00ed como en las disposiciones de la Ley No. 188-11 sobre Seguridad de la Aviaci\u00f3n Civil y su Reglamento de Aplicaci\u00f3n.<\/p>\n\n\n\n<p>Asimismo, posiciona al Aeropuerto Internacional de Punta Cana como un referente regional en la implementaci\u00f3n de mejores pr\u00e1cticas de seguridad aeroportuaria, fortaleciendo la confianza de los operadores internacionales y de las autoridades extranjeras en el sistema dominicano de seguridad de la aviaci\u00f3n civil.<\/p>\n","protected":false},"excerpt":{"rendered":"<p>El Aeropuerto Internacional de Punta Cana (MDPC) concluy\u00f3 inspecci\u00f3n t\u00e9cnica de seguridad por la Administraci\u00f3n de Seguridad en el Transporte de los Estados Unidos (TSA), por sus siglas en ingl\u00e9s.&hellip;<\/p>\n","protected":false},"author":10,"featured_media":99832,"comment_status":"open","ping_status":"open","sticky":false,"template":"","format":"standard","meta":{"content-type":"","jetpack_post_was_ever_published":false,"_jetpack_newsletter_access":"","_jetpack_dont_email_post_to_subs":false,"_jetpack_newsletter_tier_id":0,"_jetpack_memberships_contains_paywalled_content":false,"_jetpack_memberships_contains_paid_content":false,"footnotes":""},"categories":[35],"tags":[20017,1844,118,76,2713],"class_list":["post-99831","post","type-post","status-publish","format-standard","has-post-thumbnail","hentry","category-nacionales","tag-aeropuerto-internacional-de-punta-cana","tag-excelencia","tag-inspeccion","tag-seguridad","tag-tsa"],"jetpack_featured_media_url":"https:\/\/lasprimeras.com.do\/wp-content\/uploads\/2025\/05\/TSA-1.jpg","jetpack-related-posts":[{"id":69176,"url":"https:\/\/lasprimeras.com.do\/index.php\/2023\/11\/30\/tsa-inspecciona-aeropuertos-internacionales-de-santiago-y-puerto-plata\/","url_meta":{"origin":99831,"position":0},"title":"TSA inspecciona aeropuertos internacionales de Santiago y Puerto Plata","author":"Nelson Feliz","date":"30 de noviembre de 2023","format":false,"excerpt":"Por Mart\u00edn Restituyo La Administraci\u00f3n de Seguridad en el Transporte de los Estados Unidos de Norteam\u00e9rica (TSA) llev\u00f3 a cabo una exhaustiva inspecci\u00f3n de seguridad a los aeropuertos internacionales Cibao y Gregorio Luper\u00f3n. La evaluaci\u00f3n, que transcurri\u00f3 del 12 al 16 de noviembre de 2023, consisti\u00f3 en verificar el cumplimiento\u2026","rel":"","context":"En \u00abNACIONALES\u00bb","block_context":{"text":"NACIONALES","link":"https:\/\/lasprimeras.com.do\/index.php\/category\/nacionales\/"},"img":{"alt_text":"TSA","src":"https:\/\/i0.wp.com\/lasprimeras.com.do\/wp-content\/uploads\/2023\/11\/TSA.jpg?resize=350%2C200&ssl=1","width":350,"height":200,"srcset":"https:\/\/i0.wp.com\/lasprimeras.com.do\/wp-content\/uploads\/2023\/11\/TSA.jpg?resize=350%2C200&ssl=1 1x, https:\/\/i0.wp.com\/lasprimeras.com.do\/wp-content\/uploads\/2023\/11\/TSA.jpg?resize=525%2C300&ssl=1 1.5x, https:\/\/i0.wp.com\/lasprimeras.com.do\/wp-content\/uploads\/2023\/11\/TSA.jpg?resize=700%2C400&ssl=1 2x"},"classes":[]},{"id":50061,"url":"https:\/\/lasprimeras.com.do\/index.php\/2023\/05\/16\/administracion-de-seguridad-en-el-transporte-de-ee-uu-realiza-visita-de-supervision-en-el-mdpc\/","url_meta":{"origin":99831,"position":1},"title":"Administraci\u00f3n de Seguridad en el Transporte de EE.UU. realiza visita de supervisi\u00f3n en el MDPC","author":"prenxa100","date":"16 de mayo de 2023","format":false,"excerpt":"Por Wilson Perez Santo Domingo.- La Administraci\u00f3n de Seguridad en el Transporte de los Estados Unidos de Norteam\u00e9rica, realiz\u00f3 una visita de evaluaci\u00f3n de seguridad al Aeropuerto Internacional de Punta Cana. La evaluaci\u00f3n consisti\u00f3 en verificar el cumplimiento del CESAC de las normas y m\u00e9todos contenidos en el Anexo 17\u2026","rel":"","context":"En \u00abNACIONALES\u00bb","block_context":{"text":"NACIONALES","link":"https:\/\/lasprimeras.com.do\/index.php\/category\/nacionales\/"},"img":{"alt_text":"","src":"","width":0,"height":0},"classes":[]},{"id":95512,"url":"https:\/\/lasprimeras.com.do\/index.php\/2025\/03\/14\/tsa-ratifica-altos-estandares-de-seguridad-en-el-mdsd\/","url_meta":{"origin":99831,"position":2},"title":"TSA ratifica altos est\u00e1ndares de seguridad en el MDSD","author":"Nelson Feliz","date":"14 de marzo de 2025","format":false,"excerpt":"Felicita al CESAC tras informe preliminar sin observaciones. El Cuerpo Especializado en Seguridad Aeroportuaria y de la Aviaci\u00f3n Civil (CESAC) y la Administraci\u00f3n de Seguridad en el Transporte (TSA), sostuvieron una reuni\u00f3n estrat\u00e9gica tras la culminaci\u00f3n de una evaluaci\u00f3n de los protocolos de seguridad aeroportuaria en la Rep\u00fablica Dominicana. El\u2026","rel":"","context":"En \u00abMILITARES\u00bb","block_context":{"text":"MILITARES","link":"https:\/\/lasprimeras.com.do\/index.php\/category\/militares\/"},"img":{"alt_text":"","src":"https:\/\/i0.wp.com\/lasprimeras.com.do\/wp-content\/uploads\/2025\/03\/TSA.jpg?resize=350%2C200&ssl=1","width":350,"height":200,"srcset":"https:\/\/i0.wp.com\/lasprimeras.com.do\/wp-content\/uploads\/2025\/03\/TSA.jpg?resize=350%2C200&ssl=1 1x, https:\/\/i0.wp.com\/lasprimeras.com.do\/wp-content\/uploads\/2025\/03\/TSA.jpg?resize=525%2C300&ssl=1 1.5x, https:\/\/i0.wp.com\/lasprimeras.com.do\/wp-content\/uploads\/2025\/03\/TSA.jpg?resize=700%2C400&ssl=1 2x"},"classes":[]},{"id":101135,"url":"https:\/\/lasprimeras.com.do\/index.php\/2025\/06\/16\/cesac-concluye-evaluacion-tecnica-en-el-aeropuerto-internacional-gregorio-luperon\/","url_meta":{"origin":99831,"position":3},"title":"CESAC concluye evaluaci\u00f3n t\u00e9cnica en el Aeropuerto Internacional Gregorio Luper\u00f3n","author":"Nelson Feliz","date":"16 de junio de 2025","format":false,"excerpt":"El Cuerpo Especializado en Seguridad Aeroportuaria y de la Aviaci\u00f3n Civil (CESAC) concluy\u00f3 con resultados altamente satisfactorios y sin hallazgos el proceso de evaluaci\u00f3n t\u00e9cnica realizado en el Aeropuerto Internacional Gregorio Luper\u00f3n, ubicado en la ciudad de Puerto Plata, en coordinaci\u00f3n con la Administraci\u00f3n de Seguridad en el Transporte de\u2026","rel":"","context":"En \u00abMILITARES\u00bb","block_context":{"text":"MILITARES","link":"https:\/\/lasprimeras.com.do\/index.php\/category\/militares\/"},"img":{"alt_text":"","src":"https:\/\/i0.wp.com\/lasprimeras.com.do\/wp-content\/uploads\/2025\/06\/CESAC-1.jpg?resize=350%2C200&ssl=1","width":350,"height":200,"srcset":"https:\/\/i0.wp.com\/lasprimeras.com.do\/wp-content\/uploads\/2025\/06\/CESAC-1.jpg?resize=350%2C200&ssl=1 1x, https:\/\/i0.wp.com\/lasprimeras.com.do\/wp-content\/uploads\/2025\/06\/CESAC-1.jpg?resize=525%2C300&ssl=1 1.5x, https:\/\/i0.wp.com\/lasprimeras.com.do\/wp-content\/uploads\/2025\/06\/CESAC-1.jpg?resize=700%2C400&ssl=1 2x"},"classes":[]},{"id":55015,"url":"https:\/\/lasprimeras.com.do\/index.php\/2023\/07\/17\/miguel-valeriojusticia-pone-fin-a-sentencias-impedia-a-construccion-del-aeropuerto-de-bavaro\/","url_meta":{"origin":99831,"position":4},"title":"Miguel Valerio:&#8221;Justicia pone fin a sentencias imped\u00eda a construcci\u00f3n del Aeropuerto de B\u00e1varo&#8221;","author":"Nelson Feliz","date":"17 de julio de 2023","format":false,"excerpt":"Expuso que con estas decisiones se corrigen las irregularidades cometidas a finales del Gobierno pasado y se deja sin causa el decreto que aprob\u00f3 el establecimiento de ese aeropuerto. El abogado de la Corporaci\u00f3n Aeroportuaria del Este, propietaria del Aeropuerto Internacional de Punta Cana y del Grupo Punta Cana, Miguel\u2026","rel":"","context":"En \u00abNACIONALES\u00bb","block_context":{"text":"NACIONALES","link":"https:\/\/lasprimeras.com.do\/index.php\/category\/nacionales\/"},"img":{"alt_text":"Miguel Valerio","src":"https:\/\/i0.wp.com\/lasprimeras.com.do\/wp-content\/uploads\/2023\/07\/Miguel-Valerio.jpg?resize=350%2C200&ssl=1","width":350,"height":200,"srcset":"https:\/\/i0.wp.com\/lasprimeras.com.do\/wp-content\/uploads\/2023\/07\/Miguel-Valerio.jpg?resize=350%2C200&ssl=1 1x, https:\/\/i0.wp.com\/lasprimeras.com.do\/wp-content\/uploads\/2023\/07\/Miguel-Valerio.jpg?resize=525%2C300&ssl=1 1.5x, https:\/\/i0.wp.com\/lasprimeras.com.do\/wp-content\/uploads\/2023\/07\/Miguel-Valerio.jpg?resize=700%2C400&ssl=1 2x"},"classes":[]},{"id":75837,"url":"https:\/\/lasprimeras.com.do\/index.php\/2024\/02\/05\/incautan-6-paquetes-presumiblemente-cocaina-en-aeropuerto-de-punta-cana\/","url_meta":{"origin":99831,"position":5},"title":"Incautan 6 paquetes presumiblemente coca\u00edna en aeropuerto de Punta Cana","author":"BIMARY DE JES\u00daS Matos","date":"5 de febrero de 2024","format":false,"excerpt":"Martin Restituyo Santo Domingo.- Agentes de la Direcci\u00f3n Nacional de Control de Drogas (DNCD) y miembros del Cuerpo Especializado de Seguridad Aeroportuaria, coordinados por el Ministerio P\u00fablico, ocuparon seis paquetes presumiblemente coca\u00edna, en un operativo de inspecci\u00f3n realizado en el aeropuerto Internacional de Punta Cana, provincia La Altagracia. Los agentes\u2026","rel":"","context":"En \u00abPORTADA\u00bb","block_context":{"text":"PORTADA","link":"https:\/\/lasprimeras.com.do\/index.php\/category\/portada\/"},"img":{"alt_text":"","src":"https:\/\/i0.wp.com\/lasprimeras.com.do\/wp-content\/uploads\/2024\/02\/Conoceran-esta-tarde-solicitud-de-cese-de-medida-de-coercion-a-Jean-Alain-Rodriguez-3.webp?resize=350%2C200&ssl=1","width":350,"height":200,"srcset":"https:\/\/i0.wp.com\/lasprimeras.com.do\/wp-content\/uploads\/2024\/02\/Conoceran-esta-tarde-solicitud-de-cese-de-medida-de-coercion-a-Jean-Alain-Rodriguez-3.webp?resize=350%2C200&ssl=1 1x, https:\/\/i0.wp.com\/lasprimeras.com.do\/wp-content\/uploads\/2024\/02\/Conoceran-esta-tarde-solicitud-de-cese-de-medida-de-coercion-a-Jean-Alain-Rodriguez-3.webp?resize=525%2C300&ssl=1 1.5x, https:\/\/i0.wp.com\/lasprimeras.com.do\/wp-content\/uploads\/2024\/02\/Conoceran-esta-tarde-solicitud-de-cese-de-medida-de-coercion-a-Jean-Alain-Rodriguez-3.webp?resize=700%2C400&ssl=1 2x, https:\/\/i0.wp.com\/lasprimeras.com.do\/wp-content\/uploads\/2024\/02\/Conoceran-esta-tarde-solicitud-de-cese-de-medida-de-coercion-a-Jean-Alain-Rodriguez-3.webp?resize=1050%2C600&ssl=1 3x, https:\/\/i0.wp.com\/lasprimeras.com.do\/wp-content\/uploads\/2024\/02\/Conoceran-esta-tarde-solicitud-de-cese-de-medida-de-coercion-a-Jean-Alain-Rodriguez-3.webp?resize=1400%2C800&ssl=1 4x"},"classes":[]}],"jetpack_sharing_enabled":true,"_links":{"self":[{"href":"https:\/\/lasprimeras.com.do\/index.php\/wp-json\/wp\/v2\/posts\/99831","targetHints":{"allow":["GET"]}}],"collection":[{"href":"https:\/\/lasprimeras.com.do\/index.php\/wp-json\/wp\/v2\/posts"}],"about":[{"href":"https:\/\/lasprimeras.com.do\/index.php\/wp-json\/wp\/v2\/types\/post"}],"author":[{"embeddable":true,"href":"https:\/\/lasprimeras.com.do\/index.php\/wp-json\/wp\/v2\/users\/10"}],"replies":[{"embeddable":true,"href":"https:\/\/lasprimeras.com.do\/index.php\/wp-json\/wp\/v2\/comments?post=99831"}],"version-history":[{"count":1,"href":"https:\/\/lasprimeras.com.do\/index.php\/wp-json\/wp\/v2\/posts\/99831\/revisions"}],"predecessor-version":[{"id":99833,"href":"https:\/\/lasprimeras.com.do\/index.php\/wp-json\/wp\/v2\/posts\/99831\/revisions\/99833"}],"wp:featuredmedia":[{"embeddable":true,"href":"https:\/\/lasprimeras.com.do\/index.php\/wp-json\/wp\/v2\/media\/99832"}],"wp:attachment":[{"href":"https:\/\/lasprimeras.com.do\/index.php\/wp-json\/wp\/v2\/media?parent=99831"}],"wp:term":[{"taxonomy":"category","embeddable":true,"href":"https:\/\/lasprimeras.com.do\/index.php\/wp-json\/wp\/v2\/categories?post=99831"},{"taxonomy":"post_tag","embeddable":true,"href":"https:\/\/lasprimeras.com.do\/index.php\/wp-json\/wp\/v2\/tags?post=99831"}],"curies":[{"name":"wp","href":"https:\/\/api.w.org\/{rel}","templated":true}]}}