{"id":99864,"date":"2025-05-28T09:17:49","date_gmt":"2025-05-28T13:17:49","guid":{"rendered":"https:\/\/lasprimeras.com.do\/?p=99864"},"modified":"2025-05-28T09:17:51","modified_gmt":"2025-05-28T13:17:51","slug":"defensa-civil-y-proinfancia-firman-acuerdo-de-cooperacion-de-cara-a-la-temporada-ciclonica-2025","status":"publish","type":"post","link":"https:\/\/lasprimeras.com.do\/index.php\/2025\/05\/28\/defensa-civil-y-proinfancia-firman-acuerdo-de-cooperacion-de-cara-a-la-temporada-ciclonica-2025\/","title":{"rendered":"Defensa Civil y Proinfancia firman acuerdo de cooperaci\u00f3n de cara a la Temporada Cicl\u00f3nica 2025"},"content":{"rendered":"\n<p>La Defensa Civil y el Centro de Promoci\u00f3n de la Atenci\u00f3n Integral a la Infancia (Proinfancia) firmaron este d\u00eda un acuerdo de cooperaci\u00f3n entre ambas entidades de cara a la temporada de huracanes 2025.<\/p>\n\n\n\n<p>El convenio fue firmado por los titulares de las entidades, Juan Salas, de Defensa Civil y Carlos Pimentel, presidente de Proinfancia.<\/p>\n\n\n\n<p>Durante el acto de r\u00fabrica, Salas expres\u00f3 que esta alianza de cooperaci\u00f3n hace realidad un sue\u00f1o que desde hace un tiempo se ven\u00eda pensando y conversando, ya que se podr\u00e1 orientar a las ni\u00f1as, ni\u00f1os y adolescentes (NNA) en diferentes temas vinculantes a su desarrollo integral en los momentos en que se habiliten albergues durante una emergencia.<\/p>\n\n\n\n<p>De su parte, el se\u00f1or Pimentel, asegur\u00f3 que desde su entidad es posible movilizar a voluntarios de las iglesias que ya han sido formados en diferentes temas de desarrollo, y de manera especial, sobre los t\u00f3picos que ayudan a salvar vidas durante una crisis a nivel local.<\/p>\n\n\n\n<p>Las entidades se comprometieron a ejecutar actividades de protecci\u00f3n en Ni\u00f1os, Ni\u00f1as y Adolescentes (NNA) en situaciones de emergencias, contribuir en la prevenci\u00f3n y mitigaci\u00f3n de riesgos locales, atenci\u00f3n psicosocial, apoyo emocional y restablecimiento de derechos.<\/p>\n\n\n\n<p>La firma tuvo lugar en la sede central de la Defensa Civil, con la participaci\u00f3n del Subdirector ejecutivo de la Defensa Civil, Sr. Bernardo Rodr\u00edguez Vidal; as\u00ed como los encargados de comunicaciones y asesores jur\u00eddicos de ambas entidades.<\/p>\n\n\n\n<p>La Defensa Civil dirige las acciones de coordinaci\u00f3n, preparaci\u00f3n y operaci\u00f3n de todas las funciones de emergencias ante la ocurrencia de un evento natural o antr\u00f3pico en el pa\u00eds, en una forma eficiente y eficaz, garantizando un control adecuado de las operaciones para salvar vidas y propiedades de los habitantes de la Rep\u00fablica Dominicana.<\/p>\n\n\n\n<p>El Centro de Promoci\u00f3n de la Atenci\u00f3n Integral a la Infancia (PROINFANCIA) es una organizaci\u00f3n sin fines de lucro que promueve el desarrollo integral y m\u00e1ximo bienestar de los ni\u00f1os, ni\u00f1as y adolescente, y tiene como prop\u00f3sito promover y desarrollar programas de prevenci\u00f3n y atenci\u00f3n que contribuyan al bienestar f\u00edsico, emocional y espiritual de ni\u00f1os\/as y adolescentes vulnerables.<\/p>\n","protected":false},"excerpt":{"rendered":"<p>La Defensa Civil y el Centro de Promoci\u00f3n de la Atenci\u00f3n Integral a la Infancia (Proinfancia) firmaron este d\u00eda un acuerdo de cooperaci\u00f3n entre ambas entidades de cara a la&hellip;<\/p>\n","protected":false},"author":10,"featured_media":99865,"comment_status":"open","ping_status":"open","sticky":false,"template":"","format":"standard","meta":{"content-type":"","jetpack_post_was_ever_published":false,"_jetpack_newsletter_access":"","_jetpack_dont_email_post_to_subs":false,"_jetpack_newsletter_tier_id":0,"_jetpack_memberships_contains_paywalled_content":false,"_jetpack_memberships_contains_paid_content":false,"footnotes":""},"categories":[35],"tags":[521,523,3922,20036,19401],"class_list":["post-99864","post","type-post","status-publish","format-standard","has-post-thumbnail","hentry","category-nacionales","tag-acuerdo","tag-cooperacion","tag-defensa-civil","tag-proinfancia","tag-temporada-ciclonica-2025"],"jetpack_featured_media_url":"https:\/\/lasprimeras.com.do\/wp-content\/uploads\/2025\/05\/foto2.jpg","jetpack-related-posts":[{"id":98644,"url":"https:\/\/lasprimeras.com.do\/index.php\/2025\/05\/09\/rd-lidera-lanzamiento-de-la-temporada-ciclonica-2025-para-centroamerica-y-el-caribe\/","url_meta":{"origin":99864,"position":0},"title":"RD lidera lanzamiento de la Temporada Cicl\u00f3nica 2025 para Centroam\u00e9rica y el Caribe","author":"Nelson Feliz","date":"9 de mayo de 2025","format":false,"excerpt":"En calidad de presidente Pro-T\u00e9mpore del Centro de Coordinaci\u00f3n para la Prevenci\u00f3n de los Desastres en Am\u00e9rica Central y Rep\u00fablica Dominicana (CEPREDENAC), Juan Salas encabez\u00f3 el acto de apertura del lanzamiento regional del operativo para la Temporada Cicl\u00f3nica 2025. El evento se realiz\u00f3 los d\u00edas 7 y 8 de mayo,\u2026","rel":"","context":"En \u00abNACIONALES\u00bb","block_context":{"text":"NACIONALES","link":"https:\/\/lasprimeras.com.do\/index.php\/category\/nacionales\/"},"img":{"alt_text":"","src":"https:\/\/i0.wp.com\/lasprimeras.com.do\/wp-content\/uploads\/2025\/05\/juan-salas.jpg?resize=350%2C200&ssl=1","width":350,"height":200,"srcset":"https:\/\/i0.wp.com\/lasprimeras.com.do\/wp-content\/uploads\/2025\/05\/juan-salas.jpg?resize=350%2C200&ssl=1 1x, https:\/\/i0.wp.com\/lasprimeras.com.do\/wp-content\/uploads\/2025\/05\/juan-salas.jpg?resize=525%2C300&ssl=1 1.5x, https:\/\/i0.wp.com\/lasprimeras.com.do\/wp-content\/uploads\/2025\/05\/juan-salas.jpg?resize=700%2C400&ssl=1 2x"},"classes":[]},{"id":112395,"url":"https:\/\/lasprimeras.com.do\/index.php\/2025\/10\/22\/cne-y-defensa-civil-reciben-respaldo-regional-ante-paso-de-la-tormenta-melissa\/","url_meta":{"origin":99864,"position":1},"title":"CNE y Defensa Civil reciben respaldo regional ante paso de la tormenta Melissa","author":"Nelson Feliz","date":"22 de octubre de 2025","format":false,"excerpt":"La Comisi\u00f3n Nacional de Emergencias (CNE) y la Defensa Civil Dominicana recibieron la visita de Rymer P\u00e9rez, enlace estrat\u00e9gico entre la Rep\u00fablica Dominicana y el Centro de Coordinaci\u00f3n para la Prevenci\u00f3n de los Desastres en Am\u00e9rica Central y Rep\u00fablica Dominicana, con el objetivo de dar seguimiento a la trayectoria de\u2026","rel":"","context":"En \u00abNACIONALES\u00bb","block_context":{"text":"NACIONALES","link":"https:\/\/lasprimeras.com.do\/index.php\/category\/nacionales\/"},"img":{"alt_text":"","src":"https:\/\/i0.wp.com\/lasprimeras.com.do\/wp-content\/uploads\/2025\/10\/foto-prensa.jpg?resize=350%2C200&ssl=1","width":350,"height":200,"srcset":"https:\/\/i0.wp.com\/lasprimeras.com.do\/wp-content\/uploads\/2025\/10\/foto-prensa.jpg?resize=350%2C200&ssl=1 1x, https:\/\/i0.wp.com\/lasprimeras.com.do\/wp-content\/uploads\/2025\/10\/foto-prensa.jpg?resize=525%2C300&ssl=1 1.5x, https:\/\/i0.wp.com\/lasprimeras.com.do\/wp-content\/uploads\/2025\/10\/foto-prensa.jpg?resize=700%2C400&ssl=1 2x"},"classes":[]},{"id":83026,"url":"https:\/\/lasprimeras.com.do\/index.php\/2024\/05\/10\/iglesia-de-jesucristo-y-defensa-civil-colaboran-juntos-para-enfrentar-la-temporada-ciclonica\/","url_meta":{"origin":99864,"position":2},"title":"Iglesia de Jesucristo y Defensa Civil colaboran juntos para enfrentar la temporada cicl\u00f3nica","author":"BIMARY DE JES\u00daS Matos","date":"10 de mayo de 2024","format":false,"excerpt":"Santo Domingo, RD. - En un esfuerzo por fortalecer la preparaci\u00f3n y concientizaci\u00f3n ante situaciones de emergencia, La Iglesia de Jesucristo de los Santos de los \u00daltimos D\u00edas y la Defensa Civil se han unido para liderar iniciativas durante el mes de mayo que permitan orientar de cara a la\u2026","rel":"","context":"En \u00abNACIONALES\u00bb","block_context":{"text":"NACIONALES","link":"https:\/\/lasprimeras.com.do\/index.php\/category\/nacionales\/"},"img":{"alt_text":"","src":"https:\/\/i0.wp.com\/lasprimeras.com.do\/wp-content\/uploads\/2024\/05\/WhatsApp-Image-2024-05-10-at-11.43.08-AM.jpeg?resize=350%2C200&ssl=1","width":350,"height":200,"srcset":"https:\/\/i0.wp.com\/lasprimeras.com.do\/wp-content\/uploads\/2024\/05\/WhatsApp-Image-2024-05-10-at-11.43.08-AM.jpeg?resize=350%2C200&ssl=1 1x, https:\/\/i0.wp.com\/lasprimeras.com.do\/wp-content\/uploads\/2024\/05\/WhatsApp-Image-2024-05-10-at-11.43.08-AM.jpeg?resize=525%2C300&ssl=1 1.5x, https:\/\/i0.wp.com\/lasprimeras.com.do\/wp-content\/uploads\/2024\/05\/WhatsApp-Image-2024-05-10-at-11.43.08-AM.jpeg?resize=700%2C400&ssl=1 2x, https:\/\/i0.wp.com\/lasprimeras.com.do\/wp-content\/uploads\/2024\/05\/WhatsApp-Image-2024-05-10-at-11.43.08-AM.jpeg?resize=1050%2C600&ssl=1 3x, https:\/\/i0.wp.com\/lasprimeras.com.do\/wp-content\/uploads\/2024\/05\/WhatsApp-Image-2024-05-10-at-11.43.08-AM.jpeg?resize=1400%2C800&ssl=1 4x"},"classes":[]},{"id":111184,"url":"https:\/\/lasprimeras.com.do\/index.php\/2025\/10\/06\/mide-impulsa-cooperacion-internacional-en-formacion-digital-para-la-digev-junto-a-interlat-y-la-universidad-militar-nueva-granada\/","url_meta":{"origin":99864,"position":3},"title":"MIDE impulsa cooperaci\u00f3n internacional en formaci\u00f3n digital para la DIGEV junto a INTERLAT y la Universidad Militar Nueva Granada","author":"Nelson Feliz","date":"6 de octubre de 2025","format":false,"excerpt":"El Ministerio de Defensa de la Rep\u00fablica Dominicana (MIDE), a trav\u00e9s de la Direcci\u00f3n General de las Escuelas Vocacionales de las Fuerzas Armadas y de la Polic\u00eda Nacional (DIGEV), firm\u00f3 una carta de intenci\u00f3n de cooperaci\u00f3n con INTERLAT Colombia SAS y la Universidad Militar Nueva Granada (UMNG), con el prop\u00f3sito\u2026","rel":"","context":"En \u00abMILITARES\u00bb","block_context":{"text":"MILITARES","link":"https:\/\/lasprimeras.com.do\/index.php\/category\/militares\/"},"img":{"alt_text":"","src":"https:\/\/i0.wp.com\/lasprimeras.com.do\/wp-content\/uploads\/2025\/10\/cooperacion-internacional-1.jpg?resize=350%2C200&ssl=1","width":350,"height":200,"srcset":"https:\/\/i0.wp.com\/lasprimeras.com.do\/wp-content\/uploads\/2025\/10\/cooperacion-internacional-1.jpg?resize=350%2C200&ssl=1 1x, https:\/\/i0.wp.com\/lasprimeras.com.do\/wp-content\/uploads\/2025\/10\/cooperacion-internacional-1.jpg?resize=525%2C300&ssl=1 1.5x, https:\/\/i0.wp.com\/lasprimeras.com.do\/wp-content\/uploads\/2025\/10\/cooperacion-internacional-1.jpg?resize=700%2C400&ssl=1 2x"},"classes":[]},{"id":107999,"url":"https:\/\/lasprimeras.com.do\/index.php\/2025\/09\/02\/voluntariado-defensa-civil-fortalece-tecnicas-de-rescate-basico-en-campamento-region-este\/","url_meta":{"origin":99864,"position":4},"title":"Voluntariado Defensa Civil fortalece t\u00e9cnicas de rescate b\u00e1sico en campamento regi\u00f3n este","author":"Nelson Feliz","date":"2 de septiembre de 2025","format":false,"excerpt":"La Defensa Civil dominicana desarroll\u00f3 en Hig\u00fcey el \u201cCampamento de Fortalecimiento de Capacidades Voluntarios y Voluntarias Defensa Civil Regi\u00f3n Este\u201d, un espacio de conocimiento e intercambio de experiencias desarrollado durante dos d\u00edas en la oficina provincial de la entidad naranja, en la provincia tur\u00edstica, con el apoyo de Global Support\u2026","rel":"","context":"En \u00abNACIONALES\u00bb","block_context":{"text":"NACIONALES","link":"https:\/\/lasprimeras.com.do\/index.php\/category\/nacionales\/"},"img":{"alt_text":"","src":"https:\/\/i0.wp.com\/lasprimeras.com.do\/wp-content\/uploads\/2025\/09\/campamentoRegion-Este.jpg?resize=350%2C200&ssl=1","width":350,"height":200,"srcset":"https:\/\/i0.wp.com\/lasprimeras.com.do\/wp-content\/uploads\/2025\/09\/campamentoRegion-Este.jpg?resize=350%2C200&ssl=1 1x, https:\/\/i0.wp.com\/lasprimeras.com.do\/wp-content\/uploads\/2025\/09\/campamentoRegion-Este.jpg?resize=525%2C300&ssl=1 1.5x, https:\/\/i0.wp.com\/lasprimeras.com.do\/wp-content\/uploads\/2025\/09\/campamentoRegion-Este.jpg?resize=700%2C400&ssl=1 2x"},"classes":[]},{"id":116620,"url":"https:\/\/lasprimeras.com.do\/index.php\/2025\/12\/02\/mescyt-dncd-dni-y-sesi-fortalecen-cooperacion-academica-con-la-firma-de-un-nuevo-acuerdo-interinstitucional\/","url_meta":{"origin":99864,"position":5},"title":"MESCyT, DNCD, DNI y SESI fortalecen cooperaci\u00f3n acad\u00e9mica con la firma de un nuevo acuerdo interinstitucional","author":"Nelson Feliz","date":"2 de diciembre de 2025","format":false,"excerpt":"El Ministerio de Educaci\u00f3n Superior, Ciencia y Tecnolog\u00eda (MESCyT), la Direcci\u00f3n Nacional de Control de Drogas (DNCD), el Departamento Nacional de Investigaciones (DNI) y el Centro Universitario SESI, Escuela Internacional de Negocios de Zaragoza, Espa\u00f1a, firmaron un nuevo convenio espec\u00edfico de colaboraci\u00f3n que fortalece la capacitaci\u00f3n acad\u00e9mica del personal operativo\u2026","rel":"","context":"En \u00abNACIONALES\u00bb","block_context":{"text":"NACIONALES","link":"https:\/\/lasprimeras.com.do\/index.php\/category\/nacionales\/"},"img":{"alt_text":"Franklin Garc\u00eda Ferm\u00edn","src":"https:\/\/i0.wp.com\/lasprimeras.com.do\/wp-content\/uploads\/2025\/12\/Franklin-Garcia-Fermin-1.jpg?resize=350%2C200&ssl=1","width":350,"height":200,"srcset":"https:\/\/i0.wp.com\/lasprimeras.com.do\/wp-content\/uploads\/2025\/12\/Franklin-Garcia-Fermin-1.jpg?resize=350%2C200&ssl=1 1x, https:\/\/i0.wp.com\/lasprimeras.com.do\/wp-content\/uploads\/2025\/12\/Franklin-Garcia-Fermin-1.jpg?resize=525%2C300&ssl=1 1.5x, https:\/\/i0.wp.com\/lasprimeras.com.do\/wp-content\/uploads\/2025\/12\/Franklin-Garcia-Fermin-1.jpg?resize=700%2C400&ssl=1 2x"},"classes":[]}],"jetpack_sharing_enabled":true,"_links":{"self":[{"href":"https:\/\/lasprimeras.com.do\/index.php\/wp-json\/wp\/v2\/posts\/99864","targetHints":{"allow":["GET"]}}],"collection":[{"href":"https:\/\/lasprimeras.com.do\/index.php\/wp-json\/wp\/v2\/posts"}],"about":[{"href":"https:\/\/lasprimeras.com.do\/index.php\/wp-json\/wp\/v2\/types\/post"}],"author":[{"embeddable":true,"href":"https:\/\/lasprimeras.com.do\/index.php\/wp-json\/wp\/v2\/users\/10"}],"replies":[{"embeddable":true,"href":"https:\/\/lasprimeras.com.do\/index.php\/wp-json\/wp\/v2\/comments?post=99864"}],"version-history":[{"count":1,"href":"https:\/\/lasprimeras.com.do\/index.php\/wp-json\/wp\/v2\/posts\/99864\/revisions"}],"predecessor-version":[{"id":99866,"href":"https:\/\/lasprimeras.com.do\/index.php\/wp-json\/wp\/v2\/posts\/99864\/revisions\/99866"}],"wp:featuredmedia":[{"embeddable":true,"href":"https:\/\/lasprimeras.com.do\/index.php\/wp-json\/wp\/v2\/media\/99865"}],"wp:attachment":[{"href":"https:\/\/lasprimeras.com.do\/index.php\/wp-json\/wp\/v2\/media?parent=99864"}],"wp:term":[{"taxonomy":"category","embeddable":true,"href":"https:\/\/lasprimeras.com.do\/index.php\/wp-json\/wp\/v2\/categories?post=99864"},{"taxonomy":"post_tag","embeddable":true,"href":"https:\/\/lasprimeras.com.do\/index.php\/wp-json\/wp\/v2\/tags?post=99864"}],"curies":[{"name":"wp","href":"https:\/\/api.w.org\/{rel}","templated":true}]}}