{"id":99883,"date":"2025-05-28T11:38:54","date_gmt":"2025-05-28T15:38:54","guid":{"rendered":"https:\/\/lasprimeras.com.do\/?p=99883"},"modified":"2025-05-28T11:38:55","modified_gmt":"2025-05-28T15:38:55","slug":"robert-de-la-cruz-decision-provisional-del-tse-no-es-un-fallo-definitivo","status":"publish","type":"post","link":"https:\/\/lasprimeras.com.do\/index.php\/2025\/05\/28\/robert-de-la-cruz-decision-provisional-del-tse-no-es-un-fallo-definitivo\/","title":{"rendered":"Robert De La Cruz: Decisi\u00f3n provisional del TSE no es un fallo definitivo"},"content":{"rendered":"\n<p>El miembro del Comit\u00e9 Pol\u00edtico del Partido de la Liberaci\u00f3n Dominicana (PLD), Robert De La Cruz, quien en su condici\u00f3n de abogado particip\u00f3 en la audiencia del Tribunal Superior Electoral sobre la demanda en nulidad interpuesta contra decisiones del PLD.<\/p>\n\n\n\n<p>De La Cruz, explic\u00f3 que la resoluci\u00f3n adoptada por la alta corte, no constituye un fallo definitivo.<\/p>\n\n\n\n<p>\u201cLa resoluci\u00f3n emitida por el Tribunal Superior Electoral no constituye un fallo definitivo sobre la demanda en nulidad interpuesta contra decisiones del PLD\u201d, explic\u00f3 De La Cruz recurriendo a sus cuentas de redes sociales.<\/p>\n\n\n\n<p>Dijo que lo sucedido en la audiencia \u201cfue la adopci\u00f3n de una medida cautelar, con el \u00fanico prop\u00f3sito de suspender temporalmente la convocatoria del Comit\u00e9 Central prevista para el 8 de junio. Esta medida es provisional y busca evitar posibles efectos irreversibles mientras se eval\u00faa el fondo del caso\u201d.<\/p>\n\n\n\n<p>El dirigente politico, aclar\u00f3 que el Tribunal Superior Electoral a\u00fan no ha decidido sobre el contenido esencial de la demanda.<\/p>\n\n\n\n<p>\u201cEl juicio principal contin\u00faa abierto y el Tribunal se encuentra en etapa de deliberaci\u00f3n para emitir su sentencia final\u201d, expuso, invitando a evitar \u201cconfundir una decisi\u00f3n provisional con un fallo definitivo\u201d.<\/p>\n\n\n\n<p>Robert De La Cruz, precis\u00f3 que la decisi\u00f3n del TSE, hasta ahora, es una pausa preventiva, no una sentencia sobre la legalidad del proceso en discusi\u00f3n.<\/p>\n","protected":false},"excerpt":{"rendered":"<p>El miembro del Comit\u00e9 Pol\u00edtico del Partido de la Liberaci\u00f3n Dominicana (PLD), Robert De La Cruz, quien en su condici\u00f3n de abogado particip\u00f3 en la audiencia del Tribunal Superior Electoral&hellip;<\/p>\n","protected":false},"author":10,"featured_media":99884,"comment_status":"open","ping_status":"open","sticky":false,"template":"","format":"standard","meta":{"content-type":"","jetpack_post_was_ever_published":false,"_jetpack_newsletter_access":"","_jetpack_dont_email_post_to_subs":false,"_jetpack_newsletter_tier_id":0,"_jetpack_memberships_contains_paywalled_content":false,"_jetpack_memberships_contains_paid_content":false,"footnotes":""},"categories":[16559,25],"tags":[20047,2518,2689,5409,850],"class_list":["post-99883","post","type-post","status-publish","format-standard","has-post-thumbnail","hentry","category-politica","category-portada","tag-decision-provisional","tag-definitivo","tag-fallo","tag-robert-de-la-cruz","tag-tse"],"jetpack_featured_media_url":"https:\/\/lasprimeras.com.do\/wp-content\/uploads\/2025\/05\/Robert-de-la-Cruz-4.jpg","jetpack-related-posts":[{"id":54408,"url":"https:\/\/lasprimeras.com.do\/index.php\/2023\/07\/10\/tse-se-reserva-fallo-sobre-demanda-en-nulidad-convencion-ordinaria-del-prd\/","url_meta":{"origin":99883,"position":0},"title":"TSE se reserva fallo sobre demanda en nulidad Convenci\u00f3n Ordinaria del PRD","author":"Nelson Feliz","date":"10 de julio de 2023","format":false,"excerpt":"El Tribunal Superior Electoral (TSE) se reserv\u00f3 el fallo de la \"Demanda en Nulidad de la Convenci\u00f3n del Partido Revolucionario Dominicano (PRD)\". Los jueces, Ygnacio Pascual Camacho Hidalgo, presidente; Hermenegilda del Rosario Fondeur Ram\u00edrez; Rosa P\u00e9rez de Garc\u00eda; Pedro Pablo Y\u00e9rmenos Forastieri y Fernando Fern\u00e1ndez, otorgaron un plazo de 10\u2026","rel":"","context":"En \u00abPORTADA\u00bb","block_context":{"text":"PORTADA","link":"https:\/\/lasprimeras.com.do\/index.php\/category\/portada\/"},"img":{"alt_text":"Tribunal Superior Electoral","src":"https:\/\/i0.wp.com\/lasprimeras.com.do\/wp-content\/uploads\/2023\/07\/2.jpg?resize=350%2C200&ssl=1","width":350,"height":200,"srcset":"https:\/\/i0.wp.com\/lasprimeras.com.do\/wp-content\/uploads\/2023\/07\/2.jpg?resize=350%2C200&ssl=1 1x, https:\/\/i0.wp.com\/lasprimeras.com.do\/wp-content\/uploads\/2023\/07\/2.jpg?resize=525%2C300&ssl=1 1.5x, https:\/\/i0.wp.com\/lasprimeras.com.do\/wp-content\/uploads\/2023\/07\/2.jpg?resize=700%2C400&ssl=1 2x"},"classes":[]},{"id":66747,"url":"https:\/\/lasprimeras.com.do\/index.php\/2023\/11\/09\/tse-deja-en-estado-de-fallo-dos-acciones-contra-el-prm-y-jce\/","url_meta":{"origin":99883,"position":1},"title":"TSE deja en Estado de fallo dos acciones contra el PRM y JCE","author":"Nelson Feliz","date":"9 de noviembre de 2023","format":false,"excerpt":"El Tribunal Superior Electoral, dej\u00f3 en estado de fallo reservado dos procesos incoados contra el Partido Revolucionario Moderno (PRM) y la Junta Central Electoral. Un primer expediente es el n\u00famero TSE-01-0042-2023, sobre la Solicitud de Reconteo incoada por el se\u00f1or Abraham S\u00e1nchez Alc\u00e1ntara contra el Partido Revolucionario Moderno (PRM) y\u2026","rel":"","context":"En \u00abJUSTICIA\u00bb","block_context":{"text":"JUSTICIA","link":"https:\/\/lasprimeras.com.do\/index.php\/category\/justicia\/"},"img":{"alt_text":"TSE","src":"https:\/\/i0.wp.com\/lasprimeras.com.do\/wp-content\/uploads\/2023\/11\/TSE-1.jpg?resize=350%2C200&ssl=1","width":350,"height":200,"srcset":"https:\/\/i0.wp.com\/lasprimeras.com.do\/wp-content\/uploads\/2023\/11\/TSE-1.jpg?resize=350%2C200&ssl=1 1x, https:\/\/i0.wp.com\/lasprimeras.com.do\/wp-content\/uploads\/2023\/11\/TSE-1.jpg?resize=525%2C300&ssl=1 1.5x, https:\/\/i0.wp.com\/lasprimeras.com.do\/wp-content\/uploads\/2023\/11\/TSE-1.jpg?resize=700%2C400&ssl=1 2x"},"classes":[]},{"id":124491,"url":"https:\/\/lasprimeras.com.do\/index.php\/2026\/03\/13\/tse-aplaza-audiencia-sobre-nulidad-de-plenarios-en-fp\/","url_meta":{"origin":99883,"position":2},"title":"TSE aplaza audiencia sobre nulidad de plenarios en FP","author":"Nelson Feliz","date":"13 de marzo de 2026","format":false,"excerpt":"El Tribunal Superior Electoral aplaz\u00f3 para el martes 17 del presente mes, el conocimiento de la audiencia de la demanda en nulidad, recurso de impugnaci\u00f3n y medida cautelar contra el Partido Fuerza del Pueblo en Santo Domingo Norte, concediendo una pr\u00f3rroga de la comunicaci\u00f3n rec\u00edproca de documentos entre las partes.\u2026","rel":"","context":"En \u00abPOLITICA\u00bb","block_context":{"text":"POLITICA","link":"https:\/\/lasprimeras.com.do\/index.php\/category\/politica\/"},"img":{"alt_text":"","src":"https:\/\/i0.wp.com\/lasprimeras.com.do\/wp-content\/uploads\/2026\/03\/Audiencia-Publica-jueves-12-de-marzo-de-2026-1.jpg?resize=350%2C200&ssl=1","width":350,"height":200,"srcset":"https:\/\/i0.wp.com\/lasprimeras.com.do\/wp-content\/uploads\/2026\/03\/Audiencia-Publica-jueves-12-de-marzo-de-2026-1.jpg?resize=350%2C200&ssl=1 1x, https:\/\/i0.wp.com\/lasprimeras.com.do\/wp-content\/uploads\/2026\/03\/Audiencia-Publica-jueves-12-de-marzo-de-2026-1.jpg?resize=525%2C300&ssl=1 1.5x, https:\/\/i0.wp.com\/lasprimeras.com.do\/wp-content\/uploads\/2026\/03\/Audiencia-Publica-jueves-12-de-marzo-de-2026-1.jpg?resize=700%2C400&ssl=1 2x"},"classes":[]},{"id":103179,"url":"https:\/\/lasprimeras.com.do\/index.php\/2025\/07\/13\/pld-pospone-para-el-21-de-julio-decision-sobre-sentencia-del-tse\/","url_meta":{"origin":99883,"position":3},"title":"PLD pospone para el 21 de julio decisi\u00f3n sobre sentencia del TSE","author":"Nelson Feliz","date":"13 de julio de 2025","format":false,"excerpt":"El Comit\u00e9 Pol\u00edtico del Partido de la Liberaci\u00f3n Dominicana (PLD) inici\u00f3 el proceso de evaluaci\u00f3n de la reciente sentencia emitida por el Tribunal Superior Electoral (TSE), la cual podr\u00eda tener implicaciones directas sobre candidaturas presidenciales. La reuni\u00f3n, desarrollada en un ambiente de di\u00e1logo y respeto, fue aplazada para el pr\u00f3ximo\u2026","rel":"","context":"En \u00abPOLITICA\u00bb","block_context":{"text":"POLITICA","link":"https:\/\/lasprimeras.com.do\/index.php\/category\/politica\/"},"img":{"alt_text":"","src":"https:\/\/i0.wp.com\/lasprimeras.com.do\/wp-content\/uploads\/2025\/07\/Danilo-Medina.jpg-3.jpg?resize=350%2C200&ssl=1","width":350,"height":200,"srcset":"https:\/\/i0.wp.com\/lasprimeras.com.do\/wp-content\/uploads\/2025\/07\/Danilo-Medina.jpg-3.jpg?resize=350%2C200&ssl=1 1x, https:\/\/i0.wp.com\/lasprimeras.com.do\/wp-content\/uploads\/2025\/07\/Danilo-Medina.jpg-3.jpg?resize=525%2C300&ssl=1 1.5x, https:\/\/i0.wp.com\/lasprimeras.com.do\/wp-content\/uploads\/2025\/07\/Danilo-Medina.jpg-3.jpg?resize=700%2C400&ssl=1 2x"},"classes":[]},{"id":102810,"url":"https:\/\/lasprimeras.com.do\/index.php\/2025\/07\/08\/johnny-pujols-comite-politico-del-pld-conocera-sentencia-del-tse\/","url_meta":{"origin":99883,"position":4},"title":"Johnny Pujols: Comit\u00e9 Pol\u00edtico del PLD conocer\u00e1 sentencia del TSE","author":"Nelson Feliz","date":"8 de julio de 2025","format":false,"excerpt":"Secretario General del PLD ratifica convocatoria del Comit\u00e9 Pol\u00edtico para el pr\u00f3ximo jueves en horas de la ma\u00f1ana. El Comit\u00e9 Pol\u00edtico del Partido de la Liberaci\u00f3n dominicana se reunir\u00e1 el pr\u00f3ximo jueves para analizar la sentencia del Tribunal Superior Electoral (TSE-01-0010-2025) sobre las aspiraciones a precandidaturas presidencial. La informaci\u00f3n fue\u2026","rel":"","context":"En \u00abPOLITICA\u00bb","block_context":{"text":"POLITICA","link":"https:\/\/lasprimeras.com.do\/index.php\/category\/politica\/"},"img":{"alt_text":"","src":"https:\/\/i0.wp.com\/lasprimeras.com.do\/wp-content\/uploads\/2025\/05\/Johnny-Pujols-2.jpg?resize=350%2C200&ssl=1","width":350,"height":200,"srcset":"https:\/\/i0.wp.com\/lasprimeras.com.do\/wp-content\/uploads\/2025\/05\/Johnny-Pujols-2.jpg?resize=350%2C200&ssl=1 1x, https:\/\/i0.wp.com\/lasprimeras.com.do\/wp-content\/uploads\/2025\/05\/Johnny-Pujols-2.jpg?resize=525%2C300&ssl=1 1.5x, https:\/\/i0.wp.com\/lasprimeras.com.do\/wp-content\/uploads\/2025\/05\/Johnny-Pujols-2.jpg?resize=700%2C400&ssl=1 2x"},"classes":[]},{"id":70924,"url":"https:\/\/lasprimeras.com.do\/index.php\/2023\/12\/15\/tse-anula-decima-octava-reunion-ordinaria-del-comite-central-de-la-udc\/","url_meta":{"origin":99883,"position":5},"title":"TSE anula d\u00e9cima octava reuni\u00f3n ordinaria del comit\u00e9 central de la UDC","author":"Nelson Feliz","date":"15 de diciembre de 2023","format":false,"excerpt":"El Tribunal Superior Electoral (TSE) anul\u00f3 la d\u00e9cima octava reuni\u00f3n ordinaria del comit\u00e9 central del Partido Uni\u00f3n Dem\u00f3crata Cristiana (UDC), realizada el pasado 8 de octubre del 2023. \u201cACOGE en cuanto al fondo la indicada demanda, en consecuencia, anula en todas sus partes y con todas sus consecuencias jur\u00eddicas, la\u2026","rel":"","context":"En \u00abNACIONALES\u00bb","block_context":{"text":"NACIONALES","link":"https:\/\/lasprimeras.com.do\/index.php\/category\/nacionales\/"},"img":{"alt_text":"PLENO TSE","src":"https:\/\/i0.wp.com\/lasprimeras.com.do\/wp-content\/uploads\/2023\/12\/PLENO-TSE.jpg?resize=350%2C200&ssl=1","width":350,"height":200,"srcset":"https:\/\/i0.wp.com\/lasprimeras.com.do\/wp-content\/uploads\/2023\/12\/PLENO-TSE.jpg?resize=350%2C200&ssl=1 1x, https:\/\/i0.wp.com\/lasprimeras.com.do\/wp-content\/uploads\/2023\/12\/PLENO-TSE.jpg?resize=525%2C300&ssl=1 1.5x, https:\/\/i0.wp.com\/lasprimeras.com.do\/wp-content\/uploads\/2023\/12\/PLENO-TSE.jpg?resize=700%2C400&ssl=1 2x"},"classes":[]}],"jetpack_sharing_enabled":true,"_links":{"self":[{"href":"https:\/\/lasprimeras.com.do\/index.php\/wp-json\/wp\/v2\/posts\/99883","targetHints":{"allow":["GET"]}}],"collection":[{"href":"https:\/\/lasprimeras.com.do\/index.php\/wp-json\/wp\/v2\/posts"}],"about":[{"href":"https:\/\/lasprimeras.com.do\/index.php\/wp-json\/wp\/v2\/types\/post"}],"author":[{"embeddable":true,"href":"https:\/\/lasprimeras.com.do\/index.php\/wp-json\/wp\/v2\/users\/10"}],"replies":[{"embeddable":true,"href":"https:\/\/lasprimeras.com.do\/index.php\/wp-json\/wp\/v2\/comments?post=99883"}],"version-history":[{"count":1,"href":"https:\/\/lasprimeras.com.do\/index.php\/wp-json\/wp\/v2\/posts\/99883\/revisions"}],"predecessor-version":[{"id":99885,"href":"https:\/\/lasprimeras.com.do\/index.php\/wp-json\/wp\/v2\/posts\/99883\/revisions\/99885"}],"wp:featuredmedia":[{"embeddable":true,"href":"https:\/\/lasprimeras.com.do\/index.php\/wp-json\/wp\/v2\/media\/99884"}],"wp:attachment":[{"href":"https:\/\/lasprimeras.com.do\/index.php\/wp-json\/wp\/v2\/media?parent=99883"}],"wp:term":[{"taxonomy":"category","embeddable":true,"href":"https:\/\/lasprimeras.com.do\/index.php\/wp-json\/wp\/v2\/categories?post=99883"},{"taxonomy":"post_tag","embeddable":true,"href":"https:\/\/lasprimeras.com.do\/index.php\/wp-json\/wp\/v2\/tags?post=99883"}],"curies":[{"name":"wp","href":"https:\/\/api.w.org\/{rel}","templated":true}]}}