{"id":99886,"date":"2025-05-28T12:00:57","date_gmt":"2025-05-28T16:00:57","guid":{"rendered":"https:\/\/lasprimeras.com.do\/?p=99886"},"modified":"2025-05-28T12:00:59","modified_gmt":"2025-05-28T16:00:59","slug":"margarita-cedeno-se-requiere-reglas-claras-e-informacion-confiable-sobre-el-pacto-nacional-migratorio","status":"publish","type":"post","link":"https:\/\/lasprimeras.com.do\/index.php\/2025\/05\/28\/margarita-cedeno-se-requiere-reglas-claras-e-informacion-confiable-sobre-el-pacto-nacional-migratorio\/","title":{"rendered":"Margarita Cede\u00f1o: se requiere reglas claras e informaci\u00f3n confiable sobre el Pacto Nacional Migratorio"},"content":{"rendered":"\n<p>La ex vicepresidenta de la Rep\u00fablica e integrante del Comit\u00e9 Pol\u00edtico del Partido de la Liberaci\u00f3n Dominicana (PLD), Margarita Cede\u00f1o, considera que para un Pacto Nacional se requiere m\u00e1s que discursos, un m\u00e9todo para una conversaci\u00f3n real, democr\u00e1tica y de compromiso.<\/p>\n\n\n\n<p>Cede\u00f1o, sostuvo que el debate a prop\u00f3sito del encuentro del Presidente Luis Abinader con los ex presidentes Danilo Medina, Leonel Fern\u00e1ndez e Hip\u00f3lito Mej\u00eda, para tratar el Pacto Nacional requiere de algo m\u00e1s que discursos.<\/p>\n\n\n\n<p>Su afirmaci\u00f3n se resalta en el art\u00edculo Migraci\u00f3n y Pacto Nacional, publicado en el List\u00edn Diario y Vanguardia del Pueblo en el que afirma que tanto el Gobierno, como los actores convocados deben asumir con responsabilidad el dise\u00f1o de un m\u00e9todo p\u00fablico y vinculante de discusi\u00f3n, con tiempos definidos, criterios de aprobaci\u00f3n, mecanismos de seguimiento y garant\u00eda de cumplimiento, entre otras condiciones previas.<\/p>\n\n\n\n<p>Tambi\u00e9n asegurar el acceso a toda la documentaci\u00f3n relevante, especialmente el an\u00e1lisis jur\u00eddico-constitucional y; garantizar una participaci\u00f3n plural e intergeneracional, que incluya organizaciones juveniles, acad\u00e9micas, empresariales, sindicales, comunidades religiosas y actores territoriales, agreg\u00f3 Cede\u00f1o partiendo de la cercan\u00eda de la convocatoria del Consejo Econ\u00f3mico y Social (CES) para debatir el tema.<\/p>\n\n\n\n<p>Considera que sin m\u00e9todo no hay di\u00e1logo, sin pluralidad no habr\u00e1 legitimidad y sin informaci\u00f3n no hay decisi\u00f3n racional y sostenible.<\/p>\n\n\n\n<p>\u201cLa construcci\u00f3n de un Pacto Nacional sobre el asunto migratorio requiere m\u00e1s que discursos, requiere de un m\u00e9todo, de una conversaci\u00f3n real, de coraje democr\u00e1tico y compromiso con la verdad\u201d.<\/p>\n\n\n\n<p>Subraya que la intenci\u00f3n parece loable, pues se busca poner sobre la mesa un tema crucial para el presente y futuro de la Rep\u00fablica Dominicana, que toca aspectos de soberan\u00eda, derechos humanos, seguridad, desarrollo y convivencia.<\/p>\n\n\n\n<p>\u201cSin embargo, la experiencia y la prudencia nos obligan a ir m\u00e1s all\u00e1 de la buena voluntad. No basta con convocar, resulta imperativo dotar de legitimidad, m\u00e9todo y transparencia cualquier intento de di\u00e1logo nacional sobre un tema tan sensible y a veces controversial, como lo es el tema migratorio\u201d, escribe Cede\u00f1o.<\/p>\n\n\n\n<p>Sostiene que los temas que tocan la soberan\u00eda movilizan emociones profundas, apelan a identidades colectivas, generan tensiones entre sectores sociales y activan mecanismos de defensa nacional que muchas veces resultan en extremismos, acu\u00f1ando el miedo o el odio, la xenofobia o la negaci\u00f3n.<\/p>\n\n\n\n<p>\u201cPor eso, toda discusi\u00f3n sobre pol\u00edtica migratoria requiere reglas claras, informaci\u00f3n confiable y una narrativa com\u00fan de respeto institucional\u201d, afirma.<\/p>\n","protected":false},"excerpt":{"rendered":"<p>La ex vicepresidenta de la Rep\u00fablica e integrante del Comit\u00e9 Pol\u00edtico del Partido de la Liberaci\u00f3n Dominicana (PLD), Margarita Cede\u00f1o, considera que para un Pacto Nacional se requiere m\u00e1s que&hellip;<\/p>\n","protected":false},"author":10,"featured_media":99887,"comment_status":"open","ping_status":"open","sticky":false,"template":"","format":"standard","meta":{"content-type":"","jetpack_post_was_ever_published":false,"_jetpack_newsletter_access":"","_jetpack_dont_email_post_to_subs":false,"_jetpack_newsletter_tier_id":0,"_jetpack_memberships_contains_paywalled_content":false,"_jetpack_memberships_contains_paid_content":false,"footnotes":""},"categories":[16559,25],"tags":[20048,10749,20049,18573],"class_list":["post-99886","post","type-post","status-publish","format-standard","has-post-thumbnail","hentry","category-politica","category-portada","tag-informacion-confiable","tag-margarita-cedeno","tag-pacto-nacional-migratorio","tag-reglas-claras"],"jetpack_featured_media_url":"https:\/\/lasprimeras.com.do\/wp-content\/uploads\/2025\/05\/Margarita-Cedeno99.jpg","jetpack-related-posts":[{"id":98850,"url":"https:\/\/lasprimeras.com.do\/index.php\/2025\/05\/13\/margarita-cedeno-dialogo-de-dimension-institucional-relevante\/","url_meta":{"origin":99886,"position":0},"title":"Margarita Cede\u00f1o: Di\u00e1logo de dimensi\u00f3n institucional relevante","author":"Nelson Feliz","date":"13 de mayo de 2025","format":false,"excerpt":"La ex Vicepresidenta, Margarita Cede\u00f1o, saluda el di\u00e1logo del Presidente de la Rep\u00fablica con ex presidentes. Dice que construye consensos y previene conflictos. La ex vicepresidenta de la Rep\u00fablica, Margarita Cede\u00f1o , aclar\u00f3 este d\u00eda que el di\u00e1logo de alto nivel no es una debilidad de los gobiernos democr\u00e1ticos, al\u2026","rel":"","context":"En \u00abPOLITICA\u00bb","block_context":{"text":"POLITICA","link":"https:\/\/lasprimeras.com.do\/index.php\/category\/politica\/"},"img":{"alt_text":"Margarita Cede\u00f1o","src":"https:\/\/i0.wp.com\/lasprimeras.com.do\/wp-content\/uploads\/2025\/05\/Margarita-Cedeno.jpg?resize=350%2C200&ssl=1","width":350,"height":200,"srcset":"https:\/\/i0.wp.com\/lasprimeras.com.do\/wp-content\/uploads\/2025\/05\/Margarita-Cedeno.jpg?resize=350%2C200&ssl=1 1x, https:\/\/i0.wp.com\/lasprimeras.com.do\/wp-content\/uploads\/2025\/05\/Margarita-Cedeno.jpg?resize=525%2C300&ssl=1 1.5x, https:\/\/i0.wp.com\/lasprimeras.com.do\/wp-content\/uploads\/2025\/05\/Margarita-Cedeno.jpg?resize=700%2C400&ssl=1 2x"},"classes":[]},{"id":126070,"url":"https:\/\/lasprimeras.com.do\/index.php\/2026\/03\/29\/margarita-cedeno-el-gobierno-desconectado-de-las-necesidades-de-la-poblacion\/","url_meta":{"origin":99886,"position":1},"title":"Margarita Cede\u00f1o: El Gobierno desconectado de las necesidades de la poblaci\u00f3n","author":"Nelson Feliz","date":"29 de marzo de 2026","format":false,"excerpt":"La ex vicepresidenta, Margarita Cede\u00f1o, define al PLD como el partido que s\u00ed sabe trabajar en beneficio del pueblo dominicano. La ex vicepresidenta de la Rep\u00fablica, Margarita Cede\u00f1o cuestion\u00f3 la gesti\u00f3n de gobierno del PRM, se\u00f1alando una desconexi\u00f3n con las necesidades de la poblaci\u00f3n, planteando que el pa\u00eds est\u00e1 enfrentando\u2026","rel":"","context":"En \u00abPOLITICA\u00bb","block_context":{"text":"POLITICA","link":"https:\/\/lasprimeras.com.do\/index.php\/category\/politica\/"},"img":{"alt_text":"Margarita Cede\u00f1o","src":"https:\/\/i0.wp.com\/lasprimeras.com.do\/wp-content\/uploads\/2026\/03\/Margarita-Cedeno.jpg?resize=350%2C200&ssl=1","width":350,"height":200,"srcset":"https:\/\/i0.wp.com\/lasprimeras.com.do\/wp-content\/uploads\/2026\/03\/Margarita-Cedeno.jpg?resize=350%2C200&ssl=1 1x, https:\/\/i0.wp.com\/lasprimeras.com.do\/wp-content\/uploads\/2026\/03\/Margarita-Cedeno.jpg?resize=525%2C300&ssl=1 1.5x, https:\/\/i0.wp.com\/lasprimeras.com.do\/wp-content\/uploads\/2026\/03\/Margarita-Cedeno.jpg?resize=700%2C400&ssl=1 2x"},"classes":[]},{"id":126795,"url":"https:\/\/lasprimeras.com.do\/index.php\/2026\/04\/05\/mensaje-de-margarita-cedeno-a-los-periodistas-en-su-dia-video\/","url_meta":{"origin":99886,"position":2},"title":"Mensaje de Margarita Cede\u00f1o a los periodistas en su dia | Video","author":"Nelson Feliz","date":"5 de abril de 2026","format":false,"excerpt":"La ex vicepresidenta de la Rep\u00fablica, Margarita Cede\u00f1o, resalt\u00f3 la integridad, valent\u00eda y \u00e9tica como pilares del ejercicio period\u00edstico. \u201cFelicito en especial a quienes ejercen esta profesi\u00f3n con integridad, valent\u00eda y un compromiso inquebrantable con la verdad\u201d, escribi\u00f3 en sus cuentas de redes sociales a prop\u00f3sito del D\u00eda Nacional del\u2026","rel":"","context":"En \u00abPOLITICA\u00bb","block_context":{"text":"POLITICA","link":"https:\/\/lasprimeras.com.do\/index.php\/category\/politica\/"},"img":{"alt_text":"Margarita Cede\u00f1o","src":"https:\/\/i0.wp.com\/lasprimeras.com.do\/wp-content\/uploads\/2026\/04\/Margarita-Cedeno-4.jpg?resize=350%2C200&ssl=1","width":350,"height":200,"srcset":"https:\/\/i0.wp.com\/lasprimeras.com.do\/wp-content\/uploads\/2026\/04\/Margarita-Cedeno-4.jpg?resize=350%2C200&ssl=1 1x, https:\/\/i0.wp.com\/lasprimeras.com.do\/wp-content\/uploads\/2026\/04\/Margarita-Cedeno-4.jpg?resize=525%2C300&ssl=1 1.5x, https:\/\/i0.wp.com\/lasprimeras.com.do\/wp-content\/uploads\/2026\/04\/Margarita-Cedeno-4.jpg?resize=700%2C400&ssl=1 2x"},"classes":[]},{"id":106345,"url":"https:\/\/lasprimeras.com.do\/index.php\/2025\/08\/13\/margarita-cedeno-expone-en-foro-onu-mujeres\/","url_meta":{"origin":99886,"position":3},"title":"Margarita Cede\u00f1o expone en foro ONU Mujeres","author":"Nelson Feliz","date":"13 de agosto de 2025","format":false,"excerpt":"Exvicepresidenta llama a legislar por sistemas de cuidados que impulsen el desarrollo humano y econ\u00f3mico. La exvicepresidenta de la Rep\u00fablica Dominicana y miembro del Comit\u00e9 Pol\u00edtico del Partido de la Liberaci\u00f3n Dominicana, Margarita Cede\u00f1o, destac\u00f3 la urgencia de reconocer el trabajo de cuidados como un derecho humano, un bien p\u00fablico\u2026","rel":"","context":"En \u00abPOLITICA\u00bb","block_context":{"text":"POLITICA","link":"https:\/\/lasprimeras.com.do\/index.php\/category\/politica\/"},"img":{"alt_text":"","src":"https:\/\/i0.wp.com\/lasprimeras.com.do\/wp-content\/uploads\/2025\/08\/Margarita-ONU.jpg?resize=350%2C200&ssl=1","width":350,"height":200,"srcset":"https:\/\/i0.wp.com\/lasprimeras.com.do\/wp-content\/uploads\/2025\/08\/Margarita-ONU.jpg?resize=350%2C200&ssl=1 1x, https:\/\/i0.wp.com\/lasprimeras.com.do\/wp-content\/uploads\/2025\/08\/Margarita-ONU.jpg?resize=525%2C300&ssl=1 1.5x, https:\/\/i0.wp.com\/lasprimeras.com.do\/wp-content\/uploads\/2025\/08\/Margarita-ONU.jpg?resize=700%2C400&ssl=1 2x"},"classes":[]},{"id":107371,"url":"https:\/\/lasprimeras.com.do\/index.php\/2025\/08\/26\/margarita-cedeno-en-2012-2020-millones-salieron-de-la-pobreza-en-2020-2025-miles-sienten-que-han-vuelto-a-caer-en-ella\/","url_meta":{"origin":99886,"position":4},"title":"Margarita Cede\u00f1o: \u00abEn 2012\u20132020, millones salieron de la pobreza. En 2020\u20132025, miles sienten que han vuelto a caer en ella\u201d","author":"Nelson Feliz","date":"26 de agosto de 2025","format":false,"excerpt":"Para la ex vicepresidenta de la Rep\u00fablica, Margarita Cede\u00f1o, el alto costo de la canasta alimenticia y que desde el Gobierno se conciba los gastos sociales como un veh\u00edculo de propaganda, entre otros aspectos, es una muestra del retroceso que ha vivido el pa\u00eds en los \u00faltimos cinco a\u00f1os. \u201cCinco\u2026","rel":"","context":"En \u00abPOLITICA\u00bb","block_context":{"text":"POLITICA","link":"https:\/\/lasprimeras.com.do\/index.php\/category\/politica\/"},"img":{"alt_text":"","src":"https:\/\/i0.wp.com\/lasprimeras.com.do\/wp-content\/uploads\/2025\/08\/Margarita-Cedeno.jpg?resize=350%2C200&ssl=1","width":350,"height":200,"srcset":"https:\/\/i0.wp.com\/lasprimeras.com.do\/wp-content\/uploads\/2025\/08\/Margarita-Cedeno.jpg?resize=350%2C200&ssl=1 1x, https:\/\/i0.wp.com\/lasprimeras.com.do\/wp-content\/uploads\/2025\/08\/Margarita-Cedeno.jpg?resize=525%2C300&ssl=1 1.5x, https:\/\/i0.wp.com\/lasprimeras.com.do\/wp-content\/uploads\/2025\/08\/Margarita-Cedeno.jpg?resize=700%2C400&ssl=1 2x"},"classes":[]},{"id":117864,"url":"https:\/\/lasprimeras.com.do\/index.php\/2025\/12\/16\/margarita-cedeno-caso-senasa-es-una-arquitectura-delincuencial\/","url_meta":{"origin":99886,"position":5},"title":"Margarita Cede\u00f1o: Caso SeNaSa es una arquitectura delincuencial","author":"Nelson Feliz","date":"16 de diciembre de 2025","format":false,"excerpt":"Margarita Cede\u00f1o: \u201cCon un sistema de salud tipo bot\u00edn el ciudadano com\u00fan termina pagando dos veces, con sus impuestos y con la vida\u201d. La ex vicepresidenta de la Rep\u00fablica, Margarita Cede\u00f1o, hizo referencia al caso SeNaSa este d\u00eda afirmando que \u201csi las acusaciones del Ministerio P\u00fablico se sostienen en tribunal,\u2026","rel":"","context":"En \u00abPOLITICA\u00bb","block_context":{"text":"POLITICA","link":"https:\/\/lasprimeras.com.do\/index.php\/category\/politica\/"},"img":{"alt_text":"Margarita Cede\u00f1o","src":"https:\/\/i0.wp.com\/lasprimeras.com.do\/wp-content\/uploads\/2025\/12\/Margarita-Cedeno.jpg?resize=350%2C200&ssl=1","width":350,"height":200,"srcset":"https:\/\/i0.wp.com\/lasprimeras.com.do\/wp-content\/uploads\/2025\/12\/Margarita-Cedeno.jpg?resize=350%2C200&ssl=1 1x, https:\/\/i0.wp.com\/lasprimeras.com.do\/wp-content\/uploads\/2025\/12\/Margarita-Cedeno.jpg?resize=525%2C300&ssl=1 1.5x, https:\/\/i0.wp.com\/lasprimeras.com.do\/wp-content\/uploads\/2025\/12\/Margarita-Cedeno.jpg?resize=700%2C400&ssl=1 2x"},"classes":[]}],"jetpack_sharing_enabled":true,"_links":{"self":[{"href":"https:\/\/lasprimeras.com.do\/index.php\/wp-json\/wp\/v2\/posts\/99886","targetHints":{"allow":["GET"]}}],"collection":[{"href":"https:\/\/lasprimeras.com.do\/index.php\/wp-json\/wp\/v2\/posts"}],"about":[{"href":"https:\/\/lasprimeras.com.do\/index.php\/wp-json\/wp\/v2\/types\/post"}],"author":[{"embeddable":true,"href":"https:\/\/lasprimeras.com.do\/index.php\/wp-json\/wp\/v2\/users\/10"}],"replies":[{"embeddable":true,"href":"https:\/\/lasprimeras.com.do\/index.php\/wp-json\/wp\/v2\/comments?post=99886"}],"version-history":[{"count":1,"href":"https:\/\/lasprimeras.com.do\/index.php\/wp-json\/wp\/v2\/posts\/99886\/revisions"}],"predecessor-version":[{"id":99888,"href":"https:\/\/lasprimeras.com.do\/index.php\/wp-json\/wp\/v2\/posts\/99886\/revisions\/99888"}],"wp:featuredmedia":[{"embeddable":true,"href":"https:\/\/lasprimeras.com.do\/index.php\/wp-json\/wp\/v2\/media\/99887"}],"wp:attachment":[{"href":"https:\/\/lasprimeras.com.do\/index.php\/wp-json\/wp\/v2\/media?parent=99886"}],"wp:term":[{"taxonomy":"category","embeddable":true,"href":"https:\/\/lasprimeras.com.do\/index.php\/wp-json\/wp\/v2\/categories?post=99886"},{"taxonomy":"post_tag","embeddable":true,"href":"https:\/\/lasprimeras.com.do\/index.php\/wp-json\/wp\/v2\/tags?post=99886"}],"curies":[{"name":"wp","href":"https:\/\/api.w.org\/{rel}","templated":true}]}}