{"id":99889,"date":"2025-05-28T12:21:21","date_gmt":"2025-05-28T16:21:21","guid":{"rendered":"https:\/\/lasprimeras.com.do\/?p=99889"},"modified":"2025-05-28T12:21:23","modified_gmt":"2025-05-28T16:21:23","slug":"ministro-de-trabajo-garantiza-entrega-transparente-del-bono-navideno-a-portuarios","status":"publish","type":"post","link":"https:\/\/lasprimeras.com.do\/index.php\/2025\/05\/28\/ministro-de-trabajo-garantiza-entrega-transparente-del-bono-navideno-a-portuarios\/","title":{"rendered":"Ministro de Trabajo garantiza entrega transparente del bono navide\u00f1o a portuarios"},"content":{"rendered":"\n<p><strong>Eddy Olivares exhort\u00f3 a los trabajadores proteger esa conquista con transparencia, justicia y participaci\u00f3n en cada puerto.<\/strong><\/p>\n\n\n\n<p>El ministro de Trabajo, Eddy Olivares, asegur\u00f3 que el Gobierno entregar\u00e1 el bono navide\u00f1o completo y no permitir\u00e1 los arbitrarios y abusivos descuentos que tradicionalmente le hacen algunos sindicatos.<\/p>\n\n\n\n<p>Olivares ofreci\u00f3 estas declaraciones tras encabezar un un acto celebrado en el polideportivo Bartolom\u00e9 Olegario P\u00e9rez de Azua, al que asistieron cientos de trabajadores de los puertos y l\u00edderes comunitarios locales.<\/p>\n\n\n\n<p>El funcionario calific\u00f3 como \u201cirrazonable e inaceptable\u201d la retenci\u00f3n de hasta 4,500 pesos del aporte estatal por parte de algunos sindicatos, lo que consider\u00f3 perjudicial para los empleados.<\/p>\n\n\n\n<p>Olivares adverti\u00f3 que \u201cbajo ninguna circunstancia se permitir\u00e1 que se apliquen descuentos a este beneficio, fruto del esfuerzo y la dedicaci\u00f3n de todos ustedes\u201d.<\/p>\n\n\n\n<p>En ese sentido, manifest\u00f3 que la decisi\u00f3n de entregar el bono sin recortes ya se hab\u00eda tomado antes de la reciente sentencia judicial, la cual viene a reforzar a\u00fan m\u00e1s su ejecuci\u00f3n.<\/p>\n\n\n\n<p>\u201cEse dinero es para ustedes, los trabajadores, y no se permitir\u00e1 ning\u00fan tipo de descuento abusivo por parte de ninguna instituci\u00f3n ni asociaci\u00f3n\u201d, afirm\u00f3.<\/p>\n\n\n\n<p>El ministro de Trabajo anunci\u00f3 que se implementar\u00e1n mecanismos de verificaci\u00f3n estrictos y transparentes para garantizar la legalidad de cada beneficiario.<\/p>\n\n\n\n<p>Asegura la transparencia en el proceso de entrega del primer bono legal del pais, en cumplimiento de la Ley 199-02 y la Resoluci\u00f3n N\u00fam. 002-2018, suscrita por los ministerios de Hacienda, Trabajo y la Autoridad Portuaria Dominicana.<\/p>\n\n\n\n<p>Dicha medida beneficia a m\u00e1s de 5,000 trabajadores portuarios en Azua y cerca de 32,000 a nivel nacional, quienes recibir\u00e1n un monto de 7,676.25 pesos sin que les arrebaten una parte.<\/p>\n\n\n\n<p>Olivares aprovech\u00f3 la ocasi\u00f3n para reafirmar que la sindicalizaci\u00f3n es un derecho leg\u00edtimo, pero que los gremios deben actuar siempre dentro del marco legal y sin abusar de los derechos de sus miembros.<\/p>\n\n\n\n<figure class=\"wp-block-image size-full is-resized\"><img decoding=\"async\" width=\"700\" height=\"466\" src=\"https:\/\/lasprimeras.com.do\/wp-content\/uploads\/2025\/05\/Eddy-Olivares-2.jpg\" alt=\"\" class=\"wp-image-99891\" style=\"width:740px;height:auto\" srcset=\"https:\/\/lasprimeras.com.do\/wp-content\/uploads\/2025\/05\/Eddy-Olivares-2.jpg 700w, https:\/\/lasprimeras.com.do\/wp-content\/uploads\/2025\/05\/Eddy-Olivares-2-300x200.jpg 300w\" sizes=\"(max-width: 700px) 100vw, 700px\" \/><\/figure>\n\n\n\n<p>\u201cLos sindicatos no ser\u00e1n objeto de interferencia, pero deben actuar con razonabilidad y respeto a las leyes\u201d, expres\u00f3 Olivares, al tiempo que exhort\u00f3 a los trabajadores a proteger \u201cesta conquista hist\u00f3rica con transparencia, justicia y participaci\u00f3n activa en cada puerto\u201d.<\/p>\n\n\n\n<p>Durante el acto, el diputado Julio C\u00e9sar Beltr\u00e9 M\u00e9ndez, quien ha acompa\u00f1ado a los trabajadores portuarios a favor de la entrega \u00edntegra de los bonos agradeci\u00f3 la respuesta del Ministerio de Trabajo y del presidente Luis Abinader, destacando que la intervenci\u00f3n fue producto de una conversaci\u00f3n informal en el Congreso.<\/p>\n\n\n\n<p>\u201cMe encontr\u00e9 por casualidad con Eddy Olivares, y me dijo: \u2018Conv\u00f3came a la gente para decirles que no est\u00e1n solos, que cuentan con el apoyo del Presidente y el Ministerio de Trabajo\u2019\u201d, relat\u00f3.<\/p>\n\n\n\n<p>El ministro de Trabajo, Eddy Olivares, encabez\u00f3 la ceremonia, acompa\u00f1ado por altas autoridades de la instituci\u00f3n, entre ellas el viceministro Juli\u00e1n Mateo; el asesor en Inspecci\u00f3n, Juan Ram\u00f3n Ventura; el representante del \u00e1rea de Inspecci\u00f3n, Yuri Ruiz Villalona; y el asistente del ministro, Humberto Ramos, entre otras importantes personalidades.<\/p>\n\n\n\n<p>La C\u00e1mara Civil, Comercial y de Trabajo del Juzgado de Primera Instancia del Distrito Judicial de Azua, a trav\u00e9s de la sentencia n\u00fam. 0478-2025-SSEN-00010, acogi\u00f3 parcialmente una Acci\u00f3n de Amparo interpuesta por trabajadores portuarios de esta provincia, tras considerar que se han vulnerado sus derechos fundamentales con la retenci\u00f3n indebida de parte del bono navide\u00f1o.<\/p>\n\n\n\n<p>En dicha decisi\u00f3n, el tribunal determin\u00f3 que la exclusi\u00f3n de algunos trabajadores del pago del referido aporte estatal, sin que se les haya dado oportunidad de defenderse, lo que constituye una violaci\u00f3n al debido proceso.<\/p>\n\n\n\n<p>Adem\u00e1s, se consider\u00f3 como agravante el hecho de que las directivas sindicales, al momento de gestionar el pago del bono, retuvieron sumas de dinero bajo el alegato de una cuota obligatoria de RD$100.00 por afiliaci\u00f3n sindical, en contra del derecho fundamental de asociaci\u00f3n consagrado en el art\u00edculo 47 de la Constituci\u00f3n Dominicana.<\/p>\n","protected":false},"excerpt":{"rendered":"<p>Eddy Olivares exhort\u00f3 a los trabajadores proteger esa conquista con transparencia, justicia y participaci\u00f3n en cada puerto. El ministro de Trabajo, Eddy Olivares, asegur\u00f3 que el Gobierno entregar\u00e1 el bono&hellip;<\/p>\n","protected":false},"author":10,"featured_media":99890,"comment_status":"open","ping_status":"open","sticky":false,"template":"","format":"standard","meta":{"content-type":"","jetpack_post_was_ever_published":false,"_jetpack_newsletter_access":"","_jetpack_dont_email_post_to_subs":false,"_jetpack_newsletter_tier_id":0,"_jetpack_memberships_contains_paywalled_content":false,"_jetpack_memberships_contains_paid_content":false,"footnotes":""},"categories":[39,25],"tags":[9874,2159,3589,16495,2392],"class_list":["post-99889","post","type-post","status-publish","format-standard","has-post-thumbnail","hentry","category-economia","category-portada","tag-bono-navideno","tag-eddy-olivares","tag-ministro-de-trabajo","tag-portuarios","tag-transparente"],"jetpack_featured_media_url":"https:\/\/lasprimeras.com.do\/wp-content\/uploads\/2025\/05\/Eddy-Olivares-1-1.jpg","jetpack-related-posts":[{"id":92089,"url":"https:\/\/lasprimeras.com.do\/index.php\/2024\/12\/27\/apordom-entregara-bonos-navidenos-a-mas-de-30-mil-trabajadores-portuarios-de-rd\/","url_meta":{"origin":99889,"position":0},"title":"APORDOM entregar\u00e1 bonos navide\u00f1os a m\u00e1s de 30 mil trabajadores portuarios de RD","author":"Nelson Feliz","date":"27 de diciembre de 2024","format":false,"excerpt":"La Autoridad Portuaria Dominicana (APORDOM), iniciar\u00e1 a partir de este s\u00e1bado 28 de diciembre el pago de un bono navide\u00f1o a m\u00e1s de 30 mil trabajadores de este sector, afiliados a unos 150 sindicatos, como gratificaci\u00f3n por la labor rendida en los muelles del pa\u00eds. A trav\u00e9s de Banreservas, mediante\u2026","rel":"","context":"En \u00abECONOM\u00cdA\u00bb","block_context":{"text":"ECONOM\u00cdA","link":"https:\/\/lasprimeras.com.do\/index.php\/category\/economia\/"},"img":{"alt_text":"","src":"https:\/\/i0.wp.com\/lasprimeras.com.do\/wp-content\/uploads\/2024\/12\/Jean-Luis-Rodriguez-2.jpg?resize=350%2C200&ssl=1","width":350,"height":200,"srcset":"https:\/\/i0.wp.com\/lasprimeras.com.do\/wp-content\/uploads\/2024\/12\/Jean-Luis-Rodriguez-2.jpg?resize=350%2C200&ssl=1 1x, https:\/\/i0.wp.com\/lasprimeras.com.do\/wp-content\/uploads\/2024\/12\/Jean-Luis-Rodriguez-2.jpg?resize=525%2C300&ssl=1 1.5x, https:\/\/i0.wp.com\/lasprimeras.com.do\/wp-content\/uploads\/2024\/12\/Jean-Luis-Rodriguez-2.jpg?resize=700%2C400&ssl=1 2x"},"classes":[]},{"id":102068,"url":"https:\/\/lasprimeras.com.do\/index.php\/2025\/06\/30\/olivares-13-tiendas-de-la-duarte-violan-articulos-del-codigo-de-trabajo-y-regla-del-80-20\/","url_meta":{"origin":99889,"position":1},"title":"Olivares: 13 tiendas de la Duarte violan art\u00edculos del C\u00f3digo de Trabajo y regla del 80\/20","author":"Nelson Feliz","date":"30 de junio de 2025","format":false,"excerpt":"El ministro de Trabajo, Eddy Olivares Ortega, afirma que los operativos de inspecci\u00f3n de trabajo se incrementar\u00e1n en todo el territorio para garantizar el cumplimiento de las normas laborales. El ministro de Trabajo, Eddy Olivares Ortega, afirm\u00f3 que en un reciente operativo de la Direcci\u00f3n de Inspecci\u00f3n de la instituci\u00f3n,\u2026","rel":"","context":"En \u00abECONOM\u00cdA\u00bb","block_context":{"text":"ECONOM\u00cdA","link":"https:\/\/lasprimeras.com.do\/index.php\/category\/economia\/"},"img":{"alt_text":"Eddy Olivares","src":"https:\/\/i0.wp.com\/lasprimeras.com.do\/wp-content\/uploads\/2024\/06\/Eddy-Olivares.jpg?resize=350%2C200&ssl=1","width":350,"height":200,"srcset":"https:\/\/i0.wp.com\/lasprimeras.com.do\/wp-content\/uploads\/2024\/06\/Eddy-Olivares.jpg?resize=350%2C200&ssl=1 1x, https:\/\/i0.wp.com\/lasprimeras.com.do\/wp-content\/uploads\/2024\/06\/Eddy-Olivares.jpg?resize=525%2C300&ssl=1 1.5x"},"classes":[]},{"id":72225,"url":"https:\/\/lasprimeras.com.do\/index.php\/2023\/12\/27\/inician-entrega-bonos-navidenos-a-37-mil-trabajadores-portuarios-rd\/","url_meta":{"origin":99889,"position":2},"title":"Inician entrega bonos navide\u00f1os a 37 mil trabajadores portuarios RD","author":"BIMARY DE JES\u00daS Matos","date":"27 de diciembre de 2023","format":false,"excerpt":"SANTO DOMINGO.- La Autoridad Portuaria Dominicana (APORDOM) inici\u00f3 este mi\u00e9rcoles la entrega del bono navide\u00f1o a 37 mil trabajadores afiliados a 150 sindicatos. Jean Luis Rodr\u00edguez, director de APORDOM, dijo que con esto la instituci\u00f3n da cumplimento a la ley 199-02 sobre dicho pago a favor de los trabajadores portuarios\u2026","rel":"","context":"En \u00abNACIONALES\u00bb","block_context":{"text":"NACIONALES","link":"https:\/\/lasprimeras.com.do\/index.php\/category\/nacionales\/"},"img":{"alt_text":"","src":"https:\/\/i0.wp.com\/lasprimeras.com.do\/wp-content\/uploads\/2023\/12\/El-texto-del-parrafo-1.jpg?resize=350%2C200&ssl=1","width":350,"height":200,"srcset":"https:\/\/i0.wp.com\/lasprimeras.com.do\/wp-content\/uploads\/2023\/12\/El-texto-del-parrafo-1.jpg?resize=350%2C200&ssl=1 1x, https:\/\/i0.wp.com\/lasprimeras.com.do\/wp-content\/uploads\/2023\/12\/El-texto-del-parrafo-1.jpg?resize=525%2C300&ssl=1 1.5x"},"classes":[]},{"id":93283,"url":"https:\/\/lasprimeras.com.do\/index.php\/2025\/02\/05\/ministro-de-la-presidencia-juramenta-a-eddy-olivares-como-ministro-de-trabajo\/","url_meta":{"origin":99889,"position":3},"title":"Ministro de la Presidencia juramenta a Eddy Olivares como Ministro de Trabajo","author":"Nelson Feliz","date":"5 de febrero de 2025","format":false,"excerpt":"Eddy Olivares agradeci\u00f3 al presidente Luis Abinader la confianza depositada para continuar las grandes conquistas alcanzadas durante la gesti\u00f3n de Luis Miguel De Camps. El licenciado Eddy Olivares Ortega tom\u00f3 posesi\u00f3n este lunes como ministro de Trabajo, tras ser juramentado por el ministro de la Presidencia, Jos\u00e9 Ignacio Paliza. En\u2026","rel":"","context":"En \u00abNACIONALES\u00bb","block_context":{"text":"NACIONALES","link":"https:\/\/lasprimeras.com.do\/index.php\/category\/nacionales\/"},"img":{"alt_text":"","src":"https:\/\/i0.wp.com\/lasprimeras.com.do\/wp-content\/uploads\/2025\/02\/Eddy-Olivares-1.jpg?resize=350%2C200&ssl=1","width":350,"height":200,"srcset":"https:\/\/i0.wp.com\/lasprimeras.com.do\/wp-content\/uploads\/2025\/02\/Eddy-Olivares-1.jpg?resize=350%2C200&ssl=1 1x, https:\/\/i0.wp.com\/lasprimeras.com.do\/wp-content\/uploads\/2025\/02\/Eddy-Olivares-1.jpg?resize=525%2C300&ssl=1 1.5x, https:\/\/i0.wp.com\/lasprimeras.com.do\/wp-content\/uploads\/2025\/02\/Eddy-Olivares-1.jpg?resize=700%2C400&ssl=1 2x"},"classes":[]},{"id":91799,"url":"https:\/\/lasprimeras.com.do\/index.php\/2024\/12\/01\/pld-advierte-sobre-la-pobre-efectividad-y-falta-de-transparencia-del-bono-navideno\/","url_meta":{"origin":99889,"position":4},"title":"PLD advierte sobre la pobre efectividad y falta de transparencia del bono navide\u00f1o","author":"Nelson Feliz","date":"1 de diciembre de 2024","format":false,"excerpt":"El Partido de la Liberaci\u00f3n Dominicana (PLD), denunci\u00f3 este domingo que dirigentes de esa organizaci\u00f3n aparecieron incluidos como beneficiarios del bono navide\u00f1o que promueve el Gobierno, con lo que se demuestra la pobre efectividad y transparencia de este tipo de ayudas sociales. Antes de que fuera sacada del sistema la\u2026","rel":"","context":"En \u00abPOLITICA\u00bb","block_context":{"text":"POLITICA","link":"https:\/\/lasprimeras.com.do\/index.php\/category\/politica\/"},"img":{"alt_text":"Zoraima Cuello","src":"https:\/\/i0.wp.com\/lasprimeras.com.do\/wp-content\/uploads\/2024\/12\/Zoraima-Cuello.png?resize=350%2C200&ssl=1","width":350,"height":200,"srcset":"https:\/\/i0.wp.com\/lasprimeras.com.do\/wp-content\/uploads\/2024\/12\/Zoraima-Cuello.png?resize=350%2C200&ssl=1 1x, https:\/\/i0.wp.com\/lasprimeras.com.do\/wp-content\/uploads\/2024\/12\/Zoraima-Cuello.png?resize=525%2C300&ssl=1 1.5x, https:\/\/i0.wp.com\/lasprimeras.com.do\/wp-content\/uploads\/2024\/12\/Zoraima-Cuello.png?resize=700%2C400&ssl=1 2x"},"classes":[]},{"id":119226,"url":"https:\/\/lasprimeras.com.do\/index.php\/2026\/01\/08\/fallecio-este-jueves-el-viceministro-de-trabajo-demetrio-paulino\/","url_meta":{"origin":99889,"position":5},"title":"Falleci\u00f3 este jueves el viceministro de Trabajo Demetrio Paulino","author":"Nelson Feliz","date":"8 de enero de 2026","format":false,"excerpt":"La informaci\u00f3n fue ofrecida por el ministro Eddy Olivares. Falleci\u00f3 este jueves el viceministro de Mediaci\u00f3n del Ministerio de Trabajo, Demetrio Paulino, de acuerdo a lo informado por el titular de esa entidad, Eddy Olivares. A trav\u00e9s de sus redes sociales, Olivares lament\u00f3 el fallecimiento del funcionario, de quien destac\u00f3\u2026","rel":"","context":"En \u00abNACIONALES\u00bb","block_context":{"text":"NACIONALES","link":"https:\/\/lasprimeras.com.do\/index.php\/category\/nacionales\/"},"img":{"alt_text":"Demetrio Paulino","src":"https:\/\/i0.wp.com\/lasprimeras.com.do\/wp-content\/uploads\/2026\/01\/Demetrio-Paulino.jpg?resize=350%2C200&ssl=1","width":350,"height":200,"srcset":"https:\/\/i0.wp.com\/lasprimeras.com.do\/wp-content\/uploads\/2026\/01\/Demetrio-Paulino.jpg?resize=350%2C200&ssl=1 1x, https:\/\/i0.wp.com\/lasprimeras.com.do\/wp-content\/uploads\/2026\/01\/Demetrio-Paulino.jpg?resize=525%2C300&ssl=1 1.5x, https:\/\/i0.wp.com\/lasprimeras.com.do\/wp-content\/uploads\/2026\/01\/Demetrio-Paulino.jpg?resize=700%2C400&ssl=1 2x"},"classes":[]}],"jetpack_sharing_enabled":true,"_links":{"self":[{"href":"https:\/\/lasprimeras.com.do\/index.php\/wp-json\/wp\/v2\/posts\/99889","targetHints":{"allow":["GET"]}}],"collection":[{"href":"https:\/\/lasprimeras.com.do\/index.php\/wp-json\/wp\/v2\/posts"}],"about":[{"href":"https:\/\/lasprimeras.com.do\/index.php\/wp-json\/wp\/v2\/types\/post"}],"author":[{"embeddable":true,"href":"https:\/\/lasprimeras.com.do\/index.php\/wp-json\/wp\/v2\/users\/10"}],"replies":[{"embeddable":true,"href":"https:\/\/lasprimeras.com.do\/index.php\/wp-json\/wp\/v2\/comments?post=99889"}],"version-history":[{"count":1,"href":"https:\/\/lasprimeras.com.do\/index.php\/wp-json\/wp\/v2\/posts\/99889\/revisions"}],"predecessor-version":[{"id":99892,"href":"https:\/\/lasprimeras.com.do\/index.php\/wp-json\/wp\/v2\/posts\/99889\/revisions\/99892"}],"wp:featuredmedia":[{"embeddable":true,"href":"https:\/\/lasprimeras.com.do\/index.php\/wp-json\/wp\/v2\/media\/99890"}],"wp:attachment":[{"href":"https:\/\/lasprimeras.com.do\/index.php\/wp-json\/wp\/v2\/media?parent=99889"}],"wp:term":[{"taxonomy":"category","embeddable":true,"href":"https:\/\/lasprimeras.com.do\/index.php\/wp-json\/wp\/v2\/categories?post=99889"},{"taxonomy":"post_tag","embeddable":true,"href":"https:\/\/lasprimeras.com.do\/index.php\/wp-json\/wp\/v2\/tags?post=99889"}],"curies":[{"name":"wp","href":"https:\/\/api.w.org\/{rel}","templated":true}]}}