{"id":99912,"date":"2025-05-28T23:39:59","date_gmt":"2025-05-29T03:39:59","guid":{"rendered":"https:\/\/lasprimeras.com.do\/?p=99912"},"modified":"2025-05-28T23:40:46","modified_gmt":"2025-05-29T03:40:46","slug":"roberto-angel-organiza-estructura-de-las-icc-como-motivo-y-estimulacion-de-la-industria","status":"publish","type":"post","link":"https:\/\/lasprimeras.com.do\/index.php\/2025\/05\/28\/roberto-angel-organiza-estructura-de-las-icc-como-motivo-y-estimulacion-de-la-industria\/","title":{"rendered":"Roberto \u00c1ngel organiza estructura de las \u201cICC\u201d como motivo y estimulaci\u00f3n de la industria"},"content":{"rendered":"\n<p>El ministro de Cultura, Roberto \u00c1ngel Salcedo (Robertico), anunci\u00f3 este mi\u00e9rcoles que organiza la estructura de las Industrias Cultural y Creativa (ICC) para estimular y oriental el sector.<\/p>\n\n\n\n<p>\u201cNosotros estamos trabajando para organizar la estructura cultural en la Rep\u00fablica Dominicana\u201d, inform\u00f3 el ministro.<\/p>\n\n\n\n<p>\u201cSe trata de preservar el patrimonio material e inmaterial del pa\u00eds\u201c, indic\u00f3 Salcedo al ser entrevistado en el Matutino Su Mundo.<\/p>\n\n\n\n<p>El ministro revel\u00f3 que el Gobierno coloc\u00f3 500 millones de pesos en Promipyme para financiar las iniciativas del sector creativo y la industria cultural del pa\u00eds a una baja tasa y un per\u00edodo de gracia.<\/p>\n\n\n\n<p>\u201cNosotros acabamos de colocar como una prueba, y es el primer producto financiero del gobierno del presidente Abinader en beneficio de la industria cultural y creativa, 500 millones de pesos en Promipyme\u201d, anunci\u00f3 Robertico al aseverar que se trata de un primer ciclo de pr\u00e9stamos.<\/p>\n\n\n\n<p>Explic\u00f3 que los 500 millones abarcan a toda la sociedad cultural y creativa de la Rep\u00fablica Dominicana. \u201cDesde fotograf\u00eda, M\u00fasica, Artes visuales, literatura, gastronom\u00eda, en fin\u201d.<\/p>\n\n\n\n<p>Detall\u00f3 que para el mismo se pueden acceder hasta ocho millones de pesos con tasa del 1% mensual y una gracia de 90 d\u00edas para el primer pago.<\/p>\n\n\n\n<p>Precis\u00f3 que los 500 millones colocados en Promipyme se trata de un primer ciclo de pr\u00e9stamos.<\/p>\n\n\n\n<p><strong>La artesan\u00eda dominicana<\/strong><\/p>\n\n\n\n<p>En lo referente a la artesan\u00eda local, el ministro de Cultura lament\u00f3 que por falta de organizaci\u00f3n los turistas consuman productos extranjeros.<\/p>\n\n\n\n<p>\u201cNo es posible que por falta de organizaci\u00f3n lastimosamente los visitantes este comprando artesan\u00eda importada\u201d, manifest\u00f3 Salcedo al precisar que dicha pr\u00e1ctica va en detrimento de los artesanos locales.<\/p>\n\n\n\n<p>Asever\u00f3 que la intenci\u00f3n es priorizar la artesan\u00eda dominicana y que cuando vengan los turista se lleven un objeto con un valor cultural de la Rep\u00fablica Dominicana.<\/p>\n","protected":false},"excerpt":{"rendered":"<p>El ministro de Cultura, Roberto \u00c1ngel Salcedo (Robertico), anunci\u00f3 este mi\u00e9rcoles que organiza la estructura de las Industrias Cultural y Creativa (ICC) para estimular y oriental el sector. \u201cNosotros estamos&hellip;<\/p>\n","protected":false},"author":2,"featured_media":99913,"comment_status":"open","ping_status":"open","sticky":false,"template":"","format":"standard","meta":{"content-type":"","jetpack_post_was_ever_published":false,"_jetpack_newsletter_access":"","_jetpack_dont_email_post_to_subs":false,"_jetpack_newsletter_tier_id":0,"_jetpack_memberships_contains_paywalled_content":false,"_jetpack_memberships_contains_paid_content":false,"footnotes":""},"categories":[84,25],"tags":[20058,926,1226,646],"class_list":["post-99912","post","type-post","status-publish","format-standard","has-post-thumbnail","hentry","category-entretenimiento","category-portada","tag-estimulacion","tag-industria","tag-republica-dominicana","tag-roberto-angel-salcedo"],"jetpack_featured_media_url":"https:\/\/lasprimeras.com.do\/wp-content\/uploads\/2025\/05\/Roberto-Angel-Salcedo.jpg","jetpack-related-posts":[{"id":117563,"url":"https:\/\/lasprimeras.com.do\/index.php\/2025\/12\/11\/roberto-angel-asume-la-presidencia-pro-tempore-de-la-cecc-sica\/","url_meta":{"origin":99912,"position":0},"title":"Roberto \u00c1ngel asume la presidencia \u2018pro tempore\u2019 de la CECC-SICA","author":"Nelson Feliz","date":"11 de diciembre de 2025","format":false,"excerpt":"Salcedo expone prioridades culturales del pa\u00eds en reuni\u00f3n regional de dicho organismo Ciudad de Panam\u00e1.- El ministro de Cultura, Roberto \u00c1ngel Salcedo, destac\u00f3 en Panam\u00e1 los principales compromisos y prioridades del pa\u00eds en materia cultural durante la Quincuag\u00e9sima Reuni\u00f3n Ordinaria del Consejo de Ministras y Ministros de Educaci\u00f3n y de\u2026","rel":"","context":"En \u00abENTRETENIMIENTO\u00bb","block_context":{"text":"ENTRETENIMIENTO","link":"https:\/\/lasprimeras.com.do\/index.php\/category\/entretenimiento\/"},"img":{"alt_text":"","src":"https:\/\/i0.wp.com\/lasprimeras.com.do\/wp-content\/uploads\/2025\/12\/Roberto-Angel.jpg?resize=350%2C200&ssl=1","width":350,"height":200,"srcset":"https:\/\/i0.wp.com\/lasprimeras.com.do\/wp-content\/uploads\/2025\/12\/Roberto-Angel.jpg?resize=350%2C200&ssl=1 1x, https:\/\/i0.wp.com\/lasprimeras.com.do\/wp-content\/uploads\/2025\/12\/Roberto-Angel.jpg?resize=525%2C300&ssl=1 1.5x, https:\/\/i0.wp.com\/lasprimeras.com.do\/wp-content\/uploads\/2025\/12\/Roberto-Angel.jpg?resize=700%2C400&ssl=1 2x"},"classes":[]},{"id":62344,"url":"https:\/\/lasprimeras.com.do\/index.php\/2023\/10\/04\/roberto-angel-salcedo-y-miembros-de-adopae-tratan-sobre-temas-culturales\/","url_meta":{"origin":99912,"position":1},"title":"Roberto \u00c1ngel Salcedo y miembros de Adopae tratan sobre temas culturales","author":"BIMARY DE JES\u00daS Matos","date":"4 de octubre de 2023","format":false,"excerpt":"Santo Domingo.-Representantes de la Academia Dominicana de Arte y Espect\u00e1culos (ADOPAE) se reunieron con el director de la Direcci\u00f3n General de Proyectos Estrat\u00e9gicos y Especiales de la Presidencia de la Rep\u00fablica, Roberto \u00c1ngel Salcedo. El objetivo principal del encuentro fue conocer en detalle el programa cultural que est\u00e1 desarrollando esta\u2026","rel":"","context":"En \u00abENTRETENIMIENTO\u00bb","block_context":{"text":"ENTRETENIMIENTO","link":"https:\/\/lasprimeras.com.do\/index.php\/category\/entretenimiento\/"},"img":{"alt_text":"","src":"https:\/\/i0.wp.com\/lasprimeras.com.do\/wp-content\/uploads\/2023\/10\/WhatsApp-Image-2023-10-04-at-7.55.08-AM-1.jpeg?resize=350%2C200&ssl=1","width":350,"height":200,"srcset":"https:\/\/i0.wp.com\/lasprimeras.com.do\/wp-content\/uploads\/2023\/10\/WhatsApp-Image-2023-10-04-at-7.55.08-AM-1.jpeg?resize=350%2C200&ssl=1 1x, https:\/\/i0.wp.com\/lasprimeras.com.do\/wp-content\/uploads\/2023\/10\/WhatsApp-Image-2023-10-04-at-7.55.08-AM-1.jpeg?resize=525%2C300&ssl=1 1.5x, https:\/\/i0.wp.com\/lasprimeras.com.do\/wp-content\/uploads\/2023\/10\/WhatsApp-Image-2023-10-04-at-7.55.08-AM-1.jpeg?resize=700%2C400&ssl=1 2x"},"classes":[]},{"id":62494,"url":"https:\/\/lasprimeras.com.do\/index.php\/2023\/10\/05\/roberto-angel-salcedo-se-reune-con-representantes-de-adopae\/","url_meta":{"origin":99912,"position":2},"title":"Roberto \u00c1ngel Salcedo se re\u00fane con representantes de ADOPAE","author":"Nelson Feliz","date":"5 de octubre de 2023","format":false,"excerpt":"En una muestra de colaboraci\u00f3n y apoyo mutuo, representantes de la Academia Dominicana de Arte y Espect\u00e1culos (ADOPAE) se reunieron con el director de la Direcci\u00f3n General de Proyectos Estrat\u00e9gicos y Especiales de la Presidencia de la Rep\u00fablica, Roberto \u00c1ngel Salcedo. El objetivo principal del encuentro fue conocer en detalle\u2026","rel":"","context":"En \u00abENTRETENIMIENTO\u00bb","block_context":{"text":"ENTRETENIMIENTO","link":"https:\/\/lasprimeras.com.do\/index.php\/category\/entretenimiento\/"},"img":{"alt_text":"De izquierda a derecha,Alfonso Quin\u00f1ones, Sarah Herna\u00ecndez, Severo Rivera, Roberto A\u00ecngel Salcedo, Fausto Polanco, Carmen Luz Beato Jorge Ramos y Yenny Polanco Lovera","src":"https:\/\/i0.wp.com\/lasprimeras.com.do\/wp-content\/uploads\/2023\/10\/De-izquierda-a-derechaAlfonso-Quinnones-Sarah-Hernaindez-Severo-Rivera-Roberto-Aingel-Salcedo-Fausto-Polanco-Carmen-Luz-Beato-Jorge-Ramos-y-Yenny-Polanco-Lovera-copia.jpg?resize=350%2C200&ssl=1","width":350,"height":200,"srcset":"https:\/\/i0.wp.com\/lasprimeras.com.do\/wp-content\/uploads\/2023\/10\/De-izquierda-a-derechaAlfonso-Quinnones-Sarah-Hernaindez-Severo-Rivera-Roberto-Aingel-Salcedo-Fausto-Polanco-Carmen-Luz-Beato-Jorge-Ramos-y-Yenny-Polanco-Lovera-copia.jpg?resize=350%2C200&ssl=1 1x, https:\/\/i0.wp.com\/lasprimeras.com.do\/wp-content\/uploads\/2023\/10\/De-izquierda-a-derechaAlfonso-Quinnones-Sarah-Hernaindez-Severo-Rivera-Roberto-Aingel-Salcedo-Fausto-Polanco-Carmen-Luz-Beato-Jorge-Ramos-y-Yenny-Polanco-Lovera-copia.jpg?resize=525%2C300&ssl=1 1.5x, https:\/\/i0.wp.com\/lasprimeras.com.do\/wp-content\/uploads\/2023\/10\/De-izquierda-a-derechaAlfonso-Quinnones-Sarah-Hernaindez-Severo-Rivera-Roberto-Aingel-Salcedo-Fausto-Polanco-Carmen-Luz-Beato-Jorge-Ramos-y-Yenny-Polanco-Lovera-copia.jpg?resize=700%2C400&ssl=1 2x"},"classes":[]},{"id":65818,"url":"https:\/\/lasprimeras.com.do\/index.php\/2023\/10\/31\/propeep-y-fedomu-reafirman-compromiso-con-desarrollo-sostenible-de-los-municipios\/","url_meta":{"origin":99912,"position":3},"title":"Propeep y Fedomu reafirman compromiso con desarrollo sostenible de los municipios","author":"Nelson Feliz","date":"31 de octubre de 2023","format":false,"excerpt":"Por Martin Restituyo La Direcci\u00f3n de Proyectos Estrat\u00e9gicos y Especiales de la Presidencia, junto a la Federaci\u00f3n Dominicana de Municipios (Fedomu), realiz\u00f3 este martes un foro por la celebraci\u00f3n del D\u00eda Mundial de las Ciudades, bajo el lema \"Ciudades creativas, territorios en desarrollo\", como forma de reafirmar el compromiso con\u2026","rel":"","context":"En \u00abNACIONALES\u00bb","block_context":{"text":"NACIONALES","link":"https:\/\/lasprimeras.com.do\/index.php\/category\/nacionales\/"},"img":{"alt_text":"Roberto \u00c1ngel Salcedo","src":"https:\/\/i0.wp.com\/lasprimeras.com.do\/wp-content\/uploads\/2023\/10\/Roberto-Angel-Salcedo-4-1.jpg?resize=350%2C200&ssl=1","width":350,"height":200,"srcset":"https:\/\/i0.wp.com\/lasprimeras.com.do\/wp-content\/uploads\/2023\/10\/Roberto-Angel-Salcedo-4-1.jpg?resize=350%2C200&ssl=1 1x, https:\/\/i0.wp.com\/lasprimeras.com.do\/wp-content\/uploads\/2023\/10\/Roberto-Angel-Salcedo-4-1.jpg?resize=525%2C300&ssl=1 1.5x"},"classes":[]},{"id":54500,"url":"https:\/\/lasprimeras.com.do\/index.php\/2023\/07\/11\/roberto-angel-y-kelvin-cruz-anuncian-postulacion-ante-la-unesco-de-la-vega-como-ciudad-creativa\/","url_meta":{"origin":99912,"position":4},"title":"Roberto \u00c1ngel y Kelvin Cruz anuncian postulaci\u00f3n ante la Unesco de La Vega como ciudad creativa","author":"Nelson Feliz","date":"11 de julio de 2023","format":false,"excerpt":"Por Martin Restituyo El director de Proyectos Especiales de la Presidencia, Roberto \u00c1ngel Salcedo y el alcalde de La Vega, Kelvin Cruz, anunciaron este martes la postulaci\u00f3n oficial de esta provincia ante la Unesco, para que sea incluida en la Red de Ciudades Creativas para este 2023, en la categor\u00eda\u2026","rel":"","context":"En \u00abNACIONALES\u00bb","block_context":{"text":"NACIONALES","link":"https:\/\/lasprimeras.com.do\/index.php\/category\/nacionales\/"},"img":{"alt_text":"Roberto Angel Salcedo","src":"https:\/\/i0.wp.com\/lasprimeras.com.do\/wp-content\/uploads\/2023\/07\/Roberto-Angel-Salcedo-1.jpg?resize=350%2C200&ssl=1","width":350,"height":200,"srcset":"https:\/\/i0.wp.com\/lasprimeras.com.do\/wp-content\/uploads\/2023\/07\/Roberto-Angel-Salcedo-1.jpg?resize=350%2C200&ssl=1 1x, https:\/\/i0.wp.com\/lasprimeras.com.do\/wp-content\/uploads\/2023\/07\/Roberto-Angel-Salcedo-1.jpg?resize=525%2C300&ssl=1 1.5x, https:\/\/i0.wp.com\/lasprimeras.com.do\/wp-content\/uploads\/2023\/07\/Roberto-Angel-Salcedo-1.jpg?resize=700%2C400&ssl=1 2x"},"classes":[]},{"id":111189,"url":"https:\/\/lasprimeras.com.do\/index.php\/2025\/10\/06\/roberto-angel-salcedo-destaca-proyeccion-internacional-de-escritores-dominicanos-y-reconoce-la-labor-de-marino-beriguete\/","url_meta":{"origin":99912,"position":5},"title":"Roberto \u00c1ngel Salcedo destaca proyecci\u00f3n internacional de escritores dominicanos y reconoce la labor de Marino Berig\u00fcete","author":"Nelson Feliz","date":"6 de octubre de 2025","format":false,"excerpt":"En el marco de la XXVII Feria Internacional del Libro Santo Domingo 2025 (FILSD), el ministro de Cultura, Roberto \u00c1ngel Salcedo, resalt\u00f3 el creciente inter\u00e9s de editoriales extranjeras en la literatura dominicana y reconoci\u00f3 al escritor y poeta Marino Berig\u00fcete como ejemplo de ese avance. \u201cHoy tenemos editoras internacionales que\u2026","rel":"","context":"En \u00abENTRETENIMIENTO\u00bb","block_context":{"text":"ENTRETENIMIENTO","link":"https:\/\/lasprimeras.com.do\/index.php\/category\/entretenimiento\/"},"img":{"alt_text":"","src":"https:\/\/i0.wp.com\/lasprimeras.com.do\/wp-content\/uploads\/2025\/10\/Roberto-Angel-Salcedo-1.jpg?resize=350%2C200&ssl=1","width":350,"height":200,"srcset":"https:\/\/i0.wp.com\/lasprimeras.com.do\/wp-content\/uploads\/2025\/10\/Roberto-Angel-Salcedo-1.jpg?resize=350%2C200&ssl=1 1x, https:\/\/i0.wp.com\/lasprimeras.com.do\/wp-content\/uploads\/2025\/10\/Roberto-Angel-Salcedo-1.jpg?resize=525%2C300&ssl=1 1.5x, https:\/\/i0.wp.com\/lasprimeras.com.do\/wp-content\/uploads\/2025\/10\/Roberto-Angel-Salcedo-1.jpg?resize=700%2C400&ssl=1 2x"},"classes":[]}],"jetpack_sharing_enabled":true,"_links":{"self":[{"href":"https:\/\/lasprimeras.com.do\/index.php\/wp-json\/wp\/v2\/posts\/99912","targetHints":{"allow":["GET"]}}],"collection":[{"href":"https:\/\/lasprimeras.com.do\/index.php\/wp-json\/wp\/v2\/posts"}],"about":[{"href":"https:\/\/lasprimeras.com.do\/index.php\/wp-json\/wp\/v2\/types\/post"}],"author":[{"embeddable":true,"href":"https:\/\/lasprimeras.com.do\/index.php\/wp-json\/wp\/v2\/users\/2"}],"replies":[{"embeddable":true,"href":"https:\/\/lasprimeras.com.do\/index.php\/wp-json\/wp\/v2\/comments?post=99912"}],"version-history":[{"count":1,"href":"https:\/\/lasprimeras.com.do\/index.php\/wp-json\/wp\/v2\/posts\/99912\/revisions"}],"predecessor-version":[{"id":99914,"href":"https:\/\/lasprimeras.com.do\/index.php\/wp-json\/wp\/v2\/posts\/99912\/revisions\/99914"}],"wp:featuredmedia":[{"embeddable":true,"href":"https:\/\/lasprimeras.com.do\/index.php\/wp-json\/wp\/v2\/media\/99913"}],"wp:attachment":[{"href":"https:\/\/lasprimeras.com.do\/index.php\/wp-json\/wp\/v2\/media?parent=99912"}],"wp:term":[{"taxonomy":"category","embeddable":true,"href":"https:\/\/lasprimeras.com.do\/index.php\/wp-json\/wp\/v2\/categories?post=99912"},{"taxonomy":"post_tag","embeddable":true,"href":"https:\/\/lasprimeras.com.do\/index.php\/wp-json\/wp\/v2\/tags?post=99912"}],"curies":[{"name":"wp","href":"https:\/\/api.w.org\/{rel}","templated":true}]}}