{"id":99916,"date":"2025-05-28T23:49:02","date_gmt":"2025-05-29T03:49:02","guid":{"rendered":"https:\/\/lasprimeras.com.do\/?p=99916"},"modified":"2025-05-28T23:49:04","modified_gmt":"2025-05-29T03:49:04","slug":"junta-directiva-del-cdes-ratifica-llamado-a-elecciones-para-este-jueves","status":"publish","type":"post","link":"https:\/\/lasprimeras.com.do\/index.php\/2025\/05\/28\/junta-directiva-del-cdes-ratifica-llamado-a-elecciones-para-este-jueves\/","title":{"rendered":"Junta Directiva del CDES ratifica llamado a elecciones para este jueves"},"content":{"rendered":"\n<p>La Junta Directiva del Consejo para el Desarrollo Estrat\u00e9gico de Santiago (CDES) ratific\u00f3 la convocatoria a su XXVII Asamblea Ordinaria y Eleccionaria para este jueves 29 de mayo del 2025 a las 5:30 pm, en el Edificio Empresarial de Santiago.<\/p>\n\n\n\n<p>La Junta Directiva del CDES es el \u00fanico organismo facultado legalmente para convocar o tomar decisiones sobre el proceso, amparados en sus estatutos y marco legal.<\/p>\n\n\n\n<p>Actualmente han sido presentadas dos planchas para estas elecciones, una encabezada por Ricardo Fondeur y otra por Sandy Filpo.<\/p>\n\n\n\n<p>El organismo inform\u00f3 que est\u00e1n h\u00e1biles para votar miembros de 75 instituciones de Santiago que representan a m\u00e1s de 350 entidades vinculadas a universidades, empresas, juntas de vecinos, federaciones comunitarias, corporaciones, ONGs, ayuntamientos, centros de investigaci\u00f3n, institutos, fundaciones y \u00f3rganos gubernamentales.<\/p>\n\n\n\n<p>La convocatoria para la Asamblea Ordinaria y Eleccionaria del CDES fue aprobada por la mayor\u00eda de los miembros de la Junta Directiva, durante una reuni\u00f3n el 4 de abril del 2025 y ratificada en otro encuentro este 28 de mayo.<\/p>\n\n\n\n<p>\u201cLas elecciones del CDES no s\u00f3lo definen una directiva, sino la continuidad de la planificaci\u00f3n estrat\u00e9gica de Santiago, destacando que es un momento clave para renovar el compromiso con la ciudad y su visi\u00f3n de futuro\u201d, expres\u00f3 la Junta.<\/p>\n\n\n\n<p>La Junta Directiva del CDES est\u00e1 compuesta por representantes de 16 instituciones como son la Asociaci\u00f3n para el Desarrollo de Santiago, Pontificia Universidad Cat\u00f3lica Madre y Maestra, la Alcald\u00eda, la Gobernaci\u00f3n, la Oficina Senatorial, la Procuradur\u00eda Fiscal, de la C\u00e1mara de Comercio y Producci\u00f3n de Santiago, la Corporaci\u00f3n de Acueductos y Alcantarillado de Santiago y de la Corporaci\u00f3n de Zonas Francas de Santiago.<\/p>\n\n\n\n<p>Tambi\u00e9n por los miembros de la Asociaci\u00f3n de Industriales Regional Norte, Asociaci\u00f3n de Comerciantes Industriales de Santiago, Asociaci\u00f3n de Promotores y Constructores de Viviendas del Cibao, Fondo para el Desarrollo de Santiago, Asociaci\u00f3n para el Desarrollo Comunidad Unida de Cienfuegos, Asociaci\u00f3n de Empresas del Centro de Santiago, Colegio de Ingenieros, Arquitectos y Agrimensores (CODIA) y el expresidente de la instituci\u00f3n.<\/p>\n\n\n\n<p>La Junta espera una participaci\u00f3n masiva, civilizada y democr\u00e1tica y ha adoptado todos los preparativos para garantizar la seguridad, pulcritud y buen desenvolvimiento de dicho proceso.<\/p>\n\n\n\n<p>El Consejo para el Desarrollo Estrat\u00e9gico de Santiago, Inc. (CDES) es la principal entidad articuladora de la planificaci\u00f3n estrat\u00e9gica y del desarrollo integral de Santiago durante tres d\u00e9cadas que ha promovido los m\u00e1s relevantes proyectos urbanos, sociales, econ\u00f3micos y ambientales que hoy impactan de manera positiva a ciudadanos en la regi\u00f3n del Cibao.<\/p>\n","protected":false},"excerpt":{"rendered":"<p>La Junta Directiva del Consejo para el Desarrollo Estrat\u00e9gico de Santiago (CDES) ratific\u00f3 la convocatoria a su XXVII Asamblea Ordinaria y Eleccionaria para este jueves 29 de mayo del 2025&hellip;<\/p>\n","protected":false},"author":2,"featured_media":99917,"comment_status":"open","ping_status":"open","sticky":false,"template":"","format":"standard","meta":{"content-type":"","jetpack_post_was_ever_published":false,"_jetpack_newsletter_access":"","_jetpack_dont_email_post_to_subs":false,"_jetpack_newsletter_tier_id":0,"_jetpack_memberships_contains_paywalled_content":false,"_jetpack_memberships_contains_paid_content":false,"footnotes":""},"categories":[35,25],"tags":[20059,182,8489,9903,5589],"class_list":["post-99916","post","type-post","status-publish","format-standard","has-post-thumbnail","hentry","category-nacionales","category-portada","tag-cdes","tag-elecciones","tag-junta-directiva","tag-llamado","tag-ratifica"],"jetpack_featured_media_url":"https:\/\/lasprimeras.com.do\/wp-content\/uploads\/2025\/05\/ces.png","jetpack-related-posts":[{"id":99784,"url":"https:\/\/lasprimeras.com.do\/index.php\/2025\/05\/27\/consejo-para-el-desarrollo-estrategico-incrementara-acciones-en-favor-de-santiago-anuncio-ricardo-fondeur\/","url_meta":{"origin":99916,"position":0},"title":"Consejo para el Desarrollo Estrat\u00e9gico incrementar\u00e1 acciones en favor de Santiago anunci\u00f3 Ricardo Fondeur","author":"Nelson Feliz","date":"27 de mayo de 2025","format":false,"excerpt":"Fondeur dice que dicha entidad debe quedarse en buenas manos y llama a participar en las elecciones pautadas para el jueves 29 de mayo del 2025. El presidente del Consejo para el Desarrollo Estrat\u00e9gico de Santiago y candidato a la reelecci\u00f3n, Ricardo Fondeur, dijo que busca reelegirse en el cargo\u2026","rel":"","context":"En \u00abECONOM\u00cdA\u00bb","block_context":{"text":"ECONOM\u00cdA","link":"https:\/\/lasprimeras.com.do\/index.php\/category\/economia\/"},"img":{"alt_text":"Ricardo Fondeur","src":"https:\/\/i0.wp.com\/lasprimeras.com.do\/wp-content\/uploads\/2025\/05\/Ricardo-Fondeur-1.jpg?resize=350%2C200&ssl=1","width":350,"height":200,"srcset":"https:\/\/i0.wp.com\/lasprimeras.com.do\/wp-content\/uploads\/2025\/05\/Ricardo-Fondeur-1.jpg?resize=350%2C200&ssl=1 1x, https:\/\/i0.wp.com\/lasprimeras.com.do\/wp-content\/uploads\/2025\/05\/Ricardo-Fondeur-1.jpg?resize=525%2C300&ssl=1 1.5x, https:\/\/i0.wp.com\/lasprimeras.com.do\/wp-content\/uploads\/2025\/05\/Ricardo-Fondeur-1.jpg?resize=700%2C400&ssl=1 2x"},"classes":[]},{"id":99361,"url":"https:\/\/lasprimeras.com.do\/index.php\/2025\/05\/20\/ricardo-fondeur-presidira-el-consejo-para-el-desarrollo-estrategico-de-santiago\/","url_meta":{"origin":99916,"position":1},"title":"Ricardo Fondeur presidir\u00e1 el Consejo para el Desarrollo Estrat\u00e9gico de Santiago","author":"Nelson Feliz","date":"20 de mayo de 2025","format":false,"excerpt":"Elecciones ser\u00e1n el pr\u00f3ximo jueves 29 de mayo en Edificio Empresarial de Santiago. M\u00e1s de 50 instituciones apoyan Ricardo Fondeur para presidir el Consejo para el Desarrollo Estrat\u00e9gico de Santiago (CDES), cuyas elecciones ser\u00e1n celebradas el jueves 29 de mayo a las cinco de la tarde, en el Edificio Empresarial\u2026","rel":"","context":"En \u00abNACIONALES\u00bb","block_context":{"text":"NACIONALES","link":"https:\/\/lasprimeras.com.do\/index.php\/category\/nacionales\/"},"img":{"alt_text":"Ricardo Fondeur","src":"https:\/\/i0.wp.com\/lasprimeras.com.do\/wp-content\/uploads\/2025\/05\/Ricardo-Fondeur.jpg?resize=350%2C200&ssl=1","width":350,"height":200,"srcset":"https:\/\/i0.wp.com\/lasprimeras.com.do\/wp-content\/uploads\/2025\/05\/Ricardo-Fondeur.jpg?resize=350%2C200&ssl=1 1x, https:\/\/i0.wp.com\/lasprimeras.com.do\/wp-content\/uploads\/2025\/05\/Ricardo-Fondeur.jpg?resize=525%2C300&ssl=1 1.5x, https:\/\/i0.wp.com\/lasprimeras.com.do\/wp-content\/uploads\/2025\/05\/Ricardo-Fondeur.jpg?resize=700%2C400&ssl=1 2x"},"classes":[]},{"id":76641,"url":"https:\/\/lasprimeras.com.do\/index.php\/2024\/02\/13\/jce-presenta-el-proceso-electoral-manual-y-tecnico\/","url_meta":{"origin":99916,"position":2},"title":"JCE presenta el proceso electoral manual y t\u00e9cnico","author":"BIMARY DE JES\u00daS Matos","date":"13 de febrero de 2024","format":false,"excerpt":"Santiago. El presidente del Consejo para el Desarrollo Estrat\u00e9gico de Santiago (CDES), Ricardo Fondeur, dijo confiar en que durante las elecciones de este a\u00f1o aumente la cantidad porcentual de votantes con respecto a a\u00f1os anteriores. \u201cDe acuerdo con el monitoreo del Plan Estrat\u00e9gico de Santiago, en el a\u00f1o 2000 votaron\u2026","rel":"","context":"En \u00abSin categor\u00eda\u00bb","block_context":{"text":"Sin categor\u00eda","link":"https:\/\/lasprimeras.com.do\/index.php\/category\/sin-categoria\/"},"img":{"alt_text":"","src":"https:\/\/i0.wp.com\/lasprimeras.com.do\/wp-content\/uploads\/2024\/02\/Conoceran-esta-tarde-solicitud-de-cese-de-medida-de-coercion-a-Jean-Alain-Rodriguez-5.jpg?resize=350%2C200&ssl=1","width":350,"height":200,"srcset":"https:\/\/i0.wp.com\/lasprimeras.com.do\/wp-content\/uploads\/2024\/02\/Conoceran-esta-tarde-solicitud-de-cese-de-medida-de-coercion-a-Jean-Alain-Rodriguez-5.jpg?resize=350%2C200&ssl=1 1x, https:\/\/i0.wp.com\/lasprimeras.com.do\/wp-content\/uploads\/2024\/02\/Conoceran-esta-tarde-solicitud-de-cese-de-medida-de-coercion-a-Jean-Alain-Rodriguez-5.jpg?resize=525%2C300&ssl=1 1.5x"},"classes":[]},{"id":100112,"url":"https:\/\/lasprimeras.com.do\/index.php\/2025\/05\/30\/ricardo-fondeur-gana-elecciones-del-cdes-de-santiago\/","url_meta":{"origin":99916,"position":3},"title":"Ricardo Fondeur gana elecciones del CDES de Santiago","author":"Nelson Feliz","date":"30 de mayo de 2025","format":false,"excerpt":"Nueva Junta Directiva promete ejecutar acciones en favor del desarrollo econ\u00f3mico y social de Santiago. El empresario Ricardo Fondeur gan\u00f3 las elecciones a la presidencia del Consejo para el Desarrollo Estrat\u00e9gico de Santiago (CDES) para el per\u00edodo 2025-2027 con un 51.3 % de los votos, seg\u00fan revel\u00f3 la Comisi\u00f3n Electoral\u2026","rel":"","context":"En \u00abECONOM\u00cdA\u00bb","block_context":{"text":"ECONOM\u00cdA","link":"https:\/\/lasprimeras.com.do\/index.php\/category\/economia\/"},"img":{"alt_text":"","src":"https:\/\/i0.wp.com\/lasprimeras.com.do\/wp-content\/uploads\/2025\/06\/Ricardo-Fondeur-1.jpg?resize=350%2C200&ssl=1","width":350,"height":200,"srcset":"https:\/\/i0.wp.com\/lasprimeras.com.do\/wp-content\/uploads\/2025\/06\/Ricardo-Fondeur-1.jpg?resize=350%2C200&ssl=1 1x, https:\/\/i0.wp.com\/lasprimeras.com.do\/wp-content\/uploads\/2025\/06\/Ricardo-Fondeur-1.jpg?resize=525%2C300&ssl=1 1.5x, https:\/\/i0.wp.com\/lasprimeras.com.do\/wp-content\/uploads\/2025\/06\/Ricardo-Fondeur-1.jpg?resize=700%2C400&ssl=1 2x"},"classes":[]},{"id":107808,"url":"https:\/\/lasprimeras.com.do\/index.php\/2025\/08\/31\/junta-de-vecinos-del-ensanche-conani-presenta-nueva-directiva-y-demanda-soluciones-para-la-comunidad\/","url_meta":{"origin":99916,"position":4},"title":"Junta de Vecinos del Ensanche CONANI presenta nueva directiva y demanda soluciones para la comunidad","author":"Nelson Feliz","date":"31 de agosto de 2025","format":false,"excerpt":"La Junta de Vecinos del Ensanche CONANI - Santiago celebr\u00f3 una asamblea comunitaria en la que present\u00f3 su nueva directiva, encabezada por el presidente Eruben Guzm\u00e1n, quien asumi\u00f3 el compromiso de trabajar de manera participativa y en conjunto con todos los dirigentes elegidos para representar a la comunidad. Durante el\u2026","rel":"","context":"En \u00abNACIONALES\u00bb","block_context":{"text":"NACIONALES","link":"https:\/\/lasprimeras.com.do\/index.php\/category\/nacionales\/"},"img":{"alt_text":"","src":"https:\/\/i0.wp.com\/lasprimeras.com.do\/wp-content\/uploads\/2025\/08\/JUNTA.jpg?resize=350%2C200&ssl=1","width":350,"height":200,"srcset":"https:\/\/i0.wp.com\/lasprimeras.com.do\/wp-content\/uploads\/2025\/08\/JUNTA.jpg?resize=350%2C200&ssl=1 1x, https:\/\/i0.wp.com\/lasprimeras.com.do\/wp-content\/uploads\/2025\/08\/JUNTA.jpg?resize=525%2C300&ssl=1 1.5x, https:\/\/i0.wp.com\/lasprimeras.com.do\/wp-content\/uploads\/2025\/08\/JUNTA.jpg?resize=700%2C400&ssl=1 2x"},"classes":[]},{"id":120427,"url":"https:\/\/lasprimeras.com.do\/index.php\/2026\/01\/23\/tsa-ratifica-legitimidad-de-la-presidencia-del-dr-luis-pena-nunez-en-el-cmd\/","url_meta":{"origin":99916,"position":5},"title":"TSA ratifica legitimidad de la presidencia del Dr. Luis Pe\u00f1a N\u00fa\u00f1ez en el CMD","author":"Nelson Feliz","date":"23 de enero de 2026","format":false,"excerpt":"Luis Pe\u00f1a N\u00fa\u00f1ez","rel":"","context":"En \u00abJUSTICIA\u00bb","block_context":{"text":"JUSTICIA","link":"https:\/\/lasprimeras.com.do\/index.php\/category\/justicia\/"},"img":{"alt_text":"Luis Pe\u00f1a N\u00fa\u00f1ez","src":"https:\/\/i0.wp.com\/lasprimeras.com.do\/wp-content\/uploads\/2026\/01\/Luis-Pena-Nunez.jpg?resize=350%2C200&ssl=1","width":350,"height":200,"srcset":"https:\/\/i0.wp.com\/lasprimeras.com.do\/wp-content\/uploads\/2026\/01\/Luis-Pena-Nunez.jpg?resize=350%2C200&ssl=1 1x, https:\/\/i0.wp.com\/lasprimeras.com.do\/wp-content\/uploads\/2026\/01\/Luis-Pena-Nunez.jpg?resize=525%2C300&ssl=1 1.5x, https:\/\/i0.wp.com\/lasprimeras.com.do\/wp-content\/uploads\/2026\/01\/Luis-Pena-Nunez.jpg?resize=700%2C400&ssl=1 2x"},"classes":[]}],"jetpack_sharing_enabled":true,"_links":{"self":[{"href":"https:\/\/lasprimeras.com.do\/index.php\/wp-json\/wp\/v2\/posts\/99916","targetHints":{"allow":["GET"]}}],"collection":[{"href":"https:\/\/lasprimeras.com.do\/index.php\/wp-json\/wp\/v2\/posts"}],"about":[{"href":"https:\/\/lasprimeras.com.do\/index.php\/wp-json\/wp\/v2\/types\/post"}],"author":[{"embeddable":true,"href":"https:\/\/lasprimeras.com.do\/index.php\/wp-json\/wp\/v2\/users\/2"}],"replies":[{"embeddable":true,"href":"https:\/\/lasprimeras.com.do\/index.php\/wp-json\/wp\/v2\/comments?post=99916"}],"version-history":[{"count":1,"href":"https:\/\/lasprimeras.com.do\/index.php\/wp-json\/wp\/v2\/posts\/99916\/revisions"}],"predecessor-version":[{"id":99918,"href":"https:\/\/lasprimeras.com.do\/index.php\/wp-json\/wp\/v2\/posts\/99916\/revisions\/99918"}],"wp:featuredmedia":[{"embeddable":true,"href":"https:\/\/lasprimeras.com.do\/index.php\/wp-json\/wp\/v2\/media\/99917"}],"wp:attachment":[{"href":"https:\/\/lasprimeras.com.do\/index.php\/wp-json\/wp\/v2\/media?parent=99916"}],"wp:term":[{"taxonomy":"category","embeddable":true,"href":"https:\/\/lasprimeras.com.do\/index.php\/wp-json\/wp\/v2\/categories?post=99916"},{"taxonomy":"post_tag","embeddable":true,"href":"https:\/\/lasprimeras.com.do\/index.php\/wp-json\/wp\/v2\/tags?post=99916"}],"curies":[{"name":"wp","href":"https:\/\/api.w.org\/{rel}","templated":true}]}}