{"id":99923,"date":"2025-05-28T19:09:00","date_gmt":"2025-05-28T23:09:00","guid":{"rendered":"https:\/\/lasprimeras.com.do\/?p=99923"},"modified":"2025-05-29T13:05:23","modified_gmt":"2025-05-29T17:05:23","slug":"anuncian-reubicacion-de-tuberias-en-sdn-trabajos-limitaran-servicio-de-agua-potable","status":"publish","type":"post","link":"https:\/\/lasprimeras.com.do\/index.php\/2025\/05\/28\/anuncian-reubicacion-de-tuberias-en-sdn-trabajos-limitaran-servicio-de-agua-potable\/","title":{"rendered":"Anuncian reubicaci\u00f3n de tuber\u00edas en SDN; trabajos limitar\u00e1n servicio de agua potable"},"content":{"rendered":"\n<p><strong>La CAASD explic\u00f3 que estas acciones corresponden a las labores del paso a desnivel entre las avenidas Hermanas Mirabal con Charles de Gaulle.<\/strong><\/p>\n\n\n\n<p>La Corporaci\u00f3n del Acueducto y Alcantarillado de Santo Domingo informa que debido a las labores de reubicaci\u00f3n de dos tuber\u00edas, varios sectores del municipio Santo Domingo Norte recibir\u00e1n de manera parcial el servicio de agua potable desde este jueves hasta el domingo.<\/p>\n\n\n\n<p>A trav\u00e9s de una nota de prensa, la instituci\u00f3n explic\u00f3 que estas ejecutorias forman parte de los trabajos del paso a desnivel entre las avenidas Hermanas Mirabal con Charles de Gaulle, de esta demarcaci\u00f3n.<\/p>\n\n\n\n<p>En ese sentido, detall\u00f3 que dentro de los sectores que recibir\u00e1n el servicio de manera parcial est\u00e1n: Los Compadres, Barrio Nuevo, Villa Mella, Campechito, Nolasco, Gissel, Radiante, El Ed\u00e9n, Los Alcones, El Morro, Villa Laura y Los Restauradores.<\/p>\n\n\n\n<p>Asimismo, la entidad estatal precis\u00f3 que los trabajos ser\u00e1n realizados por la empresa constructora JM, en coordinaci\u00f3n con el ministerio de Obras P\u00fablicas y Comunicaciones (MOPC) y los t\u00e9cnicos de la CAASD.<\/p>\n\n\n\n<p>La Corporaci\u00f3n puntualiz\u00f3 que con la intervenci\u00f3n de estas tuber\u00edas se busca reducir las fugas de agua provocadas por aver\u00edas.<\/p>\n\n\n\n<p>La CAASD pidi\u00f3 comprensi\u00f3n a los usuarios del servicio por los inconvenientes causados.<\/p>\n","protected":false},"excerpt":{"rendered":"<p>La CAASD explic\u00f3 que estas acciones corresponden a las labores del paso a desnivel entre las avenidas Hermanas Mirabal con Charles de Gaulle. La Corporaci\u00f3n del Acueducto y Alcantarillado de&hellip;<\/p>\n","protected":false},"author":10,"featured_media":99986,"comment_status":"open","ping_status":"open","sticky":false,"template":"","format":"standard","meta":{"content-type":"","jetpack_post_was_ever_published":false,"_jetpack_newsletter_access":"","_jetpack_dont_email_post_to_subs":false,"_jetpack_newsletter_tier_id":0,"_jetpack_memberships_contains_paywalled_content":false,"_jetpack_memberships_contains_paid_content":false,"footnotes":""},"categories":[35,25],"tags":[696,697,20060,2092,452,3186],"class_list":["post-99923","post","type-post","status-publish","format-standard","has-post-thumbnail","hentry","category-nacionales","category-portada","tag-agua-potable","tag-caasd","tag-reubicacion-2","tag-sdn","tag-trabajos","tag-tuberias"],"jetpack_featured_media_url":"https:\/\/lasprimeras.com.do\/wp-content\/uploads\/2025\/05\/caasd-1-2.jpg","jetpack-related-posts":[{"id":89657,"url":"https:\/\/lasprimeras.com.do\/index.php\/2024\/10\/01\/anuncian-remocion-y-reubicacion-tuberias-interseccion-27-de-febrero-con-isabel-aguiar-que-limitara-servicio-de-agua-potable\/","url_meta":{"origin":99923,"position":0},"title":"Anuncian remoci\u00f3n y reubicaci\u00f3n tuber\u00edas intersecci\u00f3n 27 de Febrero con Isabel Aguiar que limitar\u00e1 servicio de agua potable","author":"Paola Castillo","date":"1 de octubre de 2024","format":false,"excerpt":"Santo Domingo. \u2013 La Corporaci\u00f3n del Acueducto y Alcantarillado de Santo Domingo (CAASD) realizar\u00e1 trabajos t\u00e9cnicos en la intersecci\u00f3n de las avenidas 27 de febrero (prolongaci\u00f3n) e Isabel Aguiar, municipio Santo Domingo Oeste que limitar\u00e1 el servicio de agua potable en algunos sectores de la referida demarcaci\u00f3n. Estas ejecutorias forman\u2026","rel":"","context":"En \u00abPORTADA\u00bb","block_context":{"text":"PORTADA","link":"https:\/\/lasprimeras.com.do\/index.php\/category\/portada\/"},"img":{"alt_text":"","src":"https:\/\/i0.wp.com\/lasprimeras.com.do\/wp-content\/uploads\/2024\/10\/Caasd1.jpeg?resize=350%2C200&ssl=1","width":350,"height":200,"srcset":"https:\/\/i0.wp.com\/lasprimeras.com.do\/wp-content\/uploads\/2024\/10\/Caasd1.jpeg?resize=350%2C200&ssl=1 1x, https:\/\/i0.wp.com\/lasprimeras.com.do\/wp-content\/uploads\/2024\/10\/Caasd1.jpeg?resize=525%2C300&ssl=1 1.5x, https:\/\/i0.wp.com\/lasprimeras.com.do\/wp-content\/uploads\/2024\/10\/Caasd1.jpeg?resize=700%2C400&ssl=1 2x, https:\/\/i0.wp.com\/lasprimeras.com.do\/wp-content\/uploads\/2024\/10\/Caasd1.jpeg?resize=1050%2C600&ssl=1 3x"},"classes":[]},{"id":108426,"url":"https:\/\/lasprimeras.com.do\/index.php\/2025\/09\/07\/caasd-repara-averia-en-tuberia-de-agua-potable-en-avenida-maximo-gomez-con-nicolas-de-ovando\/","url_meta":{"origin":99923,"position":1},"title":"CAASD repara aver\u00eda en tuber\u00eda de agua potable en avenida M\u00e1ximo G\u00f3mez con Nicol\u00e1s de Ovando","author":"Nelson Feliz","date":"7 de septiembre de 2025","format":false,"excerpt":"La Corporaci\u00f3n del Acueducto y Alcantarillado de Santo Domingo (CAASD) inform\u00f3 que fue solucionada una aver\u00eda en una tuber\u00eda de 16 pulgadas de la red de agua potable, ubicada en la intersecci\u00f3n de las avenidas M\u00e1ximo G\u00f3mez y Nicol\u00e1s de Ovando, en el Distrito Nacional. En un comunicado, la entidad\u2026","rel":"","context":"En \u00abNACIONALES\u00bb","block_context":{"text":"NACIONALES","link":"https:\/\/lasprimeras.com.do\/index.php\/category\/nacionales\/"},"img":{"alt_text":"","src":"https:\/\/i0.wp.com\/lasprimeras.com.do\/wp-content\/uploads\/2025\/09\/CAASD-1-1.jpg?resize=350%2C200&ssl=1","width":350,"height":200,"srcset":"https:\/\/i0.wp.com\/lasprimeras.com.do\/wp-content\/uploads\/2025\/09\/CAASD-1-1.jpg?resize=350%2C200&ssl=1 1x, https:\/\/i0.wp.com\/lasprimeras.com.do\/wp-content\/uploads\/2025\/09\/CAASD-1-1.jpg?resize=525%2C300&ssl=1 1.5x, https:\/\/i0.wp.com\/lasprimeras.com.do\/wp-content\/uploads\/2025\/09\/CAASD-1-1.jpg?resize=700%2C400&ssl=1 2x"},"classes":[]},{"id":120489,"url":"https:\/\/lasprimeras.com.do\/index.php\/2026\/01\/24\/caasd-anuncia-trabajos-de-empalme-de-tuberias-y-drenado-de-linea-en-la-avenida-gregorio-luperon\/","url_meta":{"origin":99923,"position":2},"title":"CAASD anuncia trabajos de empalme de tuber\u00edas y drenado de l\u00ednea en la avenida Gregorio Luper\u00f3n","author":"Nelson Feliz","date":"24 de enero de 2026","format":false,"excerpt":"Sectores afectados recibir\u00e1n asistencia continua a trav\u00e9s de flotilla de 40 camiones cisternas La Corporaci\u00f3n del Acueducto y Alcantarillado de Santo Domingo (CAASD), inform\u00f3 que durante este fin de semana se ejecutar\u00e1n trabajos de interconexi\u00f3n de tuber\u00edas de 16 y 36 pulgadas, las cuales fueron previamente reubicadas por interferir con\u2026","rel":"","context":"En \u00abNACIONALES\u00bb","block_context":{"text":"NACIONALES","link":"https:\/\/lasprimeras.com.do\/index.php\/category\/nacionales\/"},"img":{"alt_text":"","src":"https:\/\/i0.wp.com\/lasprimeras.com.do\/wp-content\/uploads\/2025\/10\/El-director-de-la-CAASD.jpg?resize=350%2C200&ssl=1","width":350,"height":200,"srcset":"https:\/\/i0.wp.com\/lasprimeras.com.do\/wp-content\/uploads\/2025\/10\/El-director-de-la-CAASD.jpg?resize=350%2C200&ssl=1 1x, https:\/\/i0.wp.com\/lasprimeras.com.do\/wp-content\/uploads\/2025\/10\/El-director-de-la-CAASD.jpg?resize=525%2C300&ssl=1 1.5x, https:\/\/i0.wp.com\/lasprimeras.com.do\/wp-content\/uploads\/2025\/10\/El-director-de-la-CAASD.jpg?resize=700%2C400&ssl=1 2x"},"classes":[]},{"id":122204,"url":"https:\/\/lasprimeras.com.do\/index.php\/2026\/02\/15\/fellito-subervi-recibe-trabajos-aportaran-mayor-presion-al-servicio-en-30-sectores-del-distrito-nacional\/","url_meta":{"origin":99923,"position":3},"title":"Fellito Suberv\u00ed recibe trabajos aportar\u00e1n mayor presi\u00f3n al servicio en 30 sectores del Distrito Nacional","author":"Nelson Feliz","date":"15 de febrero de 2026","format":false,"excerpt":"Fellito Subervi","rel":"","context":"En \u00abNACIONALES\u00bb","block_context":{"text":"NACIONALES","link":"https:\/\/lasprimeras.com.do\/index.php\/category\/nacionales\/"},"img":{"alt_text":"Fellito Subervi","src":"https:\/\/i0.wp.com\/lasprimeras.com.do\/wp-content\/uploads\/2026\/02\/Fellito-Subervi-2.jpg?resize=350%2C200&ssl=1","width":350,"height":200,"srcset":"https:\/\/i0.wp.com\/lasprimeras.com.do\/wp-content\/uploads\/2026\/02\/Fellito-Subervi-2.jpg?resize=350%2C200&ssl=1 1x, https:\/\/i0.wp.com\/lasprimeras.com.do\/wp-content\/uploads\/2026\/02\/Fellito-Subervi-2.jpg?resize=525%2C300&ssl=1 1.5x, https:\/\/i0.wp.com\/lasprimeras.com.do\/wp-content\/uploads\/2026\/02\/Fellito-Subervi-2.jpg?resize=700%2C400&ssl=1 2x"},"classes":[]},{"id":122122,"url":"https:\/\/lasprimeras.com.do\/index.php\/2026\/02\/13\/caos-vehicular-en-la-av-charles-de-gaulle-proximo-al-cruce-de-sabana-perdida\/","url_meta":{"origin":99923,"position":4},"title":"Caos vehicular en la Av. Charles de Gaulle pr\u00f3ximo \u00a0al\u00a0Cruce de Sabana Perdida","author":"Nelson Feliz","date":"13 de febrero de 2026","format":false,"excerpt":"Por Abdias Abimelec E. Este viernes el tr\u00e1nsito en el Gran Santo Domingo se ha tornado\u00a0ca\u00f3tico\u00a0durante las \u00faltimas horas, generando una situaci\u00f3n de desesperaci\u00f3n para miles de conductores. Los trabajos de infraestructura que actualmente ejecuta la\u00a0Corporaci\u00f3n del Acueducto y Alcantarillado de Santo Domingo (CAASD)\u00a0han provocado un enorme entaponamiento, afectando gravemente\u2026","rel":"","context":"En \u00abNACIONALES\u00bb","block_context":{"text":"NACIONALES","link":"https:\/\/lasprimeras.com.do\/index.php\/category\/nacionales\/"},"img":{"alt_text":"","src":"https:\/\/i0.wp.com\/lasprimeras.com.do\/wp-content\/uploads\/2026\/02\/transito-1.jpg?resize=350%2C200&ssl=1","width":350,"height":200,"srcset":"https:\/\/i0.wp.com\/lasprimeras.com.do\/wp-content\/uploads\/2026\/02\/transito-1.jpg?resize=350%2C200&ssl=1 1x, https:\/\/i0.wp.com\/lasprimeras.com.do\/wp-content\/uploads\/2026\/02\/transito-1.jpg?resize=525%2C300&ssl=1 1.5x, https:\/\/i0.wp.com\/lasprimeras.com.do\/wp-content\/uploads\/2026\/02\/transito-1.jpg?resize=700%2C400&ssl=1 2x"},"classes":[]},{"id":89848,"url":"https:\/\/lasprimeras.com.do\/index.php\/2024\/10\/06\/caasd-conectara-al-sistema-de-agua-potable-a-mas-de-500-familias-del-cafe-de-herrera\/","url_meta":{"origin":99923,"position":5},"title":"CAASD conectar\u00e1 al sistema de agua potable a m\u00e1s de 500 familias del Caf\u00e9 de Herrera","author":"Nelson Feliz","date":"6 de octubre de 2024","format":false,"excerpt":"Los trabajos se har\u00e1n desde la intersecci\u00f3n prolongaci\u00f3n 27 de febrero e Isabel Aguiar La Corporaci\u00f3n del Acueducto y Alcantarillado de Santo Domingo (CAASD) inform\u00f3 que abastecer\u00e1 de agua potable a unas 500 familias del Caf\u00e9 de Herrera, con la conexi\u00f3n de una tuber\u00eda de 8 pulgadas como parte de\u2026","rel":"","context":"En \u00abNACIONALES\u00bb","block_context":{"text":"NACIONALES","link":"https:\/\/lasprimeras.com.do\/index.php\/category\/nacionales\/"},"img":{"alt_text":"caasd","src":"https:\/\/i0.wp.com\/lasprimeras.com.do\/wp-content\/uploads\/2024\/10\/caasd-1.jpg?resize=350%2C200&ssl=1","width":350,"height":200,"srcset":"https:\/\/i0.wp.com\/lasprimeras.com.do\/wp-content\/uploads\/2024\/10\/caasd-1.jpg?resize=350%2C200&ssl=1 1x, https:\/\/i0.wp.com\/lasprimeras.com.do\/wp-content\/uploads\/2024\/10\/caasd-1.jpg?resize=525%2C300&ssl=1 1.5x, https:\/\/i0.wp.com\/lasprimeras.com.do\/wp-content\/uploads\/2024\/10\/caasd-1.jpg?resize=700%2C400&ssl=1 2x"},"classes":[]}],"jetpack_sharing_enabled":true,"_links":{"self":[{"href":"https:\/\/lasprimeras.com.do\/index.php\/wp-json\/wp\/v2\/posts\/99923","targetHints":{"allow":["GET"]}}],"collection":[{"href":"https:\/\/lasprimeras.com.do\/index.php\/wp-json\/wp\/v2\/posts"}],"about":[{"href":"https:\/\/lasprimeras.com.do\/index.php\/wp-json\/wp\/v2\/types\/post"}],"author":[{"embeddable":true,"href":"https:\/\/lasprimeras.com.do\/index.php\/wp-json\/wp\/v2\/users\/10"}],"replies":[{"embeddable":true,"href":"https:\/\/lasprimeras.com.do\/index.php\/wp-json\/wp\/v2\/comments?post=99923"}],"version-history":[{"count":1,"href":"https:\/\/lasprimeras.com.do\/index.php\/wp-json\/wp\/v2\/posts\/99923\/revisions"}],"predecessor-version":[{"id":99924,"href":"https:\/\/lasprimeras.com.do\/index.php\/wp-json\/wp\/v2\/posts\/99923\/revisions\/99924"}],"wp:featuredmedia":[{"embeddable":true,"href":"https:\/\/lasprimeras.com.do\/index.php\/wp-json\/wp\/v2\/media\/99986"}],"wp:attachment":[{"href":"https:\/\/lasprimeras.com.do\/index.php\/wp-json\/wp\/v2\/media?parent=99923"}],"wp:term":[{"taxonomy":"category","embeddable":true,"href":"https:\/\/lasprimeras.com.do\/index.php\/wp-json\/wp\/v2\/categories?post=99923"},{"taxonomy":"post_tag","embeddable":true,"href":"https:\/\/lasprimeras.com.do\/index.php\/wp-json\/wp\/v2\/tags?post=99923"}],"curies":[{"name":"wp","href":"https:\/\/api.w.org\/{rel}","templated":true}]}}